{"id":44189,"date":"2025-12-15T09:02:45","date_gmt":"2025-12-15T09:02:45","guid":{"rendered":"https:\/\/calatorinromania.com\/?p=44189"},"modified":"2025-12-15T09:02:46","modified_gmt":"2025-12-15T09:02:46","slug":"am-nascut-un-copil-dupa-20-de-ani-de-asteptare-si-tratamente-iar-cand-sotul-meu-l-a-vazut-a-intrebat","status":"publish","type":"post","link":"https:\/\/calatorinromania.com\/?p=44189","title":{"rendered":"\u201dAm n\u0103scut un copil dup\u0103 20 de ani de a\u0219teptare \u0219i tratamente \u2013 iar c\u00e2nd so\u021bul meu l-a v\u0103zut, a \u00eentrebat\u201d"},"content":{"rendered":"\n<p>Am n\u0103scut un copil dup\u0103 20 de ani de a\u0219teptare \u0219i tratamente \u2013 iar c\u00e2nd so\u021bul meu l-a v\u0103zut, a \u00eentrebat: \u201eE\u0219ti sigur\u0103 c\u0103 e al meu?\u201d<\/p>\n\n\n\n<p><\/p>\n\n\n\n<p>Eu \u0219i so\u021bul meu suntem \u00eempreun\u0103 de 21 de ani. Mult timp am \u00eencercat s\u0103 avem un copil, dar pur \u0219i simplu nu se \u00eent\u00e2mpla.<\/p>\n\n\n\n<p><\/p>\n\n\n\n<p>La un moment dat, am renun\u021bat complet s\u0103 mai sper. Dar c\u00e2nd am ajuns la 40 de ani, mi-am dat seama c\u0103 timpul nu mai era de partea mea.<\/p>\n\n\n\n<p><\/p>\n\n\n\n<p>A\u0219a c\u0103 am decis s\u0103 mai fac o ultim\u0103 \u00eencercare \u0219i am urmat din nou un tratament. \u0218i atunci, s-a \u00eent\u00e2mplat o minune \u2014 am r\u0103mas \u00eens\u0103rcinat\u0103.<\/p>\n\n\n\n<p><\/p>\n\n\n\n<p>So\u021bul meu era extrem de nervos. Era at\u00e2t de agitat, \u00eenc\u00e2t nu a putut fi cu mine \u00een sala de na\u0219teri. A spus c\u0103 \u00eei era team\u0103 c\u0103 vor ajunge s\u0103 aib\u0103 grij\u0103 de el \u00een loc s\u0103 aib\u0103 grij\u0103 de mine, dac\u0103 ar fi r\u0103mas.<\/p>\n\n\n\n<p>Am n\u0103scut un b\u0103ie\u021bel perfect s\u0103n\u0103tos. Dou\u0103 ore mai t\u00e2rziu, so\u021bul meu a intrat \u00een camer\u0103, s-a uitat la copil, apoi s-a apropiat de mine. \u0218i primul lucru pe care l-a spus a fost:<\/p>\n\n\n\n<p>\u2013 \u201eE\u0219ti sigur\u0103 c\u0103 \u0103sta e al meu?\u201d<\/p>\n\n\n\n<p>Am r\u0103mas f\u0103r\u0103 cuvinte.<\/p>\n\n\n\n<p>Omul acesta fusese cu mine la fiecare control, la fiecare vizit\u0103 la clinic\u0103. Cum putea m\u0103car s\u0103 se g\u00e2ndeasc\u0103 s\u0103 m\u0103 \u00eentrebe a\u0219a ceva? Cum putea s\u0103 b\u0103nuiasc\u0103 o tr\u0103dare din partea mea?<\/p>\n\n\n\n<p>\u2013 \u201eBine\u00een\u021beles c\u0103 e al t\u0103u! Am luptat \u00eempreun\u0103 pentru acest copil!\u201d \u2013 i-am r\u0103spuns t\u0103ios.<\/p>\n\n\n\n<p>\u0218i atunci a spus ceva ce m-a l\u0103sat complet f\u0103r\u0103 replic\u0103:<\/p>\n\n\n\n<p>\u2013 \u201eAm dovezi care spun altceva\u201d, a zis, ating\u00e2nd buzunarul de la piept.<\/p>\n\n\n\n<p>Pentru o clip\u0103, am sim\u021bit c\u0103 mi se rupe tot \u00een mine. A scos o h\u00e2rtie mototolit\u0103 din buzunar \u2014 p\u0103rea un document, poate o analiz\u0103? M\u00e2inile \u00eemi tremurau \u0219i privirea mi se \u00eence\u021bo\u0219a.<\/p>\n\n\n\n<p>\u2013 \u201eCe dovezi?\u201d \u2013 am reu\u0219it s\u0103 \u0219optesc.<\/p>\n\n\n\n<p>A z\u00e2mbit u\u0219or, dar \u00een col\u021bul gurii i se citea ceva ciudat\u2026 \u0219i atunci a desf\u0103cut foaia.<\/p>\n\n\n\n<p>Era o fotografie. Nu o analiz\u0103. O poz\u0103 cu el, \u021bin\u00e2nd \u00een m\u00e2n\u0103 un mic body pe care scria \u201eTat\u0103 din 2025\u201d \u2014 o poz\u0103 f\u0103cut\u0103 \u00een secret de cumnata mea cu dou\u0103 luni \u00een urm\u0103, c\u00e2nd el \u00ee\u0219i exersa reac\u021biile \u201epentru marea zi\u201d.<\/p>\n\n\n\n<p>\u2013 \u201eM-a topit g\u00e2ndul c\u0103, dup\u0103 at\u00e2\u021bia ani, voi avea un copil. Dar frica a fost mai mare dec\u00e2t mine. \u0218i-am zis prostii. Iart\u0103-m\u0103.\u201d<\/p>\n\n\n\n<p>Am \u00eenceput s\u0103 pl\u00e2ng \u2014 nu de furie, ci de u\u0219urare. Ne-am \u00eembr\u0103\u021bi\u0219at, \u0219i pentru prima oar\u0103 dup\u0103 mult timp, am sim\u021bit c\u0103 nu mai suntem doi oameni care lupt\u0103, ci o familie.<\/p>\n\n\n\n<p>B\u0103ie\u021belul nostru, Victor, a deschis ochii \u0219i a sc\u00e2ncit u\u0219or, ca \u0219i cum ar fi vrut s\u0103 ne spun\u0103 c\u0103 \u0219tie deja cine suntem. Iar noi? Noi suntem \u00een sf\u00e2r\u0219it ceea ce am visat s\u0103 fim dou\u0103 decenii: p\u0103rin\u021bi. \u0218i \u00eempreun\u0103, \u00eenv\u0103\u021b\u0103m s\u0103 iubim f\u0103r\u0103 fric\u0103.<\/p>\n\n\n\n<p>Dac\u0103 \u021bi-a pl\u0103cut povestea, nu uita s\u0103 o distribui cu prietenii t\u0103i! \u00cempreun\u0103 putem duce mai departe emo\u021bia \u0219i inspira\u021bia.<\/p>\n\n\n\n<p>\u201dAceast\u0103 poveste este inspirat\u0103 din evenimente \u0219i persoane reale, \u00eens\u0103 a fost fic\u021bionalizat\u0103 \u00een scopuri creative. Numele, personajele \u0219i detaliile au fost schimbate pentru a proteja intimitatea \u0219i pentru a \u00eembun\u0103t\u0103\u021bi nara\u021biunea. Orice asem\u0103nare cu persoane reale, sau cu evenimente reale este pur \u00eent\u00e2mpl\u0103toare \u0219i nu este inten\u021bionat\u0103 de c\u0103tre autor.<\/p>\n\n\n\n<p>Autorul \u0219i editorul nu \u00ee\u0219i asum\u0103 responsabilitatea pentru exactitatea evenimentelor sau pentru modul \u00een care sunt portretizate personajele \u0219i nu sunt r\u0103spunz\u0103tori pentru eventuale interpret\u0103ri gre\u0219ite. Aceast\u0103 poveste este oferit\u0103 \u201eca atare\u201d, iar orice opinii exprimate apar\u021bin personajelor \u0219i nu reflect\u0103 punctele de vedere ale autorului sau ale editorului.\u201d<\/p>\n","protected":false},"excerpt":{"rendered":"<p>Am n\u0103scut un copil dup\u0103 20 de ani de a\u0219teptare \u0219i tratamente \u2013 iar c\u00e2nd so\u021bul meu l-a v\u0103zut, a \u00eentrebat: \u201eE\u0219ti sigur\u0103 c\u0103 e<\/p>\n","protected":false},"author":1,"featured_media":43667,"comment_status":"closed","ping_status":"closed","sticky":false,"template":"","format":"standard","meta":[],"categories":[1],"tags":[],"_links":{"self":[{"href":"https:\/\/calatorinromania.com\/index.php?rest_route=\/wp\/v2\/posts\/44189"}],"collection":[{"href":"https:\/\/calatorinromania.com\/index.php?rest_route=\/wp\/v2\/posts"}],"about":[{"href":"https:\/\/calatorinromania.com\/index.php?rest_route=\/wp\/v2\/types\/post"}],"author":[{"embeddable":true,"href":"https:\/\/calatorinromania.com\/index.php?rest_route=\/wp\/v2\/users\/1"}],"replies":[{"embeddable":true,"href":"https:\/\/calatorinromania.com\/index.php?rest_route=%2Fwp%2Fv2%2Fcomments&post=44189"}],"version-history":[{"count":1,"href":"https:\/\/calatorinromania.com\/index.php?rest_route=\/wp\/v2\/posts\/44189\/revisions"}],"predecessor-version":[{"id":44190,"href":"https:\/\/calatorinromania.com\/index.php?rest_route=\/wp\/v2\/posts\/44189\/revisions\/44190"}],"wp:featuredmedia":[{"embeddable":true,"href":"https:\/\/calatorinromania.com\/index.php?rest_route=\/wp\/v2\/media\/43667"}],"wp:attachment":[{"href":"https:\/\/calatorinromania.com\/index.php?rest_route=%2Fwp%2Fv2%2Fmedia&parent=44189"}],"wp:term":[{"taxonomy":"category","embeddable":true,"href":"https:\/\/calatorinromania.com\/index.php?rest_route=%2Fwp%2Fv2%2Fcategories&post=44189"},{"taxonomy":"post_tag","embeddable":true,"href":"https:\/\/calatorinromania.com\/index.php?rest_route=%2Fwp%2Fv2%2Ftags&post=44189"}],"curies":[{"name":"wp","href":"https:\/\/api.w.org\/{rel}","templated":true}]}}