{"id":43427,"date":"2025-11-13T07:40:57","date_gmt":"2025-11-13T07:40:57","guid":{"rendered":"https:\/\/calatorinromania.com\/?p=43427"},"modified":"2025-11-13T07:40:57","modified_gmt":"2025-11-13T07:40:57","slug":"socrii-mei-m-au-dezb-racat-ca-sa-ma-umileasca-dar-tatal-meu-milionar-le-a-dat-o-lectie-de-neuitat","status":"publish","type":"post","link":"https:\/\/calatorinromania.com\/?p=43427","title":{"rendered":"\u201dSocrii mei m-au dezb.r\u0103cat ca s\u0103 m\u0103 umileasc\u0103 \u2013 dar tat\u0103l meu, milionar, le-a dat o lec\u021bie de neuitat\u201d"},"content":{"rendered":"\n<p>Totul a culminat \u00eentr-o sear\u0103 de duminic\u0103, c\u00e2nd m-au chemat la vil\u0103, sub pretextul c\u0103 vor s\u0103 s\u0103rb\u0103torim ziua de na\u0219tere a lui C\u0103lin.<\/p>\n\n\n\n<p><\/p>\n\n\n\n<p>Am intrat z\u00e2mbitoare, cu un tort \u00een bra\u021be, dar atmosfera era ciudat de rece. Soacra mea st\u0103tea pe canapea, cu un z\u00e2mbet fals, iar socrul, rigid ca o statuie, m\u0103 privea de sus, de parc\u0103 ar fi a\u0219teptat s\u0103 m\u0103 pr\u0103bu\u0219esc.<\/p>\n\n\n\n<p><\/p>\n\n\n\n<p>\u201eA\u0219a arat\u0103 o femeie care iube\u0219te banii, nu b\u0103rbatul\u201d, a zis Viorica, ar\u0103t\u00e2nd spre mine. \u00cen clipa aceea, dou\u0103 servitoare au venit spre mine. N-am avut timp s\u0103 \u00een\u021beleg ce se \u00eent\u00e2mpl\u0103. \u00cen c\u00e2teva secunde, mi-au smuls bluza, r\u00e2z\u00e2nd.<\/p>\n\n\n\n<p><\/p>\n\n\n\n<p>To\u021bi au izbucnit \u00een hohote. Am r\u0103mas nemi\u0219cat\u0103, cu lacrimile curg\u00e2nd, \u00een timp ce sim\u021beam cum mi se rupe ceva \u00een suflet.<\/p>\n\n\n\n<p><\/p>\n\n\n\n<p>\u201eUit\u0103-te la ea\u201d, spuse Viorica. \u201eCredea c\u0103 o s\u0103 pun\u0103 m\u00e2na pe averea familiei Montescu. O nimeni dintr-un sat am\u0103r\u00e2t!\u201d<\/p>\n\n\n\n<p><\/p>\n\n\n\n<p>Am vrut s\u0103 fug, dar picioarele nu m\u0103 ascultau. Eram blocat\u0103, ru\u0219inat\u0103, tr\u0103dat\u0103. Iar C\u0103lin\u2026 st\u0103tea acolo, t\u0103cut. Nu a spus nimic. Nici m\u0103car un cuv\u00e2nt.<\/p>\n\n\n\n<p><\/p>\n\n\n\n<p>\u00cen seara aceea am plecat din casa lor descul\u021b\u0103, cu hainele rupte \u0219i sufletul \u00een buc\u0103\u021bi. C\u00e2nd am ajuns acas\u0103, mi-am amintit de promisiunea f\u0103cut\u0103 tat\u0103lui meu. Am tremurat c\u00e2nd am ridicat telefonul, dar am format num\u0103rul.<\/p>\n\n\n\n<p><\/p>\n\n\n\n<p>\u201eTat\u0103\u2026\u201d<\/p>\n\n\n\n<p><\/p>\n\n\n\n<p>A fost singurul cuv\u00e2nt pe care am reu\u0219it s\u0103-l spun, iar el a \u00een\u021beles tot. Dou\u0103 zile mai t\u00e2rziu, familia Montescu nu mai r\u00e2dea.<\/p>\n\n\n\n<p><\/p>\n\n\n\n<p>Tata a ajuns \u00een ora\u0219 cu elicopterul \u0219i trei avoca\u021bi. \u00cen mai pu\u021bin de o or\u0103, vila lor era \u00eenconjurat\u0103 de ma\u0219ini negre, iar pe biroul lui Vasile Montescu era deja o h\u00e2rtie oficial\u0103: datoria pe care o avea c\u0103tre una dintre companiile tat\u0103lui meu \u2014 12 milioane de lei.<\/p>\n\n\n\n<p><\/p>\n\n\n\n<p>Vasile tremura, iar Viorica nu mai scotea un sunet. Tata a intrat \u00een living, elegant, cu un z\u00e2mbet calm.<\/p>\n\n\n\n<p><\/p>\n\n\n\n<p>\u201eS\u0103 \u0219ti\u021bi\u201d, a zis el, \u201ec\u0103 fata pe care a\u021bi umilit-o e singurul lucru pe care nu-l pute\u021bi cump\u0103ra \u2014 are demnitate. Ceea ce voi n-a\u021bi avut niciodat\u0103.\u201d<\/p>\n\n\n\n<p><\/p>\n\n\n\n<p>Apoi le-a aruncat un dosar gros pe mas\u0103. Erau actele care dovedeau c\u0103 el de\u021binea o parte din firma lor.<\/p>\n\n\n\n<p><\/p>\n\n\n\n<p>\u201eDe azi \u00eenainte, vila asta, ma\u0219inile \u0219i tot luxul vostru sunt ai mei. Voi\u2026 o s\u0103 v\u0103 \u00eentoarce\u021bi acolo de unde a\u021bi venit: la zero.\u201d<\/p>\n\n\n\n<p><\/p>\n\n\n\n<p>A doua zi, Montescu au p\u0103r\u0103sit ora\u0219ul, ruina\u021bi \u0219i ru\u0219ina\u021bi. C\u0103lin a \u00eencercat s\u0103 m\u0103 caute, dar nu i-am r\u0103spuns niciodat\u0103. Dragostea adev\u0103rat\u0103 nu se cl\u0103de\u0219te pe t\u0103cere c\u00e2nd e\u0219ti umilit.<\/p>\n\n\n\n<p>Ast\u0103zi, tr\u0103iesc din nou simplu, dar liber\u0103. Lucrez la una dintre firmele tat\u0103lui meu, \u00eens\u0103 nu pentru bani, ci pentru mine. Am \u00eenv\u0103\u021bat c\u0103 demnitatea e cea mai scump\u0103 avere.<\/p>\n\n\n\n<p>\u0218i c\u0103 uneori, r\u0103zbunarea nu \u00eenseamn\u0103 ur\u0103 \u2014 ci doar s\u0103 le ar\u0103\u021bi celor care te-au c\u0103lcat \u00een picioare c\u0103 nu te-au dobor\u00e2t.<\/p>\n\n\n\n<p><em>Aceast\u0103 lucrare este inspirat\u0103 din evenimente \u0219i persoane reale, \u00eens\u0103 a fost fic\u021bionalizat\u0103 \u00een scopuri creative. Numele, personajele \u0219i detaliile au fost schimbate pentru a proteja intimitatea \u0219i pentru a \u00eembun\u0103t\u0103\u021bi nara\u021biunea. Orice asem\u0103nare cu persoane reale, \u00een via\u021b\u0103 sau decedate, sau cu evenimente reale este pur \u00eent\u00e2mpl\u0103toare \u0219i nu este inten\u021bionat\u0103 de c\u0103tre autor.<\/em><\/p>\n\n\n\n<p><em>Autorul \u0219i editorul nu \u00ee\u0219i asum\u0103 responsabilitatea pentru exactitatea evenimentelor sau pentru modul \u00een care sunt portretizate personajele \u0219i nu sunt r\u0103spunz\u0103tori pentru eventuale interpret\u0103ri gre\u0219ite. Aceast\u0103 poveste este oferit\u0103 \u201eca atare\u201d, iar orice opinii exprimate apar\u021bin personajelor \u0219i nu reflect\u0103 punctele de vedere ale autorului sau ale editorului.<\/em><\/p>\n","protected":false},"excerpt":{"rendered":"<p>Totul a culminat \u00eentr-o sear\u0103 de duminic\u0103, c\u00e2nd m-au chemat la vil\u0103, sub pretextul c\u0103 vor s\u0103 s\u0103rb\u0103torim ziua de na\u0219tere a lui C\u0103lin. Am<\/p>\n","protected":false},"author":1,"featured_media":43150,"comment_status":"closed","ping_status":"closed","sticky":false,"template":"","format":"standard","meta":[],"categories":[1],"tags":[],"_links":{"self":[{"href":"https:\/\/calatorinromania.com\/index.php?rest_route=\/wp\/v2\/posts\/43427"}],"collection":[{"href":"https:\/\/calatorinromania.com\/index.php?rest_route=\/wp\/v2\/posts"}],"about":[{"href":"https:\/\/calatorinromania.com\/index.php?rest_route=\/wp\/v2\/types\/post"}],"author":[{"embeddable":true,"href":"https:\/\/calatorinromania.com\/index.php?rest_route=\/wp\/v2\/users\/1"}],"replies":[{"embeddable":true,"href":"https:\/\/calatorinromania.com\/index.php?rest_route=%2Fwp%2Fv2%2Fcomments&post=43427"}],"version-history":[{"count":1,"href":"https:\/\/calatorinromania.com\/index.php?rest_route=\/wp\/v2\/posts\/43427\/revisions"}],"predecessor-version":[{"id":43428,"href":"https:\/\/calatorinromania.com\/index.php?rest_route=\/wp\/v2\/posts\/43427\/revisions\/43428"}],"wp:featuredmedia":[{"embeddable":true,"href":"https:\/\/calatorinromania.com\/index.php?rest_route=\/wp\/v2\/media\/43150"}],"wp:attachment":[{"href":"https:\/\/calatorinromania.com\/index.php?rest_route=%2Fwp%2Fv2%2Fmedia&parent=43427"}],"wp:term":[{"taxonomy":"category","embeddable":true,"href":"https:\/\/calatorinromania.com\/index.php?rest_route=%2Fwp%2Fv2%2Fcategories&post=43427"},{"taxonomy":"post_tag","embeddable":true,"href":"https:\/\/calatorinromania.com\/index.php?rest_route=%2Fwp%2Fv2%2Ftags&post=43427"}],"curies":[{"name":"wp","href":"https:\/\/api.w.org\/{rel}","templated":true}]}}