{"id":43417,"date":"2025-11-13T07:13:11","date_gmt":"2025-11-13T07:13:11","guid":{"rendered":"https:\/\/calatorinromania.com\/?p=43417"},"modified":"2025-11-13T07:20:32","modified_gmt":"2025-11-13T07:20:32","slug":"%f0%9f%8c%be-doua-ingrediente-cu-puteri-exceptionale","status":"publish","type":"post","link":"https:\/\/calatorinromania.com\/?p=43417","title":{"rendered":"\u0218i-a dat afar\u0103 so\u021bia \u00eens\u0103rcinat\u0103 pentru c\u0103 a\u0219tepta o feti\u021b\u0103"},"content":{"rendered":"\n<h1><\/h1>\n\n\n\n<p>Pe patul din sticl\u0103, \u00een bra\u021bele asistentei, nu era b\u0103iatul pe care \u00eel visase.<\/p>\n\n\n\n<p><br>\u2014 \u201eDomnule Popa, s-a produs o mic\u0103 \u00eencurc\u0103tur\u0103\u2026\u201d, a spus femeia cu voce joas\u0103.<\/p>\n\n\n\n<p><\/p>\n\n\n\n<p>Hector a sim\u021bit cum i se \u00eenmoaie genunchii.<\/p>\n\n\n\n<p><br>\u2014 \u201eCe \u00eencurc\u0103tur\u0103? Unde e fiul meu?\u201d<\/p>\n\n\n\n<p><\/p>\n\n\n\n<p>Asistenta a oftat \u0219i i-a \u00eentins o foaie.<\/p>\n\n\n\n<p><br>\u2014 \u201eCopilul dumneavoastr\u0103 s-a n\u0103scut s\u0103n\u0103tos, dar\u2026 este feti\u021b\u0103.\u201d<\/p>\n\n\n\n<p><\/p>\n\n\n\n<p>Timp de c\u00e2teva secunde, b\u0103rbatul a r\u0103mas nemi\u0219cat. Buchetul de flori i-a alunecat din m\u00e2n\u0103 \u0219i s-a risipit pe podea.<\/p>\n\n\n\n<p><br>\u2014 \u201eNu\u2026 e imposibil\u2026 Camila mi-a spus c\u0103 e b\u0103iat! Am pl\u0103tit o avere pentru toate analizele!\u201d<\/p>\n\n\n\n<p><\/p>\n\n\n\n<p>\u00cen clipa aceea, u\u0219a salonului s-a deschis \u0219i Camila, sl\u0103bit\u0103 dup\u0103 na\u0219tere, a \u00eentors capul spre el. Z\u00e2mbetul i s-a stins imediat c\u00e2nd a v\u0103zut privirea plin\u0103 de furie.<\/p>\n\n\n\n<p><br>\u2014 \u201eM-ai min\u021bit!\u201d a urlat Hector, f\u0103c\u00e2nd-o s\u0103 tresar\u0103.<\/p>\n\n\n\n<p><\/p>\n\n\n\n<p>\u2014 \u201eEu\u2026 eu nu \u0219tiam sigur, doctorul doar b\u0103nuia\u2026\u201d, a \u00eencercat ea s\u0103 spun\u0103 printre lacrimi.<\/p>\n\n\n\n<p><br>Dar el nu voia s\u0103 aud\u0103 nimic. A ie\u0219it tr\u00e2ntind u\u0219a, cu fa\u021ba ro\u0219ie de nervi, f\u0103r\u0103 s\u0103 se mai uite \u00eenapoi.<\/p>\n\n\n\n<p><\/p>\n\n\n\n<p>\u00cen aceea\u0219i sear\u0103, s-a \u00eentors acas\u0103, unde totul i se p\u0103rea gol \u0219i rece.<\/p>\n\n\n\n<p><br>Pe mas\u0103, l\u00e2ng\u0103 o fotografie cu Lucia z\u00e2mbitoare, a g\u0103sit un plic. Era o scrisoare pe care ea o l\u0103sase \u00eenainte s\u0103 plece.<\/p>\n\n\n\n<p><\/p>\n\n\n\n<p>\u201eHector, \u0219tiu c\u0103 nu mai vrei s\u0103 ne vezi, dar copilul din mine nu are nicio vin\u0103. Te-am iubit cu toat\u0103 fiin\u021ba mea, dar acum trebuie s\u0103 aleg ce e mai bine pentru el. Dac\u0103 vreodat\u0103 te vei g\u00e2ndi la noi, aminte\u0219te-\u021bi doar c\u0103 ai avut o so\u021bie care ar fi f\u0103cut orice ca s\u0103 te vad\u0103 fericit.\u201d<\/p>\n\n\n\n<p>Cuvintele acelea l-au lovit mai tare dec\u00e2t orice repro\u0219. Pentru prima dat\u0103 dup\u0103 mult timp, a sim\u021bit o durere adev\u0103rat\u0103 \u00een piept.<\/p>\n\n\n\n<p>C\u00e2teva zile mai t\u00e2rziu, un apel nea\u0219teptat de la sat i-a t\u0103iat r\u0103suflarea.<br>\u2014 \u201eDomnule Popa? Sunt medicul de la dispensarul din S\u00e2ncr\u0103ian\u2026 so\u021bia dumneavoastr\u0103 a n\u0103scut o feti\u021b\u0103, dar am avut ceva complica\u021bii. Ar fi bine s\u0103 veni\u021bi\u2026\u201d<\/p>\n\n\n\n<p>F\u0103r\u0103 s\u0103 mai stea pe g\u00e2nduri, s-a urcat \u00een ma\u0219in\u0103. Drumul i s-a p\u0103rut nesf\u00e2r\u0219it. C\u00e2nd a ajuns, Lucia st\u0103tea \u00eentins\u0103 pe un pat modest, cu un z\u00e2mbet bl\u00e2nd, iar l\u00e2ng\u0103 ea dormea un bebelu\u0219 cu p\u0103rul negru ca smoala.<\/p>\n\n\n\n<p>\u2014 \u201eUite-o, Hector\u2026 e fiica ta\u201d, i-a spus mama Luciei.<\/p>\n\n\n\n<p>B\u0103rbatul a f\u0103cut un pas \u00eenainte, tremur\u00e2nd. A privit copila \u0219i, pentru prima dat\u0103, a sim\u021bit o c\u0103ldur\u0103 pe care nu o mai cunoscuse.<br>Micile ei degete \u00eei str\u00e2ngeau m\u00e2na, ca \u0219i cum ar fi vrut s\u0103-i spun\u0103 c\u0103-l iart\u0103.<\/p>\n\n\n\n<p>Lacrimile i-au curs pe obraji, f\u0103r\u0103 s\u0103 le mai poat\u0103 opri.<br>\u2014 \u201e\u00cemi pare r\u0103u, Lucia\u2026 pentru tot. Pentru tot r\u0103ul pe care \u021bi l-am f\u0103cut\u2026\u201d<\/p>\n\n\n\n<p>Lucia a oftat u\u0219or.<br>\u2014 \u201eE t\u00e2rziu, Hector. Dar dac\u0103 vrei s\u0103 fii tat\u0103, nu pentru mine, ci pentru ea\u2026 poate c\u0103 nu e chiar totul pierdut.\u201d<\/p>\n\n\n\n<p>Au trecut ani de atunci. Camila a disp\u0103rut din via\u021ba lui, iar Hector a r\u0103mas \u00een sat, al\u0103turi de feti\u021ba pe care odinioar\u0103 o dispre\u021buise f\u0103r\u0103 s-o cunoasc\u0103.<br>Acum o ducea zilnic de m\u00e2n\u0103 la \u0219coal\u0103, iar \u00een fiecare diminea\u021b\u0103, c\u00e2nd o auzea spun\u00e2nd \u201eTe iubesc, tati\u201d, sim\u021bea c\u0103 destinul, \u00eentr-un fel dureros, \u00eei d\u0103duse o a doua \u0219ans\u0103.<\/p>\n\n\n\n<p>\u0218i poate c\u0103, de fapt, acela fusese adev\u0103ratul lui mo\u0219tenitor: nu un nume, nu un b\u0103iat, ci o inim\u0103 bun\u0103 care i-a \u00eenv\u0103\u021bat ce \u00eenseamn\u0103 iubirea.<\/p>\n\n\n\n<p><em>Aceast\u0103 lucrare este inspirat\u0103 din evenimente \u0219i persoane reale, \u00eens\u0103 a fost fic\u021bionalizat\u0103 \u00een scopuri creative. Numele, personajele \u0219i detaliile au fost schimbate pentru a proteja intimitatea \u0219i pentru a \u00eembun\u0103t\u0103\u021bi nara\u021biunea. Orice asem\u0103nare cu persoane reale, \u00een via\u021b\u0103 sau decedate, sau cu evenimente reale este pur \u00eent\u00e2mpl\u0103toare \u0219i nu este inten\u021bionat\u0103 de c\u0103tre autor.<\/em><\/p>\n\n\n\n<p><em>Autorul \u0219i editorul nu \u00ee\u0219i asum\u0103 responsabilitatea pentru exactitatea evenimentelor sau pentru modul \u00een care sunt portretizate personajele \u0219i nu sunt r\u0103spunz\u0103tori pentru eventuale interpret\u0103ri gre\u0219ite. Aceast\u0103 poveste este oferit\u0103 \u201eca atare\u201d, iar orice opinii exprimate apar\u021bin personajelor \u0219i nu reflect\u0103 punctele de vedere ale autorului sau ale editorului.<\/em><\/p>\n","protected":false},"excerpt":{"rendered":"<p>Pe patul din sticl\u0103, \u00een bra\u021bele asistentei, nu era b\u0103iatul pe care \u00eel visase. \u2014 \u201eDomnule Popa, s-a produs o mic\u0103 \u00eencurc\u0103tur\u0103\u2026\u201d, a spus femeia<\/p>\n","protected":false},"author":1,"featured_media":43150,"comment_status":"closed","ping_status":"closed","sticky":false,"template":"","format":"standard","meta":[],"categories":[1],"tags":[],"_links":{"self":[{"href":"https:\/\/calatorinromania.com\/index.php?rest_route=\/wp\/v2\/posts\/43417"}],"collection":[{"href":"https:\/\/calatorinromania.com\/index.php?rest_route=\/wp\/v2\/posts"}],"about":[{"href":"https:\/\/calatorinromania.com\/index.php?rest_route=\/wp\/v2\/types\/post"}],"author":[{"embeddable":true,"href":"https:\/\/calatorinromania.com\/index.php?rest_route=\/wp\/v2\/users\/1"}],"replies":[{"embeddable":true,"href":"https:\/\/calatorinromania.com\/index.php?rest_route=%2Fwp%2Fv2%2Fcomments&post=43417"}],"version-history":[{"count":2,"href":"https:\/\/calatorinromania.com\/index.php?rest_route=\/wp\/v2\/posts\/43417\/revisions"}],"predecessor-version":[{"id":43420,"href":"https:\/\/calatorinromania.com\/index.php?rest_route=\/wp\/v2\/posts\/43417\/revisions\/43420"}],"wp:featuredmedia":[{"embeddable":true,"href":"https:\/\/calatorinromania.com\/index.php?rest_route=\/wp\/v2\/media\/43150"}],"wp:attachment":[{"href":"https:\/\/calatorinromania.com\/index.php?rest_route=%2Fwp%2Fv2%2Fmedia&parent=43417"}],"wp:term":[{"taxonomy":"category","embeddable":true,"href":"https:\/\/calatorinromania.com\/index.php?rest_route=%2Fwp%2Fv2%2Fcategories&post=43417"},{"taxonomy":"post_tag","embeddable":true,"href":"https:\/\/calatorinromania.com\/index.php?rest_route=%2Fwp%2Fv2%2Ftags&post=43417"}],"curies":[{"name":"wp","href":"https:\/\/api.w.org\/{rel}","templated":true}]}}