{"id":43396,"date":"2025-11-12T07:34:24","date_gmt":"2025-11-12T07:34:24","guid":{"rendered":"https:\/\/calatorinromania.com\/?p=43396"},"modified":"2025-11-12T07:34:25","modified_gmt":"2025-11-12T07:34:25","slug":"m-a-parasit-pentru-ca-nu-puteam-avea-copii-dar-stai-sa-vezi-cu-cine-m-am-intors","status":"publish","type":"post","link":"https:\/\/calatorinromania.com\/?p=43396","title":{"rendered":"M-a p\u0103r\u0103sit pentru c\u0103 \u201enu puteam avea copii\u201d\u2026 Dar stai s\u0103 vezi cu cine m-am \u00eentors!"},"content":{"rendered":"\n<p><\/p>\n\n\n\n<p>Am mers la eveniment, nu pentru el, ci pentru mine. M-am privit \u00een oglind\u0103 \u00eenainte s\u0103 plec \u0219i, pentru prima dat\u0103 dup\u0103 mult timp, mi-am v\u0103zut propria for\u021b\u0103. Rochia pe care am ales-o era simpl\u0103, dar elegant\u0103. P\u0103rul prins lejer, z\u00e2mbetul calm. Nu mai eram femeia care pl\u00e2ngea \u00een b\u0103i reci de spital. Eram femeia care se ridicase din propria durere.<\/p>\n\n\n\n<p><\/p>\n\n\n\n<p>C\u00e2nd am intrat \u00een restaurant, toate privirile s-au \u00eentors spre mine. Ionu\u021b m-a v\u0103zut primul. Z\u00e2mbetul i s-a \u0219ters pentru o clip\u0103, apoi a for\u021bat o expresie politicoas\u0103. Andreea, cu burtica vizibil\u0103, se sprijinea pe bra\u021bul lui, str\u0103lucind de fericire.<\/p>\n\n\n\n<p><\/p>\n\n\n\n<p>M-am apropiat cu pa\u0219i siguri. Nu tremuram. Nu mai sim\u021beam ru\u0219ine, nici triste\u021be. Doar o lini\u0219te ciudat\u0103.<\/p>\n\n\n\n<p><\/p>\n\n\n\n<p>\u2014 Olivia, m\u0103 bucur c\u0103 ai venit, a spus el, cu un ton fals cald.<\/p>\n\n\n\n<p><\/p>\n\n\n\n<p>\u2014 Nici nu aveam cum s\u0103 lipsesc, am r\u0103spuns z\u00e2mbind. P\u00e2n\u0103 la urm\u0103, e un eveniment important.<\/p>\n\n\n\n<p><\/p>\n\n\n\n<p>Pe fe\u021bele invita\u021bilor se citea curiozitatea. To\u021bi \u0219tiau povestea. To\u021bi a\u0219teptau s\u0103 vad\u0103 spectacolul ru\u0219inii mele. <\/p>\n\n\n\n<p><\/p>\n\n\n\n<p>Dar spectacolul nu a mai venit.<\/p>\n\n\n\n<p><\/p>\n\n\n\n<p>Pentru c\u0103 la doar c\u00e2teva minute dup\u0103 ce am ajuns, s-a deschis u\u0219a restaurantului. \u0218i \u00een\u0103untru a intrat\u00a0<strong>Vlad<\/strong>, b\u0103rbatul care \u00eemi schimbase via\u021ba. \u00cenalt, cu privirea senin\u0103 \u0219i bra\u021bele puternice, \u00eel \u021binea de m\u00e2n\u0103 pe b\u0103ie\u021belul nostru adoptiv,\u00a0<strong>Mihai<\/strong>, un copil de cinci ani cu ochi mari \u0219i z\u00e2mbet luminos.<\/p>\n\n\n\n<p><\/p>\n\n\n\n<p>C\u00e2nd Vlad s-a apropiat, sala a amu\u021bit. Ionu\u021b a r\u0103mas blocat, iar Andreea s-a str\u00e2mbat vizibil.<\/p>\n\n\n\n<p><\/p>\n\n\n\n<p>\u2014 Drag\u0103, \u00eemi pare c\u0103 am \u00eent\u00e2rziat, a spus Vlad, aplec\u00e2ndu-se s\u0103 m\u0103 s\u0103rute pe frunte. Mihai s-a uitat la mine \u0219i a \u00eentrebat:<\/p>\n\n\n\n<p><br>\u2014 Mami, pot s\u0103 merg la mas\u0103 cu ceilal\u021bi copii?<\/p>\n\n\n\n<p><\/p>\n\n\n\n<p>\u201eMami.\u201d Cuv\u00e2ntul acela a plutit \u00een aer ca o victorie.<\/p>\n\n\n\n<p><\/p>\n\n\n\n<p>Am z\u00e2mbit \u0219i am dat din cap.<\/p>\n\n\n\n<p><\/p>\n\n\n\n<p>\u2014 Desigur, puiule.<\/p>\n\n\n\n<p><\/p>\n\n\n\n<p>Apoi m-am \u00eentors spre Ionu\u021b.<\/p>\n\n\n\n<p><\/p>\n\n\n\n<p>\u2014 A\u0219a, s\u0103 \u0219tii, via\u021ba are un fel ciudat de a-\u021bi da \u00eenapoi ce \u021bi-a luat\u2026 doar c\u0103 mai frumos, am spus calm.<\/p>\n\n\n\n<p><\/p>\n\n\n\n<p>Nu a r\u0103spuns. Doar m-a privit, incapabil s\u0103 ascund\u0103 regretul din ochi.<\/p>\n\n\n\n<p><\/p>\n\n\n\n<p>\u00cen seara aceea, am dansat cu Vlad. Am r\u00e2s. Am povestit cu oameni care, pentru prima dat\u0103, m-au privit nu ca pe \u201efemeia care nu poate avea copii\u201d, ci ca pe o femeie complet\u0103, puternic\u0103 \u0219i iubit\u0103.<\/p>\n\n\n\n<p><\/p>\n\n\n\n<p>C\u00e2nd am ie\u0219it afar\u0103, sub cerul plin de stele, Vlad mi-a prins m\u00e2na \u0219i a spus \u00eencet:<\/p>\n\n\n\n<p><br>\u2014 \u021ai-ai rec\u00e2\u0219tigat via\u021ba, Olivia.<\/p>\n\n\n\n<p><\/p>\n\n\n\n<p>\u0218i avea dreptate.<\/p>\n\n\n\n<p><\/p>\n\n\n\n<p>Pentru c\u0103 uneori, Dumnezeu nu \u00ee\u021bi d\u0103 ceea ce ceri\u2026 ci ceea ce meri\u021bi cu adev\u0103rat.<\/p>\n\n\n\n<p><\/p>\n\n\n\n<p>\u0218i eu meritam exact ce aveam acum \u2014 pace, iubire \u0219i un b\u0103ie\u021bel care, \u00eentr-o lume crud\u0103, mi-a spus pentru prima dat\u0103 \u201emama\u201d.<\/p>\n\n\n\n<p><\/p>\n\n\n\n<p><em>Aceast\u0103 lucrare este inspirat\u0103 din evenimente \u0219i persoane reale, \u00eens\u0103 a fost fic\u021bionalizat\u0103 \u00een scopuri creative. Numele, personajele \u0219i detaliile au fost schimbate pentru a proteja intimitatea \u0219i pentru a \u00eembun\u0103t\u0103\u021bi nara\u021biunea. Orice asem\u0103nare cu persoane reale, \u00een via\u021b\u0103 sau decedate, sau cu evenimente reale este pur \u00eent\u00e2mpl\u0103toare \u0219i nu este inten\u021bionat\u0103 de c\u0103tre autor.<\/em><\/p>\n\n\n\n<p><em>Autorul \u0219i editorul nu \u00ee\u0219i asum\u0103 responsabilitatea pentru exactitatea evenimentelor sau pentru modul \u00een care sunt portretizate personajele \u0219i nu sunt r\u0103spunz\u0103tori pentru eventuale interpret\u0103ri gre\u0219ite. Aceast\u0103 poveste este oferit\u0103 \u201eca atare\u201d, iar orice opinii exprimate apar\u021bin personajelor \u0219i nu reflect\u0103 punctele de vedere ale autorului sau ale editorului.<\/em><\/p>\n\n\n\n<p><a href=\"https:\/\/www.pinterest.com\/pin\/create\/button\/?url=https%3A%2F%2Fbumzi.ro%2F%3Fp%3D11785&amp;description=M-a+p%C4%83r%C4%83sit+pentru+c%C4%83+%E2%80%9Enu+puteam+avea+copii%E2%80%9D%E2%80%A6+Dar+stai+s%C4%83+vezi+cu+cine+m-am+%C3%AEntors%21\" target=\"_blank\" rel=\"noreferrer noopener\"><\/a><\/p>\n\n\n\n<p><a href=\"https:\/\/www.facebook.com\/sharer\/sharer.php?u=https%3A%2F%2Fbumzi.ro%2F%3Fp%3D11785\" target=\"_blank\" rel=\"noreferrer noopener\"><\/a><\/p>\n\n\n\n<p><a href=\"https:\/\/twitter.com\/intent\/tweet?url=https%3A%2F%2Fbumzi.ro%2F%3Fp%3D11785&amp;text=M-a+p%C4%83r%C4%83sit+pentru+c%C4%83+%E2%80%9Enu+puteam+avea+copii%E2%80%9D%E2%80%A6+Dar+stai+s%C4%83+vezi+cu+cine+m-am+%C3%AEntors%21\" target=\"_blank\" rel=\"noreferrer noopener\"><\/a><a href=\"https:\/\/bumzi.ro\/?p=11782\"><\/a><\/p>\n","protected":false},"excerpt":{"rendered":"<p>Am mers la eveniment, nu pentru el, ci pentru mine. M-am privit \u00een oglind\u0103 \u00eenainte s\u0103 plec \u0219i, pentru prima dat\u0103 dup\u0103 mult timp, mi-am<\/p>\n","protected":false},"author":1,"featured_media":43150,"comment_status":"closed","ping_status":"closed","sticky":false,"template":"","format":"standard","meta":[],"categories":[1],"tags":[],"_links":{"self":[{"href":"https:\/\/calatorinromania.com\/index.php?rest_route=\/wp\/v2\/posts\/43396"}],"collection":[{"href":"https:\/\/calatorinromania.com\/index.php?rest_route=\/wp\/v2\/posts"}],"about":[{"href":"https:\/\/calatorinromania.com\/index.php?rest_route=\/wp\/v2\/types\/post"}],"author":[{"embeddable":true,"href":"https:\/\/calatorinromania.com\/index.php?rest_route=\/wp\/v2\/users\/1"}],"replies":[{"embeddable":true,"href":"https:\/\/calatorinromania.com\/index.php?rest_route=%2Fwp%2Fv2%2Fcomments&post=43396"}],"version-history":[{"count":1,"href":"https:\/\/calatorinromania.com\/index.php?rest_route=\/wp\/v2\/posts\/43396\/revisions"}],"predecessor-version":[{"id":43397,"href":"https:\/\/calatorinromania.com\/index.php?rest_route=\/wp\/v2\/posts\/43396\/revisions\/43397"}],"wp:featuredmedia":[{"embeddable":true,"href":"https:\/\/calatorinromania.com\/index.php?rest_route=\/wp\/v2\/media\/43150"}],"wp:attachment":[{"href":"https:\/\/calatorinromania.com\/index.php?rest_route=%2Fwp%2Fv2%2Fmedia&parent=43396"}],"wp:term":[{"taxonomy":"category","embeddable":true,"href":"https:\/\/calatorinromania.com\/index.php?rest_route=%2Fwp%2Fv2%2Fcategories&post=43396"},{"taxonomy":"post_tag","embeddable":true,"href":"https:\/\/calatorinromania.com\/index.php?rest_route=%2Fwp%2Fv2%2Ftags&post=43396"}],"curies":[{"name":"wp","href":"https:\/\/api.w.org\/{rel}","templated":true}]}}