{"id":43392,"date":"2025-11-12T06:55:06","date_gmt":"2025-11-12T06:55:06","guid":{"rendered":"https:\/\/calatorinromania.com\/?p=43392"},"modified":"2025-11-12T06:55:06","modified_gmt":"2025-11-12T06:55:06","slug":"la-gratarul-in-familie-mama-s-a-uitat-in-ochii-mei-si-a-spus-daca-ai-disparea-maine-nimeni-nici-n-ar-observa","status":"publish","type":"post","link":"https:\/\/calatorinromania.com\/?p=43392","title":{"rendered":"La gr\u0103tarul \u00een familie, mama s-a uitat \u00een ochii mei \u0219i a spus: \u201eDac\u0103 ai disp\u0103rea m\u00e2ine, nimeni nici n-ar observa.\u201d"},"content":{"rendered":"\n<p>C\u00e2nd am intrat \u00een birou, aerul mirosea a mobil\u0103 veche \u0219i a cafea tare.<\/p>\n\n\n\n<p><br>Domnul Ionescu era un b\u0103rbat trecut de \u0219aizeci de ani, cu ochelari gro\u0219i \u0219i o privire care p\u0103rea s\u0103 te citeasc\u0103 dintr-o privire.<\/p>\n\n\n\n<p><br>M-a poftit s\u0103 iau loc \u0219i mi-a \u00eentins un dosar sub\u021bire, legat cu o panglic\u0103 ro\u0219ie.<\/p>\n\n\n\n<p><\/p>\n\n\n\n<p>\u201eM\u0103tu\u0219a dumneavoastr\u0103 a fost o femeie foarte discret\u0103, dar\u2026 a avut grij\u0103 s\u0103 lase totul pus la punct. Aici e testamentul.\u201d<\/p>\n\n\n\n<p><br>Am dat din cap, dar m\u00e2inile \u00eemi tremurau.<\/p>\n\n\n\n<p><br>Cuv\u00e2ntul\u00a0<em>mo\u0219tenire<\/em>\u00a0mi se p\u0103rea str\u0103in.<\/p>\n\n\n\n<p><br>Nu aveam nimic de la nimeni \u2014 nici afec\u021biune, nici recuno\u0219tin\u021b\u0103, dar\u0103mite bunuri.<\/p>\n\n\n\n<p><\/p>\n\n\n\n<p>Am desf\u0103cut panglica \u0219i am \u00eenceput s\u0103 citesc.<\/p>\n\n\n\n<p><br>Scrisul era caligrafic, frumos, de m\u00e2n\u0103.<\/p>\n\n\n\n<p><br>\u201eLas nepoatei mele, Ioana Moraru, casa mea de la \u021bar\u0103, biblioteca mea \u0219i o cutie cu amintiri.<br>Sper ca \u00eentr-o zi s\u0103 \u00een\u021beleag\u0103 de ce am ales singur\u0103tatea.\u201d<\/p>\n\n\n\n<p>Am ridicat privirea, confuz\u0103.<br>\u201eUnde e casa?\u201d<br>\u201e\u00cen satul Valea Verde, la 20 de kilometri de aici. E o proprietate veche, dar bine \u00eentre\u021binut\u0103. Cheile sunt \u00een plicul acesta.\u201d<br>Mi le-a \u00eentins, iar metalul rece mi-a dat un fior.<\/p>\n\n\n\n<p>Am plecat de acolo cu un nod \u00een g\u00e2t.<br>Conduceam pe un drum de \u021bar\u0103 \u00eengust, printre c\u00e2mpuri aurii, c\u00e2nd am v\u0103zut poarta de fier ruginit \u0219i placa mic\u0103 pe care scria&nbsp;<em>Casa Speran\u021bei<\/em>.<br>Am oprit motorul \u0219i am r\u0103mas c\u00e2teva clipe \u00een t\u0103cere.<br>Nu \u0219tiu de ce, dar m-am sim\u021bit acas\u0103.<\/p>\n\n\n\n<p>C\u00e2nd am intrat, aerul mirosea a lev\u0103n\u021bic\u0103 \u0219i a c\u0103r\u021bi vechi.<br>Pe masa din sufragerie era o scrisoare.<br>Pe plic scria, cu acela\u0219i scris caligrafic:&nbsp;<em>Pentru Ioana, c\u00e2nd va veni timpul s\u0103 \u00een\u021beleag\u0103.<\/em><\/p>\n\n\n\n<p>Am rupt plicul cu grij\u0103.<br>\u201eDraga mea, \u0219tiu c\u0103 \u021bi-a fost greu.<br>Am ales s\u0103 tr\u0103iesc singur\u0103 nu pentru c\u0103 nu iubeam oamenii, ci pentru c\u0103 m-am s\u0103turat s\u0103 fiu iubit\u0103 doar atunci c\u00e2nd eram de folos.<br>Dac\u0103 cite\u0219ti aceste r\u00e2nduri, \u00eenseamn\u0103 c\u0103 \u0219i tu ai \u00een\u021beles.\u201d<\/p>\n\n\n\n<p>Lacrimile mi-au c\u0103zut pe h\u00e2rtie.<br>Era ca \u0219i cum ar fi vorbit o parte din mine, pierdut\u0103 \u00een t\u0103cere de ani de zile.<br>Am ie\u0219it afar\u0103, am privit lacul din spatele casei \u0219i am sim\u021bit pentru prima dat\u0103 o pace ad\u00e2nc\u0103.<br>Nu era lini\u0219tea singur\u0103t\u0103\u021bii, ci a eliber\u0103rii.<\/p>\n\n\n\n<p>\u00cen zilele urm\u0103toare am \u00eenceput s\u0103 cur\u0103\u021b casa, s\u0103 aranjez c\u0103r\u021bile, s\u0103 aprind focul \u00een sob\u0103.<br>Era ciudat c\u00e2t de familiar\u0103 mi se p\u0103rea fiecare col\u021b.<br>Am g\u0103sit un jurnal, iar \u00een el erau \u00eensemn\u0103ri despre fiecare membru al familiei \u2014 inclusiv despre mama.<br>Tanti Speran\u021ba scrisese:&nbsp;<em>\u201eUneori, oamenii care r\u00e2d cel mai tare sunt cei care sufer\u0103 cel mai mult. Dar nu e datoria ta s\u0103-i salvezi. E datoria lor s\u0103 se schimbe.\u201d<\/em><\/p>\n\n\n\n<p>Am \u00een\u021beles atunci c\u0103 mo\u0219tenirea nu era casa, nici c\u0103r\u021bile.<br>Era libertatea.<br>Libertatea de a tr\u0103i f\u0103r\u0103 s\u0103 mai fiu umbra altora.<br>De a spune \u201enu\u201d f\u0103r\u0103 vinov\u0103\u021bie.<br>De a fi eu \u00eens\u0103mi.<\/p>\n\n\n\n<p>\u00centr-o sear\u0103, pe la apus, am primit un mesaj de la mama.<br>\u201eMi-e dor de tine. Po\u021bi s\u0103 vii acas\u0103?\u201d<br>Am privit lung ecranul.<br>Pentru prima dat\u0103, nu m-am gr\u0103bit s\u0103 r\u0103spund.<br>Am z\u00e2mbit \u0219i am scris doar: \u201eSunt deja acas\u0103.\u201d<\/p>\n\n\n\n<p>Am pus telefonul jos, am ie\u0219it pe teras\u0103 \u0219i am privit cum soarele cobora peste lac.<br>Apa sclipa ca o oglind\u0103, iar v\u00e2ntul aducea miros de f\u00e2n proasp\u0103t.<br>\u00cen sf\u00e2r\u0219it, lini\u0219tea mea nu mai era un gol.<br>Era \u00eenceputul unei vie\u021bi noi.<\/p>\n\n\n\n<p><em>Aceast\u0103 lucrare este inspirat\u0103 din evenimente \u0219i persoane reale, \u00eens\u0103 a fost fic\u021bionalizat\u0103 \u00een scopuri creative. Numele, personajele \u0219i detaliile au fost schimbate pentru a proteja intimitatea \u0219i pentru a \u00eembun\u0103t\u0103\u021bi nara\u021biunea. Orice asem\u0103nare cu persoane reale, \u00een via\u021b\u0103 sau decedate, sau cu evenimente reale este pur \u00eent\u00e2mpl\u0103toare \u0219i nu este inten\u021bionat\u0103 de c\u0103tre autor.<\/em><\/p>\n\n\n\n<p><em>Autorul \u0219i editorul nu \u00ee\u0219i asum\u0103 responsabilitatea pentru exactitatea evenimentelor sau pentru modul \u00een care sunt portretizate personajele \u0219i nu sunt r\u0103spunz\u0103tori pentru eventuale interpret\u0103ri gre\u0219ite. Aceast\u0103 poveste este oferit\u0103 \u201eca atare\u201d, iar orice opinii exprimate apar\u021bin personajelor \u0219i nu reflect\u0103 punctele de vedere ale autorului sau ale editorului.<\/em><\/p>\n","protected":false},"excerpt":{"rendered":"<p>C\u00e2nd am intrat \u00een birou, aerul mirosea a mobil\u0103 veche \u0219i a cafea tare. Domnul Ionescu era un b\u0103rbat trecut de \u0219aizeci de ani, cu<\/p>\n","protected":false},"author":1,"featured_media":43150,"comment_status":"closed","ping_status":"closed","sticky":false,"template":"","format":"standard","meta":[],"categories":[1],"tags":[],"_links":{"self":[{"href":"https:\/\/calatorinromania.com\/index.php?rest_route=\/wp\/v2\/posts\/43392"}],"collection":[{"href":"https:\/\/calatorinromania.com\/index.php?rest_route=\/wp\/v2\/posts"}],"about":[{"href":"https:\/\/calatorinromania.com\/index.php?rest_route=\/wp\/v2\/types\/post"}],"author":[{"embeddable":true,"href":"https:\/\/calatorinromania.com\/index.php?rest_route=\/wp\/v2\/users\/1"}],"replies":[{"embeddable":true,"href":"https:\/\/calatorinromania.com\/index.php?rest_route=%2Fwp%2Fv2%2Fcomments&post=43392"}],"version-history":[{"count":1,"href":"https:\/\/calatorinromania.com\/index.php?rest_route=\/wp\/v2\/posts\/43392\/revisions"}],"predecessor-version":[{"id":43393,"href":"https:\/\/calatorinromania.com\/index.php?rest_route=\/wp\/v2\/posts\/43392\/revisions\/43393"}],"wp:featuredmedia":[{"embeddable":true,"href":"https:\/\/calatorinromania.com\/index.php?rest_route=\/wp\/v2\/media\/43150"}],"wp:attachment":[{"href":"https:\/\/calatorinromania.com\/index.php?rest_route=%2Fwp%2Fv2%2Fmedia&parent=43392"}],"wp:term":[{"taxonomy":"category","embeddable":true,"href":"https:\/\/calatorinromania.com\/index.php?rest_route=%2Fwp%2Fv2%2Fcategories&post=43392"},{"taxonomy":"post_tag","embeddable":true,"href":"https:\/\/calatorinromania.com\/index.php?rest_route=%2Fwp%2Fv2%2Ftags&post=43392"}],"curies":[{"name":"wp","href":"https:\/\/api.w.org\/{rel}","templated":true}]}}