{"id":43390,"date":"2025-11-12T06:50:45","date_gmt":"2025-11-12T06:50:45","guid":{"rendered":"https:\/\/calatorinromania.com\/?p=43390"},"modified":"2025-11-12T06:50:45","modified_gmt":"2025-11-12T06:50:45","slug":"au-ras-si-au-aruncat-cu-suc-peste-o-pereche-de-batrani-fara-sa-stie-ca-fiul-lor-era-un-motociclist-de-temut","status":"publish","type":"post","link":"https:\/\/calatorinromania.com\/?p=43390","title":{"rendered":"Au r\u00e2s \u0219i au aruncat cu suc peste o pereche de b\u0103tr\u00e2ni, f\u0103r\u0103 s\u0103 \u0219tie c\u0103 fiul lor era un motociclist de temut."},"content":{"rendered":"\n<p>Un motor negru, mare, a intrat \u00een parc cu un sunet care a f\u0103cut s\u0103 se opreasc\u0103 toate r\u00e2setele. Tinerii s-au uitat mira\u021bi, iar unul dintre ei a morm\u0103it:<\/p>\n\n\n\n<p><br>\u2014 Ce naiba\u2026?<\/p>\n\n\n\n<p><\/p>\n\n\n\n<p>Motocicleta s-a oprit brusc l\u00e2ng\u0103 banc\u0103. B\u0103rbatul care cobor\u00ee purta o geac\u0103 de piele, cu un chip aspru \u0219i privirea rece. Casca a fost dat\u0103 jos \u00eencet, iar c\u00e2nd fa\u021ba i s-a v\u0103zut, Maria a dus m\u00e2na la gur\u0103.<\/p>\n\n\n\n<p><\/p>\n\n\n\n<p>\u2014 Matei\u2026<\/p>\n\n\n\n<p><\/p>\n\n\n\n<p>Fiul lor.<\/p>\n\n\n\n<p><\/p>\n\n\n\n<p>Nimeni nu se mai mi\u0219ca. Doar motorul trosnea \u00eencet, metalul \u00eenc\u0103 fierbinte. Matei \u0219i-a privit p\u0103rin\u021bii. C\u0103ma\u0219a tat\u0103lui era ud\u0103, iar mama \u021binea de m\u00e2n\u0103 o feti\u021b\u0103 care tremura. Apoi s-a \u00eentors spre grupul de adolescen\u021bi.<\/p>\n\n\n\n<p><\/p>\n\n\n\n<p>\u2014 Care dintre voi a f\u0103cut asta?, a spus calm, dar cu o voce care a t\u0103iat aerul ca o lam\u0103.<\/p>\n\n\n\n<p><\/p>\n\n\n\n<p>Nimeni n-a r\u0103spuns. Unul dintre ei a \u00eencercat s\u0103 ascund\u0103 telefonul, dar Matei l-a v\u0103zut. A f\u0103cut un pas, apoi altul. Nu fugea, dar privirea lui spunea tot. Liderul, acela care aruncase cu suc, a \u00eenghi\u021bit \u00een sec.<\/p>\n\n\n\n<p><\/p>\n\n\n\n<p>\u2014 Nu era mare lucru, domnule, doar glumeam, a b\u00e2iguit.<\/p>\n\n\n\n<p><\/p>\n\n\n\n<p>Matei s-a oprit chiar \u00een fa\u021ba lui.<\/p>\n\n\n\n<p><br>\u2014 \u021ai se pare amuzant s\u0103 umile\u0219ti ni\u0219te oameni \u00een v\u00e2rst\u0103?<\/p>\n\n\n\n<p><br>B\u0103iatul n-a zis nimic.<\/p>\n\n\n\n<p><\/p>\n\n\n\n<p>\u00cen jur, lumea se oprise. Cei care priveau de pe banc\u0103 \u00ee\u0219i tr\u0103geau telefoanele jos, ru\u0219ina\u021bi. Maria a \u00eencercat s\u0103 se apropie, dar Ion i-a f\u0103cut semn s\u0103 nu intervin\u0103.<\/p>\n\n\n\n<p><\/p>\n\n\n\n<p>Matei i-a luat telefonul b\u0103iatului \u0219i l-a aruncat pe jos.<\/p>\n\n\n\n<p><br>\u2014 A\u0219a se distrug amintirile ru\u0219inoase, a spus el printre din\u021bi.<\/p>\n\n\n\n<p><br>Apoi, f\u0103r\u0103 un alt cuv\u00e2nt, s-a aplecat spre tat\u0103l s\u0103u.<\/p>\n\n\n\n<p><br>\u2014 Tat\u0103, e\u0219ti bine?<\/p>\n\n\n\n<p><br>Ion a dat din cap, \u00eencerc\u00e2nd s\u0103 z\u00e2mbeasc\u0103.<\/p>\n\n\n\n<p><\/p>\n\n\n\n<p>Cei cinci adolescen\u021bi s-au retras \u00eencet, f\u0103r\u0103 s\u0103 mai spun\u0103 nimic. Unul chiar a murmurat un \u201e\u00cemi pare r\u0103u\u201d \u00eenainte de a o lua la fug\u0103.<\/p>\n\n\n\n<p><\/p>\n\n\n\n<p>Matei s-a uitat \u00een jur la oamenii care doar priveau.<\/p>\n\n\n\n<p><br>\u2014 A\u0219a am ajuns? S\u0103 ne uit\u0103m cum se batjocoresc b\u0103tr\u00e2nii \u0219i copiii f\u0103r\u0103 s\u0103 mi\u0219c\u0103m un deget?<\/p>\n\n\n\n<p><\/p>\n\n\n\n<p>Nimeni n-a r\u0103spuns. Doar v\u00e2ntul a fo\u0219nit printre frunze.<\/p>\n\n\n\n<p><\/p>\n\n\n\n<p>Apoi, cu o voce mai bl\u00e2nd\u0103, s-a \u00eentors spre Luci.<\/p>\n\n\n\n<p><br>\u2014 Tu ai fost curajoas\u0103, micu\u021bo. Mul\u021bumesc c\u0103 i-ai ap\u0103rat.<\/p>\n\n\n\n<p><br>Feti\u021ba l-a privit cu ochii mari \u0219i a dat din cap, \u0219terg\u00e2ndu-\u0219i lacrimile.<\/p>\n\n\n\n<p><\/p>\n\n\n\n<p>C\u00e2nd s-a \u00eentors spre p\u0103rin\u021bii lui, Maria pl\u00e2ngea \u00een t\u0103cere.<\/p>\n\n\n\n<p><br>\u2014 Ai crescut frumos, Matei, a spus ea, tremur\u00e2nd.<\/p>\n\n\n\n<p><br>El a z\u00e2mbit u\u0219or, dar \u00een ochii lui se vedea o durere ad\u00e2nc\u0103.<\/p>\n\n\n\n<p><br>\u2014 N-ar fi trebuit s\u0103 trece\u021bi prin asta.<\/p>\n\n\n\n<p><\/p>\n\n\n\n<p>A scos batista din buzunar \u0219i i-a \u0219ters tat\u0103lui fruntea, ca pe vremuri, c\u00e2nd Ion \u00eel \u00eenv\u0103\u021ba s\u0103 mearg\u0103 pe biciclet\u0103 \u0219i se lovea la genunchi. Timpul p\u0103rea s\u0103 se fi oprit \u00eentre ei.<\/p>\n\n\n\n<p><\/p>\n\n\n\n<p>Un b\u0103tr\u00e2n din parc s-a apropiat, ru\u0219inat.<\/p>\n\n\n\n<p><\/p>\n\n\n\n<p><br>\u2014 Iart\u0103-ne, b\u0103iete. Ar fi trebuit s\u0103 intervenim.<\/p>\n\n\n\n<p><br>Matei a dat din cap.<\/p>\n\n\n\n<p><br>\u2014 Mai bine s\u0103 \u00eenv\u0103\u021b\u0103m din asta. Azi a fost vorba de doi b\u0103tr\u00e2ni, m\u00e2ine poate fi oricare dintre voi.<\/p>\n\n\n\n<p><\/p>\n\n\n\n<p>\u0218i-a pus casca, a ajutat-o pe mama sa s\u0103 urce pe motociclet\u0103 \u0219i, cu un gest tandru, a \u00eentins m\u00e2na tat\u0103lui s\u0103u.<br>\u2014 Hai, tat\u0103. O plimbare scurt\u0103, ca pe vremuri.<\/p>\n\n\n\n<p>Ion a z\u00e2mbit.<br>\u2014 Credeam c\u0103 n-o s\u0103 mai apuc ziua \u00een care o s\u0103 urc din nou pe o motociclet\u0103.<\/p>\n\n\n\n<p>Motorul s-a pornit iar. To\u021bi cei din parc priveau \u00een t\u0103cere cum familia pleca \u00eencet, l\u0103s\u00e2nd \u00een urm\u0103 o lec\u021bie despre curaj, demnitate \u0219i dragoste.<\/p>\n\n\n\n<p>Pentru prima dat\u0103 \u00een ziua aceea, lumina soarelui p\u0103rea din nou bl\u00e2nd\u0103, iar oamenii \u2014 un pic mai buni.<\/p>\n\n\n\n<p><em>Aceast\u0103 lucrare este inspirat\u0103 din evenimente \u0219i persoane reale, \u00eens\u0103 a fost fic\u021bionalizat\u0103 \u00een scopuri creative. Numele, personajele \u0219i detaliile au fost schimbate pentru a proteja intimitatea \u0219i pentru a \u00eembun\u0103t\u0103\u021bi nara\u021biunea. Orice asem\u0103nare cu persoane reale, \u00een via\u021b\u0103 sau decedate, sau cu evenimente reale este pur \u00eent\u00e2mpl\u0103toare \u0219i nu este inten\u021bionat\u0103 de c\u0103tre autor.<\/em><\/p>\n\n\n\n<p><em>Autorul \u0219i editorul nu \u00ee\u0219i asum\u0103 responsabilitatea pentru exactitatea evenimentelor sau pentru modul \u00een care sunt portretizate personajele \u0219i nu sunt r\u0103spunz\u0103tori pentru eventuale interpret\u0103ri gre\u0219ite. Aceast\u0103 poveste este oferit\u0103 \u201eca atare\u201d, iar orice opinii exprimate apar\u021bin personajelor \u0219i nu reflect\u0103 punctele de vedere ale autorului sau ale editorului.<\/em><\/p>\n","protected":false},"excerpt":{"rendered":"<p>Un motor negru, mare, a intrat \u00een parc cu un sunet care a f\u0103cut s\u0103 se opreasc\u0103 toate r\u00e2setele. Tinerii s-au uitat mira\u021bi, iar unul<\/p>\n","protected":false},"author":1,"featured_media":43150,"comment_status":"closed","ping_status":"closed","sticky":false,"template":"","format":"standard","meta":[],"categories":[1],"tags":[],"_links":{"self":[{"href":"https:\/\/calatorinromania.com\/index.php?rest_route=\/wp\/v2\/posts\/43390"}],"collection":[{"href":"https:\/\/calatorinromania.com\/index.php?rest_route=\/wp\/v2\/posts"}],"about":[{"href":"https:\/\/calatorinromania.com\/index.php?rest_route=\/wp\/v2\/types\/post"}],"author":[{"embeddable":true,"href":"https:\/\/calatorinromania.com\/index.php?rest_route=\/wp\/v2\/users\/1"}],"replies":[{"embeddable":true,"href":"https:\/\/calatorinromania.com\/index.php?rest_route=%2Fwp%2Fv2%2Fcomments&post=43390"}],"version-history":[{"count":1,"href":"https:\/\/calatorinromania.com\/index.php?rest_route=\/wp\/v2\/posts\/43390\/revisions"}],"predecessor-version":[{"id":43391,"href":"https:\/\/calatorinromania.com\/index.php?rest_route=\/wp\/v2\/posts\/43390\/revisions\/43391"}],"wp:featuredmedia":[{"embeddable":true,"href":"https:\/\/calatorinromania.com\/index.php?rest_route=\/wp\/v2\/media\/43150"}],"wp:attachment":[{"href":"https:\/\/calatorinromania.com\/index.php?rest_route=%2Fwp%2Fv2%2Fmedia&parent=43390"}],"wp:term":[{"taxonomy":"category","embeddable":true,"href":"https:\/\/calatorinromania.com\/index.php?rest_route=%2Fwp%2Fv2%2Fcategories&post=43390"},{"taxonomy":"post_tag","embeddable":true,"href":"https:\/\/calatorinromania.com\/index.php?rest_route=%2Fwp%2Fv2%2Ftags&post=43390"}],"curies":[{"name":"wp","href":"https:\/\/api.w.org\/{rel}","templated":true}]}}