{"id":43388,"date":"2025-11-12T06:38:47","date_gmt":"2025-11-12T06:38:47","guid":{"rendered":"https:\/\/calatorinromania.com\/?p=43388"},"modified":"2025-11-12T06:38:48","modified_gmt":"2025-11-12T06:38:48","slug":"eram-insarcinata-in-liceu-parintii-mei-m-au-facut-de-rusine-si-m-au-dat-afara-din-casa","status":"publish","type":"post","link":"https:\/\/calatorinromania.com\/?p=43388","title":{"rendered":"Eram \u00eens\u0103rcinat\u0103 \u00een liceu. P\u0103rin\u021bii mei m-au f\u0103cut de ru\u0219ine \u0219i m-au dat afar\u0103 din cas\u0103"},"content":{"rendered":"\n<p>Am pl\u00e2ns din nou atunci, dar lacrimile nu mai erau de disperare, ci de u\u0219urare. Dup\u0103 zile \u00eentregi de frig, foame \u0219i fric\u0103, cineva m\u0103 \u021binea minte. Cineva m\u0103 primea a\u0219a cum eram, f\u0103r\u0103 \u00eentreb\u0103ri, f\u0103r\u0103 judec\u0103\u021bi.<\/p>\n\n\n\n<p><\/p>\n\n\n\n<p>Timpul a trecut. Cu ajutorul doamnei\u00a0<strong>Maria<\/strong>\u00a0\u2014 a\u0219a o chema pe femeia aceea cu suflet uria\u0219 \u2014 am dus sarcina p\u00e2n\u0103 la cap\u0103t. M-a dus la toate controalele, m-a \u00eenv\u0103\u021bat s\u0103 g\u0103tesc, s\u0103 cos \u0219i s\u0103 am grij\u0103 de mine. C\u00e2nd am n\u0103scut, ea era acolo. Mi-a \u021binut m\u00e2na \u0219i mi-a spus c\u0103, de acum, totul va fi bine.<\/p>\n\n\n\n<p><\/p>\n\n\n\n<p>L-am numit\u00a0<strong>Andrei<\/strong>, dup\u0103 so\u021bul ei care murise cu ani \u00een urm\u0103. Ea a z\u00e2mbit \u0219i a spus c\u0103 e cel mai frumos dar pe care l-a primit vreodat\u0103.<\/p>\n\n\n\n<p><\/p>\n\n\n\n<p>Via\u021ba nu a fost u\u0219oar\u0103, dar niciodat\u0103 nu m-am mai sim\u021bit singur\u0103. Am \u00eenv\u0103\u021bat s\u0103 fiu mam\u0103, am terminat liceul la seral, apoi am f\u0103cut o \u0219coal\u0103 postliceal\u0103 de asisten\u021b\u0103 medical\u0103. Maria m\u0103 \u00eencuraja mereu, zic\u00e2nd: \u201eFiecare ran\u0103 se vindec\u0103 dac\u0103 o ungi cu iubire.\u201d \u0218i a avut dreptate.<\/p>\n\n\n\n<p><\/p>\n\n\n\n<p>Anii au trecut. Andrei a crescut harnic, cu minte bun\u0103 \u0219i inim\u0103 mare. A iubit-o pe Maria ca pe o bunic\u0103 adev\u0103rat\u0103. C\u00e2nd ea s-a stins, i-am \u021binut promisiunea: am transformat casa ei \u00een ad\u0103post pentru mame tinere f\u0103r\u0103 sprijin. Era felul meu de a duce mai departe bun\u0103tatea ei.<\/p>\n\n\n\n<p><\/p>\n\n\n\n<p>Apoi, \u00eentr-o zi, dup\u0103 aproape dou\u0103zeci de ani, am primit o scrisoare. De la p\u0103rin\u021bii mei. \u00cemi spuneau c\u0103 vor s\u0103-l vad\u0103 pe fiul meu. C\u0103 vor s\u0103-\u0219i cear\u0103 iertare.<\/p>\n\n\n\n<p><\/p>\n\n\n\n<p>Am stat mult cu scrisoarea \u00een m\u00e2n\u0103. Am sim\u021bit o umbr\u0103 din fata aceea de \u0219aptesprezece ani care tremura \u00een ploaie. Partea mea care \u00eenc\u0103 mai c\u0103uta o explica\u021bie. Dar c\u00e2nd m-am uitat la Andrei, care venea spre mine cu z\u00e2mbetul acela curat \u0219i ochii lumino\u0219i, am \u0219tiut r\u0103spunsul.<\/p>\n\n\n\n<p><\/p>\n\n\n\n<p>Le-am scris \u00eenapoi:<\/p>\n\n\n\n<p><br>\u201eFiul meu nu are bunici. A avut-o pe Maria, iar ea a fost tot ce un copil ar fi putut visa. Eu nu port ur\u0103, dar nici nu mai am loc pentru oameni care m-au alungat c\u00e2nd aveam nevoie de ei.\u201d<\/p>\n\n\n\n<p><\/p>\n\n\n\n<p>C\u00e2teva luni mai t\u00e2rziu, i-am v\u0103zut \u00eent\u00e2mpl\u0103tor la o conferin\u021b\u0103 caritabil\u0103. S-au apropiat de mine, palizi, stingheri. Tata a \u00eencercat s\u0103 spun\u0103 ceva, dar vocea i s-a fr\u00e2nt. Mama a pl\u00e2ns. I-am ascultat, f\u0103r\u0103 r\u0103utate, dar cu o lini\u0219te pe care n-o mai avusesem niciodat\u0103.<\/p>\n\n\n\n<p>\u2014 Vrem doar s\u0103-l vedem o dat\u0103, a spus ea printre lacrimi.<\/p>\n\n\n\n<p>M-am uitat la ei \u0219i am spus:<br>\u2014 Nu mai e nevoie. A v\u0103zut destul\u0103 durere c\u00e2t s\u0103 \u00een\u021beleag\u0103 ce \u00eenseamn\u0103 familia.<\/p>\n\n\n\n<p>M-am \u00eentors \u0219i am plecat. Pentru prima dat\u0103, nu mai sim\u021beam ru\u0219ine, nici fric\u0103. Doar pace.<\/p>\n\n\n\n<p>C\u00e2nd am ajuns acas\u0103, Andrei m\u0103 a\u0219tepta \u00een curte, cu o floare \u00een m\u00e2n\u0103.<br>\u2014 Pentru tine, mami, a zis. Pentru tot ce ai f\u0103cut.<\/p>\n\n\n\n<p>Atunci am \u00een\u021beles c\u0103 nu s\u00e2ngele face familia, ci dragostea. \u0218i c\u0103 uneori, Dumnezeu ia din via\u021ba noastr\u0103 pe cei care ne r\u0103nesc, doar ca s\u0103 fac\u0103 loc celor care ne vindec\u0103.<\/p>\n\n\n\n<p><em>Aceast\u0103 lucrare este inspirat\u0103 din evenimente \u0219i persoane reale, \u00eens\u0103 a fost fic\u021bionalizat\u0103 \u00een scopuri creative. Numele, personajele \u0219i detaliile au fost schimbate pentru a proteja intimitatea \u0219i pentru a \u00eembun\u0103t\u0103\u021bi nara\u021biunea. Orice asem\u0103nare cu persoane reale, \u00een via\u021b\u0103 sau decedate, sau cu evenimente reale este pur \u00eent\u00e2mpl\u0103toare \u0219i nu este inten\u021bionat\u0103 de c\u0103tre autor.<\/em><\/p>\n\n\n\n<p><em>Autorul \u0219i editorul nu \u00ee\u0219i asum\u0103 responsabilitatea pentru exactitatea evenimentelor sau pentru modul \u00een care sunt portretizate personajele \u0219i nu sunt r\u0103spunz\u0103tori pentru eventuale interpret\u0103ri gre\u0219ite. Aceast\u0103 poveste este oferit\u0103 \u201eca atare\u201d, iar orice opinii exprimate apar\u021bin personajelor \u0219i nu reflect\u0103 punctele de vedere ale autorului sau ale editorului.<\/em><\/p>\n","protected":false},"excerpt":{"rendered":"<p>Am pl\u00e2ns din nou atunci, dar lacrimile nu mai erau de disperare, ci de u\u0219urare. Dup\u0103 zile \u00eentregi de frig, foame \u0219i fric\u0103, cineva m\u0103<\/p>\n","protected":false},"author":1,"featured_media":43150,"comment_status":"closed","ping_status":"closed","sticky":false,"template":"","format":"standard","meta":[],"categories":[1],"tags":[],"_links":{"self":[{"href":"https:\/\/calatorinromania.com\/index.php?rest_route=\/wp\/v2\/posts\/43388"}],"collection":[{"href":"https:\/\/calatorinromania.com\/index.php?rest_route=\/wp\/v2\/posts"}],"about":[{"href":"https:\/\/calatorinromania.com\/index.php?rest_route=\/wp\/v2\/types\/post"}],"author":[{"embeddable":true,"href":"https:\/\/calatorinromania.com\/index.php?rest_route=\/wp\/v2\/users\/1"}],"replies":[{"embeddable":true,"href":"https:\/\/calatorinromania.com\/index.php?rest_route=%2Fwp%2Fv2%2Fcomments&post=43388"}],"version-history":[{"count":1,"href":"https:\/\/calatorinromania.com\/index.php?rest_route=\/wp\/v2\/posts\/43388\/revisions"}],"predecessor-version":[{"id":43389,"href":"https:\/\/calatorinromania.com\/index.php?rest_route=\/wp\/v2\/posts\/43388\/revisions\/43389"}],"wp:featuredmedia":[{"embeddable":true,"href":"https:\/\/calatorinromania.com\/index.php?rest_route=\/wp\/v2\/media\/43150"}],"wp:attachment":[{"href":"https:\/\/calatorinromania.com\/index.php?rest_route=%2Fwp%2Fv2%2Fmedia&parent=43388"}],"wp:term":[{"taxonomy":"category","embeddable":true,"href":"https:\/\/calatorinromania.com\/index.php?rest_route=%2Fwp%2Fv2%2Fcategories&post=43388"},{"taxonomy":"post_tag","embeddable":true,"href":"https:\/\/calatorinromania.com\/index.php?rest_route=%2Fwp%2Fv2%2Ftags&post=43388"}],"curies":[{"name":"wp","href":"https:\/\/api.w.org\/{rel}","templated":true}]}}