{"id":43380,"date":"2025-11-11T10:48:27","date_gmt":"2025-11-11T10:48:27","guid":{"rendered":"https:\/\/calatorinromania.com\/?p=43380"},"modified":"2025-11-11T10:48:27","modified_gmt":"2025-11-11T10:48:27","slug":"sotul-meu-ii-ducea-mereu-pe-copii-la-bunica-lor","status":"publish","type":"post","link":"https:\/\/calatorinromania.com\/?p=43380","title":{"rendered":"So\u021bul meu \u00eei ducea mereu pe copii la bunica lor"},"content":{"rendered":"\n<p>Am pornit ma\u0219ina tremur\u00e2nd. Nici nu \u0219tiam exact \u00eencotro merg, dar ro\u021bile m-au dus instinctiv spre casa soacrei mele. Pe drum, am sim\u021bit cum stomacul mi se str\u00e2nge, iar inima \u00eemi b\u0103tea nebune\u0219te. Nu \u0219tiam ce urma s\u0103 descop\u0103r, dar sim\u021beam c\u0103 via\u021ba mea avea s\u0103 se schimbe din clipa aceea.<\/p>\n\n\n\n<p><\/p>\n\n\n\n<p>C\u00e2nd am ajuns \u00een fa\u021ba por\u021bii Dianei, curtea era pustie. Nici urm\u0103 de ma\u0219ina lui Mihai. Am sunat la sonerie, dar nimeni n-a r\u0103spuns. Am mai b\u0103tut o dat\u0103, mai tare. Dup\u0103 c\u00e2teva secunde, s-a deschis u\u0219a, iar soacra mea a ap\u0103rut, vizibil surprins\u0103.<\/p>\n\n\n\n<p><\/p>\n\n\n\n<p>\u2014 Amina? Ce cau\u021bi aici, draga mea? \u2014 a \u00eentrebat, \u00eencurcat\u0103.<\/p>\n\n\n\n<p><\/p>\n\n\n\n<p>Am privit-o fix, \u00eencerc\u00e2nd s\u0103 citesc ceva \u00een ochii ei.<\/p>\n\n\n\n<p><br>\u2014 Sunt copiii aici? \u2014 am spus, cu un nod \u00een g\u00e2t.<\/p>\n\n\n\n<p><\/p>\n\n\n\n<p>\u2014 Nu\u2026 nu, nu au venit azi. Mihai mi-a zis c\u0103 Ana e r\u0103cit\u0103, c\u0103 st\u0103 acas\u0103.<\/p>\n\n\n\n<p><\/p>\n\n\n\n<p>Am sim\u021bit cum p\u0103m\u00e2ntul mi se clatin\u0103 sub picioare. Deci m\u0103 min\u021bise. Din nou. Am z\u00e2mbit for\u021bat, am mul\u021bumit \u0219i am plecat. Dar \u00een loc s\u0103 m\u0103 \u00eentorc acas\u0103, am pornit pe drumul care ducea spre marginea ora\u0219ului.<\/p>\n\n\n\n<p>Nu \u0219tiam de ce, dar inima mea spunea c\u0103 acolo trebuie s\u0103 fie.<\/p>\n\n\n\n<p>Dup\u0103 vreo zece minute de condus, am z\u0103rit de departe ma\u0219ina lui parcat\u0103 \u00een fa\u021ba unei case vechi, cu gard de lemn \u0219i perdele trase. Am oprit la col\u021bul str\u0103zii \u0219i am r\u0103mas \u00een t\u0103cere, privind. C\u00e2teva clipe mai t\u00e2rziu, Mihai a ie\u0219it din cas\u0103, \u021bin\u00e2nd de m\u00e2n\u0103 o femeie. O blond\u0103 t\u00e2n\u0103r\u0103, cu o feti\u021b\u0103 care sem\u0103na izbitor cu Ana.<\/p>\n\n\n\n<p>Mi s-a t\u0103iat respira\u021bia.<\/p>\n\n\n\n<p>Sim\u021beam c\u0103 lumea \u00eentreag\u0103 se pr\u0103bu\u0219e\u0219te \u00een jurul meu. \u00cemi venea s\u0103 \u021bip, dar vocea mi se blocase. L-am v\u0103zut cum \u00eei s\u0103ruta femeii fruntea, cum copiii r\u00e2deau \u00eempreun\u0103 \u00een curte, \u0219i mi-am dat seama: acele \u201evizite la bunica\u201d nu fuseser\u0103 niciodat\u0103 despre mama lui. Ci despre altcineva. Despre o via\u021b\u0103 paralel\u0103.<\/p>\n\n\n\n<p>Am stat acolo minute \u00eentregi, incapabil\u0103 s\u0103 m\u0103 mi\u0219c. Apoi, am pornit ma\u0219ina \u0219i am plecat. Nu am f\u0103cut scandal, nu am sunat pe nimeni. Doar am condus p\u00e2n\u0103 la lacul unde mergeam c\u00e2ndva am\u00e2ndoi s\u0103 ne lini\u0219tim sufletul.<\/p>\n\n\n\n<p>Am stat pe mal, privind apa, \u0219i am pl\u00e2ns \u00een t\u0103cere. M\u0103 durea nu doar tr\u0103darea, ci \u0219i g\u00e2ndul c\u0103 totul fusese o iluzie: r\u00e2setele, serile lini\u0219tite, pove\u0219tile de adormit copiii.<\/p>\n\n\n\n<p>Dup\u0103 un timp, am sim\u021bit o lini\u0219te ciudat\u0103. Ca \u0219i cum \u00een mijlocul durerii se n\u0103\u0219tea o for\u021b\u0103 nou\u0103.<\/p>\n\n\n\n<p>C\u00e2nd am ajuns acas\u0103, copiii dormeau deja. Mihai nu se \u00eentorsese. M-am uitat la ei, le-am m\u00e2ng\u00e2iat p\u0103rul \u0219i am sim\u021bit cum inima mi se umple de curaj. Nu mai eram femeia speriat\u0103 de diminea\u021b\u0103. Eram mama care avea de ap\u0103rat adev\u0103rul.<\/p>\n\n\n\n<p>Diminea\u021ba urm\u0103toare, c\u00e2nd Mihai a intrat \u00een cas\u0103 z\u00e2mbind fals, i-am \u00eentins o h\u00e2rtie. Nu o \u201eh\u00e2rtie cu datorie\u201d, ci cererea de divor\u021b.<\/p>\n\n\n\n<p>\u2014 Adev\u0103rul t\u0103u s-a terminat aici, Mihai \u2014 i-am spus calm. \u2014 Po\u021bi min\u021bi lumea, dar nu copiii t\u0103i.<\/p>\n\n\n\n<p>El a r\u0103mas mut. Ana \u0219i Vlad priveau din hol, iar eu le-am z\u00e2mbit.<\/p>\n\n\n\n<p>\u2014 De azi, nu mai mergem \u201ela bunica\u201d. De azi, mergem acolo unde nu exist\u0103 secrete.<\/p>\n\n\n\n<p>\u0218i, pentru prima dat\u0103 dup\u0103 mult timp, am sim\u021bit c\u0103 respir din nou.<\/p>\n\n\n\n<p>Adev\u0103rul doare, dar eliberarea\u2026 eliberarea e de nepre\u021buit.<\/p>\n\n\n\n<p><em>Aceast\u0103 lucrare este inspirat\u0103 din evenimente \u0219i persoane reale, \u00eens\u0103 a fost fic\u021bionalizat\u0103 \u00een scopuri creative. Numele, personajele \u0219i detaliile au fost schimbate pentru a proteja intimitatea \u0219i pentru a \u00eembun\u0103t\u0103\u021bi nara\u021biunea. Orice asem\u0103nare cu persoane reale, \u00een via\u021b\u0103 sau decedate, sau cu evenimente reale este pur \u00eent\u00e2mpl\u0103toare \u0219i nu este inten\u021bionat\u0103 de c\u0103tre autor.<\/em><\/p>\n\n\n\n<p><em>Autorul \u0219i editorul nu \u00ee\u0219i asum\u0103 responsabilitatea pentru exactitatea evenimentelor sau pentru modul \u00een care sunt portretizate personajele \u0219i nu sunt r\u0103spunz\u0103tori pentru eventuale interpret\u0103ri gre\u0219ite. Aceast\u0103 poveste este oferit\u0103 \u201eca atare\u201d, iar orice opinii exprimate apar\u021bin personajelor \u0219i nu reflect\u0103 punctele de vedere ale autorului sau ale editorului.<\/em><\/p>\n","protected":false},"excerpt":{"rendered":"<p>Am pornit ma\u0219ina tremur\u00e2nd. Nici nu \u0219tiam exact \u00eencotro merg, dar ro\u021bile m-au dus instinctiv spre casa soacrei mele. Pe drum, am sim\u021bit cum stomacul<\/p>\n","protected":false},"author":1,"featured_media":43150,"comment_status":"closed","ping_status":"closed","sticky":false,"template":"","format":"standard","meta":[],"categories":[1],"tags":[],"_links":{"self":[{"href":"https:\/\/calatorinromania.com\/index.php?rest_route=\/wp\/v2\/posts\/43380"}],"collection":[{"href":"https:\/\/calatorinromania.com\/index.php?rest_route=\/wp\/v2\/posts"}],"about":[{"href":"https:\/\/calatorinromania.com\/index.php?rest_route=\/wp\/v2\/types\/post"}],"author":[{"embeddable":true,"href":"https:\/\/calatorinromania.com\/index.php?rest_route=\/wp\/v2\/users\/1"}],"replies":[{"embeddable":true,"href":"https:\/\/calatorinromania.com\/index.php?rest_route=%2Fwp%2Fv2%2Fcomments&post=43380"}],"version-history":[{"count":1,"href":"https:\/\/calatorinromania.com\/index.php?rest_route=\/wp\/v2\/posts\/43380\/revisions"}],"predecessor-version":[{"id":43381,"href":"https:\/\/calatorinromania.com\/index.php?rest_route=\/wp\/v2\/posts\/43380\/revisions\/43381"}],"wp:featuredmedia":[{"embeddable":true,"href":"https:\/\/calatorinromania.com\/index.php?rest_route=\/wp\/v2\/media\/43150"}],"wp:attachment":[{"href":"https:\/\/calatorinromania.com\/index.php?rest_route=%2Fwp%2Fv2%2Fmedia&parent=43380"}],"wp:term":[{"taxonomy":"category","embeddable":true,"href":"https:\/\/calatorinromania.com\/index.php?rest_route=%2Fwp%2Fv2%2Fcategories&post=43380"},{"taxonomy":"post_tag","embeddable":true,"href":"https:\/\/calatorinromania.com\/index.php?rest_route=%2Fwp%2Fv2%2Ftags&post=43380"}],"curies":[{"name":"wp","href":"https:\/\/api.w.org\/{rel}","templated":true}]}}