{"id":43378,"date":"2025-11-11T10:44:10","date_gmt":"2025-11-11T10:44:10","guid":{"rendered":"https:\/\/calatorinromania.com\/?p=43378"},"modified":"2025-11-11T10:44:11","modified_gmt":"2025-11-11T10:44:11","slug":"colega-mea-mi-a-cerut-imprumut-40-000-de-lei-si-apoi-a-disparut-2","status":"publish","type":"post","link":"https:\/\/calatorinromania.com\/?p=43378","title":{"rendered":"Colega mea mi-a cerut \u00eemprumut 40.000 de lei \u0219i apoi a disp\u0103rut"},"content":{"rendered":"\n<p>\u2026un contract de dona\u021bie. Scria negru pe alb c\u0103 \u00eemi l\u0103sa mie o cas\u0103, cu totul mobilat\u0103, situat\u0103 \u00een centrul Bra\u0219ovului. Sub semn\u0103tur\u0103, o not\u0103 mic\u0103, scris\u0103 de m\u00e2n\u0103: \u201e\u021ai-am spus c\u0103 \u00eentr-o zi o s\u0103-\u021bi dau totul \u00eenapoi. Iart\u0103-m\u0103 c\u0103 a durat at\u00e2t.\u201d<\/p>\n\n\n\n<p><\/p>\n\n\n\n<p>Am r\u0103mas \u00eempietrit\u0103. Inima \u00eemi b\u0103tea at\u00e2t de tare, \u00eenc\u00e2t sim\u021beam c\u0103 toat\u0103 lumea o poate auzi. \u00cen jur, invita\u021bii \u0219u\u0219oteau. Radu s-a apropiat, uimit, dar eu nu puteam spune nimic.<\/p>\n\n\n\n<p><\/p>\n\n\n\n<p>M-am uitat la Hanna. Z\u00e2mbea. Dar nu era z\u00e2mbetul de alt\u0103dat\u0103. Ochii ei erau obosi\u021bi, goi. Am f\u0103cut un pas spre ea, dar s-a retras. \u201eE totul \u00een regul\u0103, Ana. Nu trebuie s\u0103 spui nimic. Doar\u2026 tr\u0103ie\u0219te frumos.\u201d<\/p>\n\n\n\n<p><\/p>\n\n\n\n<p>Apoi s-a \u00eentors, a urcat \u00een ma\u0219in\u0103 \u0219i a plecat, l\u0103s\u00e2nd \u00een urm\u0103 parfum \u0219i t\u0103cere.<\/p>\n\n\n\n<p><\/p>\n\n\n\n<p>Nimeni nu \u00een\u021belegea ce se \u00eent\u00e2mplase. Unii credeau c\u0103 era o glum\u0103. Al\u021bii se uitau la mine a\u0219tept\u00e2nd s\u0103 izbucnesc. Dar eu am pus foaia \u00een poal\u0103, am \u00eenchis ochii \u0219i am \u0219tiut: nu era o r\u0103zbunare. Era o desp\u0103r\u021bire. Definitiv\u0103.<\/p>\n\n\n\n<p><\/p>\n\n\n\n<p>Seara, dup\u0103 ce to\u021bi au plecat, am stat singur\u0103, \u00een lini\u0219tea dormitorului. L\u00e2ng\u0103 mine, Radu dormea, epuizat de emo\u021bii. Eu \u021bineam h\u00e2rtia \u00een m\u00e2n\u0103 \u0219i pl\u00e2ngeam. Nu pentru bani. Nici pentru cas\u0103. Ci pentru prietenia aceea care murise demult, dar care, \u00eentr-un fel ciudat, tocmai fusese \u00eengropat\u0103 cu demnitate.<\/p>\n\n\n\n<p><\/p>\n\n\n\n<p>Peste o s\u0103pt\u0103m\u00e2n\u0103 am mers la Bra\u0219ov. Adresa exista. Era o cas\u0103 mic\u0103, frumoas\u0103, cu un liliac mov \u00een curte. Vecina de al\u0103turi, o b\u0103tr\u00e2n\u0103 cu batic, mi-a spus c\u0103 \u201edoamna Hanna\u201d plecase din \u021bar\u0103 cu c\u00e2teva luni \u00eenainte. Nu \u0219tia unde. Dar \u0219tia c\u0103 venea zilnic \u0219i uda florile.<\/p>\n\n\n\n<p><\/p>\n\n\n\n<p>Pe pervaz, \u00eentr-un ghiveci, am g\u0103sit o cutiu\u021b\u0103. \u00cen\u0103untru, o fotografie veche cu noi dou\u0103, \u00een c\u0103min, r\u00e2z\u00e2nd printre c\u0103ni de cafea \u0219i pachete de t\u0103i\u021bei. Pe spate, scria: \u201ePentru zilele \u00een care credeam c\u0103 lumea e simpl\u0103 \u0219i inimile nu se fr\u00e2ng.\u201d<\/p>\n\n\n\n<p><\/p>\n\n\n\n<p>Atunci am \u00een\u021beles. Hanna nu fugise de mine. Fugise de ea \u00eens\u0103\u0219i. De ru\u0219inea de a fi c\u0103zut, de neputin\u021ba de a cere ajutor din nou. Poate c\u0103 banii mei o scoseser\u0103 dintr-o gaur\u0103 ad\u00e2nc\u0103, poate \u00eei schimbase via\u021ba\u2026 dar pierduse ceva mult mai scump: \u00eencrederea.<\/p>\n\n\n\n<p>Am v\u00e2ndut casa. Nu pentru bani, ci pentru lini\u0219te. Cu banii am cump\u0103rat o buc\u0103\u021bic\u0103 de teren la marginea Clujului \u0219i am ridicat o c\u0103su\u021b\u0103 mic\u0103, alb\u0103, cu trandafiri \u00een fa\u021b\u0103. Acolo, \u00eentr-o camer\u0103, am pus fotografia noastr\u0103 \u00eenr\u0103mat\u0103, cu o lum\u00e2nare l\u00e2ng\u0103.<\/p>\n\n\n\n<p>Uneori, seara, c\u00e2nd bate v\u00e2ntul \u0219i miroase a liliac, am impresia c\u0103 o aud r\u00e2z\u00e2nd. Nu \u0219tiu dac\u0103 e amintirea, sau dac\u0103 undeva, departe, Hanna chiar z\u00e2mbe\u0219te.<\/p>\n\n\n\n<p>Dar \u0219tiu sigur un lucru: iertarea adev\u0103rat\u0103 nu se scrie pe o foaie. Se simte. Se construie\u0219te, zi de zi, p\u00e2n\u0103 c\u00e2nd sufletul nu mai doare.<\/p>\n\n\n\n<p>Iar \u00een ziua aceea, la propria mea nunt\u0103, am primit cel mai nea\u0219teptat dar din lume: nu o cas\u0103. Ci libertatea de a o ierta.<\/p>\n\n\n\n<p><em>Aceast\u0103 lucrare este inspirat\u0103 din evenimente \u0219i persoane reale, \u00eens\u0103 a fost fic\u021bionalizat\u0103 \u00een scopuri creative. Numele, personajele \u0219i detaliile au fost schimbate pentru a proteja intimitatea \u0219i pentru a \u00eembun\u0103t\u0103\u021bi nara\u021biunea. Orice asem\u0103nare cu persoane reale, \u00een via\u021b\u0103 sau decedate, sau cu evenimente reale este pur \u00eent\u00e2mpl\u0103toare \u0219i nu este inten\u021bionat\u0103 de c\u0103tre autor.<\/em><\/p>\n\n\n\n<p><em>Autorul \u0219i editorul nu \u00ee\u0219i asum\u0103 responsabilitatea pentru exactitatea evenimentelor sau pentru modul \u00een care sunt portretizate personajele \u0219i nu sunt r\u0103spunz\u0103tori pentru eventuale interpret\u0103ri gre\u0219ite. Aceast\u0103 poveste este oferit\u0103 \u201eca atare\u201d, iar orice opinii exprimate apar\u021bin personajelor \u0219i nu reflect\u0103 punctele de vedere ale autorului sau ale editorului.<\/em><\/p>\n","protected":false},"excerpt":{"rendered":"<p>\u2026un contract de dona\u021bie. Scria negru pe alb c\u0103 \u00eemi l\u0103sa mie o cas\u0103, cu totul mobilat\u0103, situat\u0103 \u00een centrul Bra\u0219ovului. Sub semn\u0103tur\u0103, o not\u0103<\/p>\n","protected":false},"author":1,"featured_media":43150,"comment_status":"closed","ping_status":"closed","sticky":false,"template":"","format":"standard","meta":[],"categories":[1],"tags":[],"_links":{"self":[{"href":"https:\/\/calatorinromania.com\/index.php?rest_route=\/wp\/v2\/posts\/43378"}],"collection":[{"href":"https:\/\/calatorinromania.com\/index.php?rest_route=\/wp\/v2\/posts"}],"about":[{"href":"https:\/\/calatorinromania.com\/index.php?rest_route=\/wp\/v2\/types\/post"}],"author":[{"embeddable":true,"href":"https:\/\/calatorinromania.com\/index.php?rest_route=\/wp\/v2\/users\/1"}],"replies":[{"embeddable":true,"href":"https:\/\/calatorinromania.com\/index.php?rest_route=%2Fwp%2Fv2%2Fcomments&post=43378"}],"version-history":[{"count":1,"href":"https:\/\/calatorinromania.com\/index.php?rest_route=\/wp\/v2\/posts\/43378\/revisions"}],"predecessor-version":[{"id":43379,"href":"https:\/\/calatorinromania.com\/index.php?rest_route=\/wp\/v2\/posts\/43378\/revisions\/43379"}],"wp:featuredmedia":[{"embeddable":true,"href":"https:\/\/calatorinromania.com\/index.php?rest_route=\/wp\/v2\/media\/43150"}],"wp:attachment":[{"href":"https:\/\/calatorinromania.com\/index.php?rest_route=%2Fwp%2Fv2%2Fmedia&parent=43378"}],"wp:term":[{"taxonomy":"category","embeddable":true,"href":"https:\/\/calatorinromania.com\/index.php?rest_route=%2Fwp%2Fv2%2Fcategories&post=43378"},{"taxonomy":"post_tag","embeddable":true,"href":"https:\/\/calatorinromania.com\/index.php?rest_route=%2Fwp%2Fv2%2Ftags&post=43378"}],"curies":[{"name":"wp","href":"https:\/\/api.w.org\/{rel}","templated":true}]}}