{"id":43366,"date":"2025-11-11T07:59:27","date_gmt":"2025-11-11T07:59:27","guid":{"rendered":"https:\/\/calatorinromania.com\/?p=43366"},"modified":"2026-04-24T07:44:45","modified_gmt":"2026-04-24T07:44:45","slug":"m-am-culcat-cu-un-necunoscut-la-65-de-ani","status":"publish","type":"post","link":"https:\/\/calatorinromania.com\/?p=43366","title":{"rendered":"M-am culcat cu un necunoscut la 65 de ani\u2026"},"content":{"rendered":"\n<p>\u2026fiul femeii pe care o \u00eengrijise odinioar\u0103.<\/p>\n\n\n\n<p><\/p>\n\n\n\n<p>Am sim\u021bit cum \u00eemi fuge p\u0103m\u00e2ntul de sub picioare. Am citit din nou, r\u00e2nd cu r\u00e2nd, \u00eencerc\u00e2nd s\u0103 \u00een\u021beleg. Sub semn\u0103tur\u0103, un nume:&nbsp;<strong>Andrei<\/strong>.<\/p>\n\n\n\n<p><\/p>\n\n\n\n<p>Am dus m\u00e2na la gur\u0103. \u00cemi amintisem brusc. Cu dou\u0103zeci de ani \u00een urm\u0103, o femeie bolnav\u0103 \u00eemi \u00eencredin\u021base b\u0103iatul ei adolescent. Eu o ajutasem, \u00eei duceam medicamente, \u00eei aduceam m\u00e2ncare cald\u0103. Dup\u0103 ce murise, nu-l mai v\u0103zusem niciodat\u0103. B\u0103iatul plecase la ora\u0219, iar via\u021ba m-a purtat \u00een alt\u0103 parte.<\/p>\n\n\n\n<p><\/p>\n\n\n\n<p>M-am a\u0219ezat pe marginea patului, cu plicul \u00een bra\u021be. Pe mas\u0103, l\u00e2ng\u0103 fotografie, era o bancnot\u0103 de 50 de lei \u0219i un bilet mic:<\/p>\n\n\n\n<p><br>\u201ePentru drumul \u00eenapoi acas\u0103. Nu pentru c\u0103 ai nevoie de bani, ci pentru c\u0103 ai avut curajul s\u0103 te bucuri de via\u021b\u0103.\u201d<\/p>\n\n\n\n<p><\/p>\n\n\n\n<p>Mi-au dat lacrimile. Nu \u0219tiam dac\u0103 s\u0103 fiu ru\u0219inat\u0103, recunosc\u0103toare sau \u00eendurerat\u0103. M-am uitat din nou la fotografie. Chipul meu, luminat de galbenul bl\u00e2nd al l\u0103mpii, p\u0103rea al unei femei care, pentru o noapte, \u0219i-a amintit cum e s\u0103 tr\u0103iasc\u0103.<\/p>\n\n\n\n<p><\/p>\n\n\n\n<p>Am plecat din camer\u0103 \u00eencet, f\u0103r\u0103 s\u0103 privesc \u00eenapoi. Ora\u0219ul era \u00eenc\u0103 adormit. Mi-am cump\u0103rat o cafea de la un chio\u0219c \u0219i am stat pe o banc\u0103, urm\u0103rind oamenii gr\u0103bi\u021bi. \u00cen suflet, nu mai era ru\u0219ine, doar o ciudat\u0103 senza\u021bie de eliberare.<\/p>\n\n\n\n<p><\/p>\n\n\n\n<p>C\u00e2teva zile mai t\u00e2rziu, am primit o scrisoare. Era de la Andrei. Spunea c\u0103 voia s\u0103 m\u0103 caute de ani de zile, dar nu avusese curajul. C\u0103 \u00een noaptea aceea nu se apropiase de mine din dorin\u021b\u0103, ci dintr-o nevoie ad\u00e2nc\u0103 de a \u00een\u021belege ce \u00eenseamn\u0103 tandre\u021bea adev\u0103rat\u0103. \u201eAi fost prima persoan\u0103 care mi-a ar\u0103tat ce \u00eenseamn\u0103 bun\u0103tatea, c\u00e2nd eram doar un copil pierdut. Acum \u021bi-am redat, pentru o clip\u0103, ceea ce mi-ai oferit atunci: c\u0103ldur\u0103.\u201d<\/p>\n\n\n\n<p>Am str\u00e2ns scrisoarea la piept. \u00cen mine, se amestecau lacrimile \u0219i z\u00e2mbetul. Poate c\u0103 destinul are felul lui ciudat de a ne \u00eentoarce lec\u021biile pe care le-am d\u0103ruit altora.<\/p>\n\n\n\n<p>De atunci, \u00een fiecare zi, m\u0103 uit la fotografia de pe noptier\u0103. Nu ca la o amintire ru\u0219inoas\u0103, ci ca la o dovad\u0103 c\u0103 via\u021ba nu se termin\u0103 odat\u0103 cu v\u00e2rsta. C\u0103 sufletul omului poate rena\u0219te dintr-o singur\u0103 privire, dintr-o clip\u0103 de curaj.<\/p>\n\n\n\n<p>\u00centr-o diminea\u021b\u0103, am ie\u0219it \u00een curte \u0219i am privit c\u00e2mpul acoperit de rou\u0103. Aerul mirosea a iarb\u0103 proasp\u0103t\u0103, iar cerul avea culoarea unui \u00eenceput nou. M-am g\u00e2ndit la Andrei. Poate c\u0103 nu-l voi mai vedea niciodat\u0103, dar, undeva, \u00eentre noi, r\u0103m\u0103sese o leg\u0103tur\u0103 t\u0103cut\u0103, una care nu avea nevoie de cuvinte.<\/p>\n\n\n\n<p>M-am \u00eentors \u00een cas\u0103, am aprins radioul \u0219i am \u00eenceput s\u0103 dansez \u00eencet, singur\u0103. Nu mai eram femeia singuratic\u0103 de la fereastr\u0103. Eram o femeie care tr\u0103ise, care gre\u0219ise, dar care sim\u021bea din nou.<\/p>\n\n\n\n<p>\u0218i, pentru prima dat\u0103 dup\u0103 mult timp, am z\u00e2mbit cu adev\u0103rat.<\/p>\n\n\n\n<p><em>Aceast\u0103 lucrare este inspirat\u0103 din evenimente \u0219i persoane reale, \u00eens\u0103 a fost fic\u021bionalizat\u0103 \u00een scopuri creative. Numele, personajele \u0219i detaliile au fost schimbate pentru a proteja intimitatea \u0219i pentru a \u00eembun\u0103t\u0103\u021bi nara\u021biunea. Orice asem\u0103nare cu persoane reale, \u00een via\u021b\u0103 sau decedate, sau cu evenimente reale este pur \u00eent\u00e2mpl\u0103toare \u0219i nu este inten\u021bionat\u0103 de c\u0103tre autor.<\/em><\/p>\n\n\n\n<p><em>Autorul \u0219i editorul nu \u00ee\u0219i asum\u0103 responsabilitatea pentru exactitatea evenimentelor sau pentru modul \u00een care sunt portretizate personajele \u0219i nu sunt r\u0103spunz\u0103tori pentru eventuale interpret\u0103ri gre\u0219ite. Aceast\u0103 poveste este oferit\u0103 \u201eca atare\u201d, iar orice opinii exprimate apar\u021bin personajelor \u0219i nu reflect\u0103 punctele de vedere ale autorului sau ale editorului.<\/em><\/p>\n","protected":false},"excerpt":{"rendered":"<p>\u2026fiul femeii pe care o \u00eengrijise odinioar\u0103. Am sim\u021bit cum \u00eemi fuge p\u0103m\u00e2ntul de sub picioare. Am citit din nou, r\u00e2nd cu r\u00e2nd, \u00eencerc\u00e2nd s\u0103<\/p>\n","protected":false},"author":1,"featured_media":43150,"comment_status":"closed","ping_status":"closed","sticky":false,"template":"","format":"standard","meta":[],"categories":[1],"tags":[],"_links":{"self":[{"href":"https:\/\/calatorinromania.com\/index.php?rest_route=\/wp\/v2\/posts\/43366"}],"collection":[{"href":"https:\/\/calatorinromania.com\/index.php?rest_route=\/wp\/v2\/posts"}],"about":[{"href":"https:\/\/calatorinromania.com\/index.php?rest_route=\/wp\/v2\/types\/post"}],"author":[{"embeddable":true,"href":"https:\/\/calatorinromania.com\/index.php?rest_route=\/wp\/v2\/users\/1"}],"replies":[{"embeddable":true,"href":"https:\/\/calatorinromania.com\/index.php?rest_route=%2Fwp%2Fv2%2Fcomments&post=43366"}],"version-history":[{"count":2,"href":"https:\/\/calatorinromania.com\/index.php?rest_route=\/wp\/v2\/posts\/43366\/revisions"}],"predecessor-version":[{"id":47451,"href":"https:\/\/calatorinromania.com\/index.php?rest_route=\/wp\/v2\/posts\/43366\/revisions\/47451"}],"wp:featuredmedia":[{"embeddable":true,"href":"https:\/\/calatorinromania.com\/index.php?rest_route=\/wp\/v2\/media\/43150"}],"wp:attachment":[{"href":"https:\/\/calatorinromania.com\/index.php?rest_route=%2Fwp%2Fv2%2Fmedia&parent=43366"}],"wp:term":[{"taxonomy":"category","embeddable":true,"href":"https:\/\/calatorinromania.com\/index.php?rest_route=%2Fwp%2Fv2%2Fcategories&post=43366"},{"taxonomy":"post_tag","embeddable":true,"href":"https:\/\/calatorinromania.com\/index.php?rest_route=%2Fwp%2Fv2%2Ftags&post=43366"}],"curies":[{"name":"wp","href":"https:\/\/api.w.org\/{rel}","templated":true}]}}