{"id":43362,"date":"2025-11-11T07:50:40","date_gmt":"2025-11-11T07:50:40","guid":{"rendered":"https:\/\/calatorinromania.com\/?p=43362"},"modified":"2025-11-11T07:50:40","modified_gmt":"2025-11-11T07:50:40","slug":"talharii-din-padure-au-atacat-o-femeie-imbracata-in-uniforma-militara","status":"publish","type":"post","link":"https:\/\/calatorinromania.com\/?p=43362","title":{"rendered":"T\u00e2lharii din p\u0103dure au atacat o femeie \u00eembr\u0103cat\u0103 \u00een uniform\u0103 militar\u0103"},"content":{"rendered":"\n<p>\u00centr-o frac\u021biune de secund\u0103, femeia \u00eel prinse de \u00eencheietur\u0103 \u0219i, cu o mi\u0219care sigur\u0103, \u00eel tr\u00e2nti la p\u0103m\u00e2nt. Sunetul sec al corpului izbit de p\u0103m\u00e2nt f\u0103cu ceilal\u021bi b\u0103rba\u021bi s\u0103 amu\u021beasc\u0103 pentru o clip\u0103.<\/p>\n\n\n\n<p><\/p>\n\n\n\n<p>\u2014 Ce naiba\u2026 \u2014 morm\u0103i unul, sco\u021b\u00e2nd un cu\u021bit.<\/p>\n\n\n\n<p><\/p>\n\n\n\n<p>Dar \u00eenainte s\u0103 apuce s\u0103 se apropie, femeia scoase un gest rapid din buzunarul uniformei \u0219i, \u00eentr-o clipit\u0103, lama b\u0103rbatului zbur\u0103 \u00een iarb\u0103. Se vedea clar c\u0103 nu era o simpl\u0103 trec\u0103toare. Fiecare mi\u0219care a ei era calculat\u0103, disciplinat\u0103.<\/p>\n\n\n\n<p><\/p>\n\n\n\n<p>\u2014 Cine e\u0219ti, femeie? \u2014 url\u0103 unul, d\u00e2nd \u00eenapoi.<\/p>\n\n\n\n<p><\/p>\n\n\n\n<p>\u2014 Cineva care n-are chef s\u0103 mai vad\u0103 oameni neputincio\u0219i b\u0103tu\u021bi, r\u0103spunse ea rece.<\/p>\n\n\n\n<p><\/p>\n\n\n\n<p>T\u0103cerea care se l\u0103s\u0103 pentru o clip\u0103 era grea. B\u0103tr\u00e2nul, cu ochii tulburi, abia reu\u0219ea s\u0103 respire. Tremura \u0219i \u00eencerca s\u0103 se ridice, dar femeia \u00eel lini\u0219ti dintr-o privire.<\/p>\n\n\n\n<p><\/p>\n\n\n\n<p>\u2014 Stai jos, tataie. Acum e r\u00e2ndul lor s\u0103 primeasc\u0103.<\/p>\n\n\n\n<p><\/p>\n\n\n\n<p>Unul dintre t\u00e2lhari se repezi din lateral, dar ea \u00eel \u00eent\u00e2mpin\u0103 cu o lovitur\u0103 scurt\u0103 \u00een stomac. A c\u0103zut \u00een genunchi, g\u00e2f\u00e2ind, iar ceilal\u021bi doi s-au aruncat am\u00e2ndoi asupra ei. \u00cen ciuda for\u021bei lor, femeia se mi\u0219ca cu o precizie incredibil\u0103. Evita, lovea, se rotea \u2014 fiecare gest ar\u0103ta ani de antrenament.<\/p>\n\n\n\n<p><\/p>\n\n\n\n<p>\u00cen mai pu\u021bin de un minut, to\u021bi patru z\u0103ceau la p\u0103m\u00e2nt, gem\u00e2nd \u0219i \u00eenjur\u00e2nd.<\/p>\n\n\n\n<p>Ea se opri, respir\u00e2nd ad\u00e2nc. Apoi scoase din buzunar un telefon \u0219i form\u0103 un num\u0103r scurt.<\/p>\n\n\n\n<p>\u2014 Da, sunt \u00een p\u0103durea de la marginea satului M\u0103gura. Am patru indivizi la p\u0103m\u00e2nt, to\u021bi \u00eenarma\u021bi. Trimite\u021bi o echip\u0103.<\/p>\n\n\n\n<p>Vocea calm\u0103 \u0219i autoritar\u0103 i-ar fi f\u0103cut pe mul\u021bi s\u0103 cread\u0103 c\u0103 e o ofi\u021ber\u0103 de carier\u0103. \u0218i aveau dreptate. Era c\u0103pitanul Andreea Petrescu, din trupele speciale, \u00een misiune neanun\u021bat\u0103. Venise \u00een zon\u0103 pentru altceva, dar instinctul ei n-a putut s-o lase indiferent\u0103 la ceea ce v\u0103zuse.<\/p>\n\n\n\n<p>Dup\u0103 c\u00e2teva minute, sirenele ma\u0219inilor de poli\u021bie au spart lini\u0219tea p\u0103durii.<\/p>\n\n\n\n<p>\u2014 Oameni buni, ce-i aici? \u2014 strig\u0103 un poli\u021bist cobor\u00e2nd din ma\u0219in\u0103.<\/p>\n\n\n\n<p>\u2014 Patru incon\u0219tien\u021bi, unul \u00eenarmat. B\u0103tr\u00e2nul are nevoie de ambulan\u021b\u0103, spuse ea scurt, sprijinindu-l pe om.<\/p>\n\n\n\n<p>B\u0103tr\u00e2nul o privi cu lacrimi \u00een ochi.<\/p>\n\n\n\n<p>\u2014 Fata mea\u2026 nici nu \u0219tiu cum s\u0103-\u021bi mul\u021bumesc\u2026 dac\u0103 nu veneai tu, eram terminat.<\/p>\n\n\n\n<p>Andreea z\u00e2mbi u\u0219or.<\/p>\n\n\n\n<p>\u2014 Nu trebuie s\u0103-mi mul\u021bume\u0219ti. Doar ai grij\u0103 de tine \u0219i nu mai umbla singur prin p\u0103dure. Lumea s-a schimbat.<\/p>\n\n\n\n<p>C\u00e2nd echipa medical\u0103 \u00eel urca pe b\u0103tr\u00e2n \u00een ambulan\u021b\u0103, unul dintre t\u00e2lhari, cu vocea stins\u0103, morm\u0103i:<\/p>\n\n\n\n<p>\u2014 Tu\u2026 n-ai idee\u2026 cine\u2026 suntem noi.<\/p>\n\n\n\n<p>Andreea se \u00eentoarse spre el, cu privirea t\u0103ioas\u0103.<\/p>\n\n\n\n<p>\u2014 Ba da. \u0218tiu exact. Ni\u0219te oameni care au crezut c\u0103 pot face r\u0103u f\u0103r\u0103 s\u0103 pl\u0103teasc\u0103. Dar fiecare are ziua lui. A voastr\u0103 a venit azi.<\/p>\n\n\n\n<p>Poli\u021bistul d\u0103du din cap, impresionat.<\/p>\n\n\n\n<p>\u2014 Doamn\u0103, sincer\u2026 a\u0219 vrea s\u0103 avem mai mul\u021bi ca dumneavoastr\u0103 \u00een \u021bara asta.<\/p>\n\n\n\n<p>Ea \u00ee\u0219i potrivi cascheta, f\u0103cu un pas \u00eenapoi \u0219i spuse simplu:<\/p>\n\n\n\n<p>\u2014 Nu e vorba de curaj. E vorba de a nu \u00eentoarce privirea c\u00e2nd cineva e \u00een pericol.<\/p>\n\n\n\n<p>Pe m\u0103sur\u0103 ce pleca spre marginea p\u0103durii, soarele \u00eencepea s\u0103 r\u0103sar\u0103 printre crengi. Lumina \u00eei atingea uniforma, iar aerul rece p\u0103rea s\u0103 se umple cu un soi de lini\u0219te nou\u0103 \u2014 una care venea dup\u0103 furtun\u0103.<\/p>\n\n\n\n<p>B\u0103tr\u00e2nul o privi din ambulan\u021b\u0103, \u0219optind printre lacrimi:<\/p>\n\n\n\n<p>\u2014 Dumnezeu s\u0103 te binecuv\u00e2nteze, feti\u021bo\u2026 ai fost \u00eengerul meu azi.<\/p>\n\n\n\n<p>\u0218i, pentru prima dat\u0103 dup\u0103 mult timp, femeia \u00een uniform\u0103 z\u00e2mbi cu adev\u0103rat.<\/p>\n\n\n\n<p><em>Aceast\u0103 lucrare este inspirat\u0103 din evenimente \u0219i persoane reale, \u00eens\u0103 a fost fic\u021bionalizat\u0103 \u00een scopuri creative. Numele, personajele \u0219i detaliile au fost schimbate pentru a proteja intimitatea \u0219i pentru a \u00eembun\u0103t\u0103\u021bi nara\u021biunea. Orice asem\u0103nare cu persoane reale, \u00een via\u021b\u0103 sau decedate, sau cu evenimente reale este pur \u00eent\u00e2mpl\u0103toare \u0219i nu este inten\u021bionat\u0103 de c\u0103tre autor.<\/em><\/p>\n\n\n\n<p><em>Autorul \u0219i editorul nu \u00ee\u0219i asum\u0103 responsabilitatea pentru exactitatea evenimentelor sau pentru modul \u00een care sunt portretizate personajele \u0219i nu sunt r\u0103spunz\u0103tori pentru eventuale interpret\u0103ri gre\u0219ite. Aceast\u0103 poveste este oferit\u0103 \u201eca atare\u201d, iar orice opinii exprimate apar\u021bin personajelor \u0219i nu reflect\u0103 punctele de vedere ale autorului sau ale editorului.<\/em><\/p>\n","protected":false},"excerpt":{"rendered":"<p>\u00centr-o frac\u021biune de secund\u0103, femeia \u00eel prinse de \u00eencheietur\u0103 \u0219i, cu o mi\u0219care sigur\u0103, \u00eel tr\u00e2nti la p\u0103m\u00e2nt. Sunetul sec al corpului izbit de p\u0103m\u00e2nt<\/p>\n","protected":false},"author":1,"featured_media":43150,"comment_status":"closed","ping_status":"closed","sticky":false,"template":"","format":"standard","meta":[],"categories":[1],"tags":[],"_links":{"self":[{"href":"https:\/\/calatorinromania.com\/index.php?rest_route=\/wp\/v2\/posts\/43362"}],"collection":[{"href":"https:\/\/calatorinromania.com\/index.php?rest_route=\/wp\/v2\/posts"}],"about":[{"href":"https:\/\/calatorinromania.com\/index.php?rest_route=\/wp\/v2\/types\/post"}],"author":[{"embeddable":true,"href":"https:\/\/calatorinromania.com\/index.php?rest_route=\/wp\/v2\/users\/1"}],"replies":[{"embeddable":true,"href":"https:\/\/calatorinromania.com\/index.php?rest_route=%2Fwp%2Fv2%2Fcomments&post=43362"}],"version-history":[{"count":1,"href":"https:\/\/calatorinromania.com\/index.php?rest_route=\/wp\/v2\/posts\/43362\/revisions"}],"predecessor-version":[{"id":43363,"href":"https:\/\/calatorinromania.com\/index.php?rest_route=\/wp\/v2\/posts\/43362\/revisions\/43363"}],"wp:featuredmedia":[{"embeddable":true,"href":"https:\/\/calatorinromania.com\/index.php?rest_route=\/wp\/v2\/media\/43150"}],"wp:attachment":[{"href":"https:\/\/calatorinromania.com\/index.php?rest_route=%2Fwp%2Fv2%2Fmedia&parent=43362"}],"wp:term":[{"taxonomy":"category","embeddable":true,"href":"https:\/\/calatorinromania.com\/index.php?rest_route=%2Fwp%2Fv2%2Fcategories&post=43362"},{"taxonomy":"post_tag","embeddable":true,"href":"https:\/\/calatorinromania.com\/index.php?rest_route=%2Fwp%2Fv2%2Ftags&post=43362"}],"curies":[{"name":"wp","href":"https:\/\/api.w.org\/{rel}","templated":true}]}}