{"id":43356,"date":"2025-11-11T07:29:08","date_gmt":"2025-11-11T07:29:08","guid":{"rendered":"https:\/\/calatorinromania.com\/?p=43356"},"modified":"2025-11-11T07:30:15","modified_gmt":"2025-11-11T07:30:15","slug":"m-am-intors-mai-devreme-ca-sa-mi-surprind-sotia-de-craciun-am-gasit-o-plangand-pe-balcon","status":"publish","type":"post","link":"https:\/\/calatorinromania.com\/?p=43356","title":{"rendered":"\u201dM-am \u00eentors mai devreme ca s\u0103-mi surprind so\u021bia de Cr\u0103ciun \u2013 Am g\u0103sit-o pl\u00e2ng\u00e2nd pe balcon\u201d"},"content":{"rendered":"\n<p>Am stat \u00een gr\u0103din\u0103 minute \u00een \u0219ir, ascult\u00e2nd cum r\u00e2setele lor se amestecau cu clinchetul paharelor. \u00cen tot acest timp, am sim\u021bit cum ceva \u00een mine se rupe. Nu era doar tr\u0103darea fiului meu. Era t\u0103cerea so\u021biei mele, lacrimile ei pe care nu le putusem opri.<\/p>\n\n\n\n<p><\/p>\n\n\n\n<p>M-am strecurat \u00een spatele casei, acolo unde, cu ani \u00een urm\u0103, \u00eemi petreceam serile construind balansoarul pentru Clara. \u00cen col\u021b, sub un ghiveci pr\u0103fuit, se afla cutia mic\u0103 de metal \u00een care \u021bineam documentele originale ale propriet\u0103\u021bii. \u00centotdeauna am avut un instinct pentru siguran\u021b\u0103 \u2014 poate pentru c\u0103 via\u021ba m-a \u00eenv\u0103\u021bat c\u0103 omul devine lacom atunci c\u00e2nd nu a muncit pentru ce are.<\/p>\n\n\n\n<p><\/p>\n\n\n\n<p>Am intrat pe u\u0219a din spate, f\u0103r\u0103 zgomot. Mi-am scos pantofii \u0219i am urcat sc\u0103rile ca o umbr\u0103. \u00cen dormitor, lumina slab\u0103 a veiozei se juca pe fa\u021ba Clarei. Se schimbase. \u00cen ochii ei nu mai era lumina femeii care m-a \u00eenso\u021bit toat\u0103 via\u021ba, ci umbra unei so\u021bii r\u0103nite, care \u00eencerca s\u0103 \u00een\u021beleag\u0103 cum propriul fiu putea s\u0103 o distrug\u0103.<\/p>\n\n\n\n<p><\/p>\n\n\n\n<p>\u2014 Clara\u2026 am \u0219optit.<\/p>\n\n\n\n<p><\/p>\n\n\n\n<p>Ea a tres\u0103rit, apoi s-a \u00eentors brusc. C\u00e2nd m-a v\u0103zut, lacrimile i s-au amestecat cu un z\u00e2mbet ne\u00eencrez\u0103tor.<\/p>\n\n\n\n<p><\/p>\n\n\n\n<p>\u2014 Mircea?! Dumnezeule\u2026 tu\u2026 te-ai \u00eentors?<\/p>\n\n\n\n<p><\/p>\n\n\n\n<p>Am dat din cap \u0219i am prins-o \u00een bra\u021be. \u00cen clipa aceea, n-a mai contat nimic. Nici afacerea, nici banii, nici tr\u0103darea. Doar promisiunea c\u0103 nu o voi mai l\u0103sa singur\u0103 \u00een fa\u021ba lupilor.<\/p>\n\n\n\n<p><\/p>\n\n\n\n<p>\u2014 I-am auzit, am spus. Tot.<\/p>\n\n\n\n<p><\/p>\n\n\n\n<p>Ea a izbucnit din nou \u00een pl\u00e2ns, dar de data asta lacrimile ei erau de u\u0219urare. P\u00e2n\u0103 diminea\u021b\u0103, casa era cufundat\u0103 \u00een lini\u0219te. Cei din sufragerie dormeau, iar eu aveam timp. Am luat toate actele, inclusiv copia de rezerv\u0103 din seiful ascuns \u00een birou. Apoi am sunat avocatul meu, un vechi prieten care \u0219tia exact ce trebuia f\u0103cut.<\/p>\n\n\n\n<p><\/p>\n\n\n\n<p>\u2014 Mircea, dac\u0103 vrei s\u0103-i \u00eenve\u021bi o lec\u021bie, ai grij\u0103. S\u0103 fie una pe care n-o vor uita niciodat\u0103, mi-a spus el.<\/p>\n\n\n\n<p><\/p>\n\n\n\n<p>La ora 6 diminea\u021ba, \u00een timp ce soarele abia m\u00e2ng\u00e2ia acoperi\u0219ul, am cobor\u00e2t \u00een living. \u0218tefan era primul care s-a trezit, buimac, \u00een halatul lui scump. C\u00e2nd m-a v\u0103zut, a \u00eencremenit.<\/p>\n\n\n\n<p><\/p>\n\n\n\n<p>\u2014 T-tat\u0103\u2026?<\/p>\n\n\n\n<p><\/p>\n\n\n\n<p>\u2014 Bun\u0103 diminea\u021ba, am spus calm, turn\u00e2ndu-mi cafeaua. Se pare c\u0103 v-a\u021bi sim\u021bit ca acas\u0103.<\/p>\n\n\n\n<p>Andreea \u0219i p\u0103rin\u021bii ei au ap\u0103rut la r\u00e2ndul lor, fe\u021bele li s-au albit.<\/p>\n\n\n\n<p><\/p>\n\n\n\n<p>\u2014 Surpriz\u0103, am continuat. Cr\u0103ciun fericit!<\/p>\n\n\n\n<p><\/p>\n\n\n\n<p>T\u0103cerea era grea ca piatra. Apoi am scos un dosar gros \u0219i l-am tr\u00e2ntit pe mas\u0103.<\/p>\n\n\n\n<p><\/p>\n\n\n\n<p>\u2014 Aici e actul de v\u00e2nzare al casei. \u0218i aici \u2014 am ridicat un alt teanc \u2014 documentele de transfer c\u0103tre funda\u021bia \u201eClara\u201d, destinat\u0103 copiilor f\u0103r\u0103 ad\u0103post. De azi, aceast\u0103 cas\u0103 nu mai apar\u021bine nim\u0103nui dintre noi.<\/p>\n\n\n\n<p>Ochii lor s-au m\u0103rit.<\/p>\n\n\n\n<p>\u2014 Tat\u0103, nu po\u021bi fi serios\u2026 a b\u00e2iguit \u0218tefan.<\/p>\n\n\n\n<p>\u2014 Ba da. A\u021bi vrut s\u0103 fura\u021bi? S\u0103 distruge\u021bi tot ce am construit? Acum n-ave\u021bi ce s\u0103 fura\u021bi.<\/p>\n\n\n\n<p>Clara a ap\u0103rut \u00een spatele meu, \u00een halat, dar cu o demnitate pe care n-o mai v\u0103zusem de ani buni.<\/p>\n\n\n\n<p>\u2014 Mircea, e\u0219ti sigur?<\/p>\n\n\n\n<p>\u2014 Mai sigur ca niciodat\u0103.<\/p>\n\n\n\n<p>\u0218i pentru prima dat\u0103 \u00een multe luni, am z\u00e2mbit. Nu pentru r\u0103zbunare, ci pentru eliberare. Casa aceea nu mai era o povar\u0103, ci o lec\u021bie. \u0218tefan \u0219i ai lui au plecat f\u0103r\u0103 un cuv\u00e2nt. Clara m-a str\u00e2ns de m\u00e2n\u0103 \u0219i a \u0219optit:<\/p>\n\n\n\n<p>\u2014 Acum suntem liberi.<\/p>\n\n\n\n<p>\u0218i, \u00een timp ce bradul clipa \u00een lumina dimine\u021bii, am \u0219tiut c\u0103 adev\u0103rata avere nu fusese niciodat\u0103 casa. Fusese femeia care \u00eenc\u0103 pl\u00e2ngea de emo\u021bie l\u00e2ng\u0103 mine.<\/p>\n\n\n\n<p><em>Aceast\u0103 lucrare este inspirat\u0103 din evenimente \u0219i persoane reale, \u00eens\u0103 a fost fic\u021bionalizat\u0103 \u00een scopuri creative. Numele, personajele \u0219i detaliile au fost schimbate pentru a proteja intimitatea \u0219i pentru a \u00eembun\u0103t\u0103\u021bi nara\u021biunea. Orice asem\u0103nare cu persoane reale, \u00een via\u021b\u0103 sau decedate, sau cu evenimente reale este pur \u00eent\u00e2mpl\u0103toare \u0219i nu este inten\u021bionat\u0103 de c\u0103tre autor.<\/em><\/p>\n\n\n\n<p><em>Autorul \u0219i editorul nu \u00ee\u0219i asum\u0103 responsabilitatea pentru exactitatea evenimentelor sau pentru modul \u00een care sunt portretizate personajele \u0219i nu sunt r\u0103spunz\u0103tori pentru eventuale interpret\u0103ri gre\u0219ite. Aceast\u0103 poveste este oferit\u0103 \u201eca atare\u201d, iar orice opinii exprimate apar\u021bin personajelor \u0219i nu reflect\u0103 punctele de vedere ale autorului sau ale editorului.<\/em><\/p>\n","protected":false},"excerpt":{"rendered":"<p>Am stat \u00een gr\u0103din\u0103 minute \u00een \u0219ir, ascult\u00e2nd cum r\u00e2setele lor se amestecau cu clinchetul paharelor. \u00cen tot acest timp, am sim\u021bit cum ceva \u00een<\/p>\n","protected":false},"author":1,"featured_media":43150,"comment_status":"closed","ping_status":"closed","sticky":false,"template":"","format":"standard","meta":[],"categories":[1],"tags":[],"_links":{"self":[{"href":"https:\/\/calatorinromania.com\/index.php?rest_route=\/wp\/v2\/posts\/43356"}],"collection":[{"href":"https:\/\/calatorinromania.com\/index.php?rest_route=\/wp\/v2\/posts"}],"about":[{"href":"https:\/\/calatorinromania.com\/index.php?rest_route=\/wp\/v2\/types\/post"}],"author":[{"embeddable":true,"href":"https:\/\/calatorinromania.com\/index.php?rest_route=\/wp\/v2\/users\/1"}],"replies":[{"embeddable":true,"href":"https:\/\/calatorinromania.com\/index.php?rest_route=%2Fwp%2Fv2%2Fcomments&post=43356"}],"version-history":[{"count":1,"href":"https:\/\/calatorinromania.com\/index.php?rest_route=\/wp\/v2\/posts\/43356\/revisions"}],"predecessor-version":[{"id":43357,"href":"https:\/\/calatorinromania.com\/index.php?rest_route=\/wp\/v2\/posts\/43356\/revisions\/43357"}],"wp:featuredmedia":[{"embeddable":true,"href":"https:\/\/calatorinromania.com\/index.php?rest_route=\/wp\/v2\/media\/43150"}],"wp:attachment":[{"href":"https:\/\/calatorinromania.com\/index.php?rest_route=%2Fwp%2Fv2%2Fmedia&parent=43356"}],"wp:term":[{"taxonomy":"category","embeddable":true,"href":"https:\/\/calatorinromania.com\/index.php?rest_route=%2Fwp%2Fv2%2Fcategories&post=43356"},{"taxonomy":"post_tag","embeddable":true,"href":"https:\/\/calatorinromania.com\/index.php?rest_route=%2Fwp%2Fv2%2Ftags&post=43356"}],"curies":[{"name":"wp","href":"https:\/\/api.w.org\/{rel}","templated":true}]}}