{"id":42708,"date":"2025-10-19T09:51:10","date_gmt":"2025-10-19T09:51:10","guid":{"rendered":"https:\/\/calatorinromania.com\/?p=42708"},"modified":"2025-10-19T09:51:10","modified_gmt":"2025-10-19T09:51:10","slug":"pot-sa-cant-pentru-mancare-au-ras-de-copilul-fara-adapost","status":"publish","type":"post","link":"https:\/\/calatorinromania.com\/?p=42708","title":{"rendered":"\u201ePot s\u0103 c\u00e2nt pentru m\u00e2ncare?\u201d Au r\u00e2s de copilul f\u0103r\u0103 ad\u0103post"},"content":{"rendered":"\n<p>C\u00e2nd Sofia a ridicat m\u00e2na s\u0103 cheme paza, un sunet bl\u00e2nd, dar sigur, a umplut \u00eenc\u0103perea.<\/p>\n\n\n\n<p><\/p>\n\n\n\n<p>Matei ridicase vioara, una veche, zg\u00e2riat\u0103, scoas\u0103 din ghiozdanul lui ponosit. Arcu\u0219ul atinsese corzile, iar primele note au plutit prin aer ca o rug\u0103ciune. Toat\u0103 agita\u021bia s-a oprit. Chelnerii, invita\u021bii, chiar \u0219i femeia cu p\u0103rul argintiu \u2014 to\u021bi r\u0103m\u0103seser\u0103 nemi\u0219ca\u021bi.<\/p>\n\n\n\n<p><\/p>\n\n\n\n<p>Sunetul era pur, curat, aproape ireal. De parc\u0103 dintr-un copil descul\u021b se rev\u0103rsase o muzic\u0103 ce aducea cu ea toat\u0103 suferin\u021ba \u0219i toat\u0103 speran\u021ba lumii. \u00cen ochii lui Matei nu mai era team\u0103, doar o lini\u0219te ad\u00e2nc\u0103, ca \u0219i cum ar fi fost acolo, \u00een acel moment, exact unde trebuia s\u0103 fie.<\/p>\n\n\n\n<p><\/p>\n\n\n\n<p>Oamenii au \u00eenceput s\u0103 lase paharele pe mesele de cristal, f\u0103r\u0103 s\u0103-\u0219i dea seama. O femeie a dus m\u00e2na la gur\u0103, altcineva a clipit repede, \u00eencerc\u00e2nd s\u0103-\u0219i ascund\u0103 lacrimile.<\/p>\n\n\n\n<p><\/p>\n\n\n\n<p>C\u00e2nd ultima not\u0103 s-a stins, \u00een sal\u0103 a fost t\u0103cere. Apoi, un b\u0103rbat din spate a \u00eenceput s\u0103 aplaude. Timid la \u00eenceput, dar \u00een c\u00e2teva secunde \u00eentreaga sal\u0103 vibra de aplauze.<\/p>\n\n\n\n<p><\/p>\n\n\n\n<p>Matei a r\u0103mas pe loc, neclintit, \u021bin\u00e2nd vioara aproape de piept. Nu z\u00e2mbea, doar \u00eenclin\u0103 u\u0219or capul, cu modestia unui om care nu \u0219tie c\u0103 a atins inimile celor din jur.<\/p>\n\n\n\n<p><\/p>\n\n\n\n<p>Sofia se apropie din nou, dar de data asta privirea ei nu mai era plin\u0103 de dispre\u021b. Era tulburat\u0103, cu lacrimile str\u0103lucind \u00een ochi.<\/p>\n\n\n\n<p><\/p>\n\n\n\n<p>\u2014 Unde ai \u00eenv\u0103\u021bat s\u0103 c\u00e2n\u021bi a\u0219a?<\/p>\n\n\n\n<p>\u2014 Tata m-a \u00eenv\u0103\u021bat\u2026 \u00eenainte s\u0103 plece, r\u0103spunse b\u0103iatul.<\/p>\n\n\n\n<p>Femeia r\u0103mase t\u0103cut\u0103 o clip\u0103, apoi \u00eei puse o m\u00e2n\u0103 pe um\u0103r.<\/p>\n\n\n\n<p>\u2014 Vrei s\u0103 m\u0103n\u00e2nci ceva, Matei?<\/p>\n\n\n\n<p>El cl\u0103tin\u0103 din cap.<\/p>\n\n\n\n<p>\u2014 Doar dac\u0103 pot c\u00e2nta iar.<\/p>\n\n\n\n<p>C\u00e2teva minute mai t\u00e2rziu, pe scen\u0103, \u00een locul orchestrei de lux, st\u0103tea b\u0103iatul descul\u021b, cu vioara lui veche. Muzica lui a umplut sala mai puternic dec\u00e2t orice discurs caritabil. Iar oamenii, ru\u0219ina\u021bi de propriile r\u00e2sete de mai devreme, au \u00eenceput s\u0103 scoat\u0103 bani, bijuterii, ce aveau la ei.<\/p>\n\n\n\n<p>\u00centr-o or\u0103, pe mas\u0103 se str\u00e2nseser\u0103 mii de lei.<\/p>\n\n\n\n<p>Matei nu a luat nimic. A cerut doar o farfurie de m\u00e2ncare cald\u0103 \u0219i un loc unde s\u0103 doarm\u0103 \u00een noaptea aceea.<\/p>\n\n\n\n<p>Dar a doua zi, toate ziarele vorbeau despre el. \u201eCopilul care a f\u0103cut s\u0103 tac\u0103 o sal\u0103 plin\u0103 de milionari.\u201d<\/p>\n\n\n\n<p>Un profesor de la Conservator l-a c\u0103utat \u0219i i-a oferit o burs\u0103. Sofia a avut grij\u0103 s\u0103 nu mai doarm\u0103 niciodat\u0103 sub cerul liber.<\/p>\n\n\n\n<p>Ani mai t\u00e2rziu, c\u00e2nd Matei a c\u00e2ntat la Ateneul Rom\u00e2n, \u00een prima linie se afla aceea\u0219i femeie cu p\u0103rul argintiu. C\u00e2nd aplauzele au umplut sala, ea a fost prima care s-a ridicat \u00een picioare.<\/p>\n\n\n\n<p>Iar Matei, cu vioara str\u00e2ns\u0103 la piept, a z\u00e2mbit pentru prima dat\u0103. \u00cen sf\u00e2r\u0219it, nu mai c\u00e2nta pentru m\u00e2ncare. C\u00e2nta pentru inimile oamenilor.<\/p>\n\n\n\n<p><em>Aceast\u0103 lucrare este inspirat\u0103 din evenimente \u0219i persoane reale, \u00eens\u0103 a fost fic\u021bionalizat\u0103 \u00een scopuri creative. Numele, personajele \u0219i detaliile au fost schimbate pentru a proteja intimitatea \u0219i pentru a \u00eembun\u0103t\u0103\u021bi nara\u021biunea. Orice asem\u0103nare cu persoane reale, \u00een via\u021b\u0103 sau decedate, sau cu evenimente reale este pur \u00eent\u00e2mpl\u0103toare \u0219i nu este inten\u021bionat\u0103 de c\u0103tre autor.<\/em><\/p>\n\n\n\n<p><em>Autorul \u0219i editorul nu \u00ee\u0219i asum\u0103 responsabilitatea pentru exactitatea evenimentelor sau pentru modul \u00een care sunt portretizate personajele \u0219i nu sunt r\u0103spunz\u0103tori pentru eventuale interpret\u0103ri gre\u0219ite. Aceast\u0103 poveste este oferit\u0103 \u201eca atare\u201d, iar orice opinii exprimate apar\u021bin personajelor \u0219i nu reflect\u0103 punctele de vedere ale autorului sau ale editorului.<\/em><\/p>\n","protected":false},"excerpt":{"rendered":"<p>C\u00e2nd Sofia a ridicat m\u00e2na s\u0103 cheme paza, un sunet bl\u00e2nd, dar sigur, a umplut \u00eenc\u0103perea. Matei ridicase vioara, una veche, zg\u00e2riat\u0103, scoas\u0103 din ghiozdanul<\/p>\n","protected":false},"author":1,"featured_media":42709,"comment_status":"closed","ping_status":"closed","sticky":false,"template":"","format":"standard","meta":[],"categories":[1],"tags":[],"_links":{"self":[{"href":"https:\/\/calatorinromania.com\/index.php?rest_route=\/wp\/v2\/posts\/42708"}],"collection":[{"href":"https:\/\/calatorinromania.com\/index.php?rest_route=\/wp\/v2\/posts"}],"about":[{"href":"https:\/\/calatorinromania.com\/index.php?rest_route=\/wp\/v2\/types\/post"}],"author":[{"embeddable":true,"href":"https:\/\/calatorinromania.com\/index.php?rest_route=\/wp\/v2\/users\/1"}],"replies":[{"embeddable":true,"href":"https:\/\/calatorinromania.com\/index.php?rest_route=%2Fwp%2Fv2%2Fcomments&post=42708"}],"version-history":[{"count":1,"href":"https:\/\/calatorinromania.com\/index.php?rest_route=\/wp\/v2\/posts\/42708\/revisions"}],"predecessor-version":[{"id":42710,"href":"https:\/\/calatorinromania.com\/index.php?rest_route=\/wp\/v2\/posts\/42708\/revisions\/42710"}],"wp:featuredmedia":[{"embeddable":true,"href":"https:\/\/calatorinromania.com\/index.php?rest_route=\/wp\/v2\/media\/42709"}],"wp:attachment":[{"href":"https:\/\/calatorinromania.com\/index.php?rest_route=%2Fwp%2Fv2%2Fmedia&parent=42708"}],"wp:term":[{"taxonomy":"category","embeddable":true,"href":"https:\/\/calatorinromania.com\/index.php?rest_route=%2Fwp%2Fv2%2Fcategories&post=42708"},{"taxonomy":"post_tag","embeddable":true,"href":"https:\/\/calatorinromania.com\/index.php?rest_route=%2Fwp%2Fv2%2Ftags&post=42708"}],"curies":[{"name":"wp","href":"https:\/\/api.w.org\/{rel}","templated":true}]}}