{"id":42703,"date":"2025-10-19T09:42:57","date_gmt":"2025-10-19T09:42:57","guid":{"rendered":"https:\/\/calatorinromania.com\/?p=42703"},"modified":"2025-10-19T09:42:58","modified_gmt":"2025-10-19T09:42:58","slug":"%f0%9f%a5%ac-ce-se-intampla-in-corpul-tau-cand-aplici-frunze-de-varza-pe-abdomen-inainte-de-somn","status":"publish","type":"post","link":"https:\/\/calatorinromania.com\/?p=42703","title":{"rendered":"\ud83e\udd6c <strong>Ce se \u00eent\u00e2mpl\u0103 \u00een corpul t\u0103u c\u00e2nd aplici frunze de varz\u0103 pe abdomen \u00eenainte de somn<\/strong>"},"content":{"rendered":"\n<p><\/p>\n\n\n\n<p>Aplicarea frunzelor de varz\u0103 pe burt\u0103, \u00eenainte de culcare, este un remediu tradi\u021bional folosit de secole pentru calmarea durerilor, reducerea inflama\u021biilor \u0219i stimularea detoxifierii. Frunzele de varz\u0103, bogate \u00een antioxidan\u021bi, enzime \u0219i compu\u0219i sulfuro\u0219i, ac\u021bioneaz\u0103 ca un \u201eplasture natural\u201d care extrage toxinele \u0219i \u00eenc\u0103lze\u0219te zona afectat\u0103, favoriz\u00e2nd vindecarea.<\/p>\n\n\n\n<p><\/p>\n\n\n\n<p>\ud83c\udf3f <strong>Beneficii principale<\/strong><\/p>\n\n\n\n<p><\/p>\n\n\n\n<p>1\ufe0f\u20e3 <strong>Reduce inflama\u021biile interne<\/strong><br>Datorit\u0103 quercetinei \u0219i kaempferolului, frunzele de varz\u0103 ac\u021bioneaz\u0103 ca un antiinflamator natural, calm\u00e2nd colonul iritat, colita sau disconfortul digestiv.<\/p>\n\n\n\n<p><\/p>\n\n\n\n<p><\/p>\n\n\n\n<p>2\ufe0f\u20e3 <strong>Ajut\u0103 digestia \u0219i scade balonarea<\/strong><br>Aplicat\u0103 cald\u0103, varza relaxeaz\u0103 musculatura abdomenului \u0219i a intestinelor, facilit\u00e2nd eliminarea gazelor \u0219i reduc\u00e2nd crampele.<\/p>\n\n\n\n<p><\/p>\n\n\n\n<p><\/p>\n\n\n\n<p>3\ufe0f\u20e3 <strong>Detoxific\u0103 ficatul \u0219i sistemul limfatic<\/strong><br>Compu\u0219ii sulfuro\u0219i din frunz\u0103 ajut\u0103 la activarea enzimelor hepatice de detoxifiere, acceler\u00e2nd eliminarea toxinelor din corp.<\/p>\n\n\n\n<p><\/p>\n\n\n\n<p><\/p>\n\n\n\n<p>4\ufe0f\u20e3 <strong>Calmeaz\u0103 durerile menstruale<\/strong><br>C\u0103ldura bl\u00e2nd\u0103 \u0219i efectul antiinflamator relaxeaz\u0103 uterul \u0219i reduc crampele f\u0103r\u0103 medicamente.<\/p>\n\n\n\n<p><\/p>\n\n\n\n<p><\/p>\n\n\n\n<p>5\ufe0f\u20e3 <strong>\u00cembun\u0103t\u0103\u021be\u0219te somnul<\/strong><br>Aplicarea frunzelor creeaz\u0103 o stare de relaxare profund\u0103, reduce stresul \u0219i senza\u021bia de greutate abdominal\u0103 \u00eenainte de culcare.<\/p>\n\n\n\n<p><\/p>\n\n\n\n<p><\/p>\n\n\n\n<p>\ud83e\uddea <strong>Ce spun studiile<\/strong><\/p>\n\n\n\n<p><\/p>\n\n\n\n<ul>\n<li><em>Journal of Ethnopharmacology (2014)<\/em>: extractul de varz\u0103 aplicat local reduce semnificativ inflama\u021bia \u2013 efect comparabil cu unele antiinflamatoare medicamentoase.<\/li>\n<\/ul>\n\n\n\n<p><\/p>\n\n\n\n<ul>\n<li><em>Complementary Therapies in Medicine (2016)<\/em>: pacien\u021bii cu osteoartrit\u0103 care au folosit frunze de varz\u0103 pe articula\u021bii timp de 4 s\u0103pt\u0103m\u00e2ni au raportat reducerea durerii \u0219i mobilitate mai bun\u0103.<\/li>\n<\/ul>\n\n\n\n<p><\/p>\n\n\n\n<p>\u26a0\ufe0f <strong>Aten\u021bie! Nu folosi dac\u0103:<\/strong><\/p>\n\n\n\n<p><\/p>\n\n\n\n<ul>\n<li>ai pielea foarte sensibil\u0103 sau alergii la varz\u0103<\/li>\n<\/ul>\n\n\n\n<p><\/p>\n\n\n\n<ul>\n<li>ai r\u0103ni deschise, eczeme sau dermatite active<\/li>\n<\/ul>\n\n\n\n<p><\/p>\n\n\n\n<ul>\n<li>e\u0219ti \u00eens\u0103rcinat\u0103 (f\u0103r\u0103 acord medical)<\/li>\n<\/ul>\n\n\n\n<p><\/p>\n\n\n\n<ul>\n<li>folose\u0219ti plasturi medicamento\u0219i \u00een zona aplic\u0103rii<\/li>\n<\/ul>\n\n\n\n<p><\/p>\n\n\n\n<p>\ud83e\uddc2 <strong>Cum se aplic\u0103 frunza de varz\u0103 corect<\/strong><\/p>\n\n\n\n<p><\/p>\n\n\n\n<ol>\n<li>Alege frunze verzi \u0219i s\u0103n\u0103toase.<\/li>\n\n\n\n<li>Spal\u0103-le \u0219i \u00eendep\u0103rteaz\u0103 nervura groas\u0103.<\/li>\n\n\n\n<li>Strive\u0219te-le cu un sucitor pentru a elibera sucul.<\/li>\n\n\n\n<li>\u00cenc\u0103lze\u0219te-le u\u0219or (abur sau ap\u0103 fierbinte \u2013 f\u0103r\u0103 a le fierbe).<\/li>\n\n\n\n<li>Aplic\u0103 2\u20133 frunze pe abdomen.<\/li>\n\n\n\n<li>Acoper\u0103 cu tifon + prosop sau folie alimentar\u0103.<\/li>\n\n\n\n<li>Fixeaz\u0103 cu un br\u00e2u sau e\u0219arf\u0103 \u0219i las\u0103 peste noapte.<\/li>\n\n\n\n<li>Diminea\u021ba, spal\u0103 zona cu ap\u0103 c\u0103ldu\u021b\u0103.<\/li>\n<\/ol>\n\n\n\n<p><\/p>\n\n\n\n<p><\/p>\n\n\n\n<p>\ud83c\udf43 <em>Un remediu simplu, natural \u0219i bl\u00e2nd pentru zilele \u00een care corpul cere alinare f\u0103r\u0103 pastile.<\/em><\/p>\n\n\n\n<p><\/p>\n\n\n\n<p>Este important s\u0103 incluzi o varietate de legume \u00een dieta ta pentru a asigura un aport diversificat de nutrien\u021bi. Dac\u0103 ai anumite condi\u021bii de s\u0103n\u0103tate sau preocup\u0103ri alimentare, este \u00eentotdeauna recomandat s\u0103 consul\u021bi un profesionist \u00een domeniul s\u0103n\u0103t\u0103\u021bii pentru sfaturi personalizate.<\/p>\n\n\n\n<p>Informa\u021biile prezentate \u00een acest website au caracter informativ \u0219i nu \u00eenlocuiesc diagnosticul medical sau prospectul produselor. Orice decizie privind s\u0103n\u0103tatea dumneavoastr\u0103 trebuie luat\u0103 doar \u00een urma consult\u0103rii medicului.<\/p>\n\n\n\n<p>DISCLAIMER: Acest site este neutru din punct de vedere politic \u0219i nu sus\u021bine niciun partid sau ideologie politic\u0103.<\/p>\n","protected":false},"excerpt":{"rendered":"<p>Aplicarea frunzelor de varz\u0103 pe burt\u0103, \u00eenainte de culcare, este un remediu tradi\u021bional folosit de secole pentru calmarea durerilor, reducerea inflama\u021biilor \u0219i stimularea detoxifierii. Frunzele<\/p>\n","protected":false},"author":1,"featured_media":42704,"comment_status":"closed","ping_status":"closed","sticky":false,"template":"","format":"standard","meta":[],"categories":[1],"tags":[],"_links":{"self":[{"href":"https:\/\/calatorinromania.com\/index.php?rest_route=\/wp\/v2\/posts\/42703"}],"collection":[{"href":"https:\/\/calatorinromania.com\/index.php?rest_route=\/wp\/v2\/posts"}],"about":[{"href":"https:\/\/calatorinromania.com\/index.php?rest_route=\/wp\/v2\/types\/post"}],"author":[{"embeddable":true,"href":"https:\/\/calatorinromania.com\/index.php?rest_route=\/wp\/v2\/users\/1"}],"replies":[{"embeddable":true,"href":"https:\/\/calatorinromania.com\/index.php?rest_route=%2Fwp%2Fv2%2Fcomments&post=42703"}],"version-history":[{"count":1,"href":"https:\/\/calatorinromania.com\/index.php?rest_route=\/wp\/v2\/posts\/42703\/revisions"}],"predecessor-version":[{"id":42705,"href":"https:\/\/calatorinromania.com\/index.php?rest_route=\/wp\/v2\/posts\/42703\/revisions\/42705"}],"wp:featuredmedia":[{"embeddable":true,"href":"https:\/\/calatorinromania.com\/index.php?rest_route=\/wp\/v2\/media\/42704"}],"wp:attachment":[{"href":"https:\/\/calatorinromania.com\/index.php?rest_route=%2Fwp%2Fv2%2Fmedia&parent=42703"}],"wp:term":[{"taxonomy":"category","embeddable":true,"href":"https:\/\/calatorinromania.com\/index.php?rest_route=%2Fwp%2Fv2%2Fcategories&post=42703"},{"taxonomy":"post_tag","embeddable":true,"href":"https:\/\/calatorinromania.com\/index.php?rest_route=%2Fwp%2Fv2%2Ftags&post=42703"}],"curies":[{"name":"wp","href":"https:\/\/api.w.org\/{rel}","templated":true}]}}