{"id":42690,"date":"2025-10-19T07:02:50","date_gmt":"2025-10-19T07:02:50","guid":{"rendered":"https:\/\/calatorinromania.com\/?p=42690"},"modified":"2025-10-19T07:02:51","modified_gmt":"2025-10-19T07:02:51","slug":"o-mama-isi-vinde-fiica-oarba-unui-milionar-iar-in-prima-noapte-el-face-ceva-care-o-lasa-in-stare-de-soc","status":"publish","type":"post","link":"https:\/\/calatorinromania.com\/?p=42690","title":{"rendered":"O mam\u0103 \u00ee\u0219i vinde fiica oarb\u0103 unui milionar, iar \u00een prima noapte el face ceva care o las\u0103 \u00een stare de \u0219oc"},"content":{"rendered":"\n<p>Iulia a t\u0103cut. \u00cen aer plutea un miros ciudat, de parfum scump amestecat cu nelini\u0219te. A sim\u021bit cum m\u00e2inile mamei \u00eei tremurau u\u0219or c\u00e2nd i-au atins obrazul.<\/p>\n\n\n\n<p><\/p>\n\n\n\n<p><\/p>\n\n\n\n<p>\u2014 E pentru binele t\u0103u, i-a spus Gra\u021biela. Ai \u00eencredere \u00een mine.<\/p>\n\n\n\n<p>Dou\u0103 zile mai t\u00e2rziu, un b\u0103rbat \u00een costum negru a oprit \u00een fa\u021ba casei. Ma\u0219ina scump\u0103, cu motorul care abia murmura, p\u0103rea rupt\u0103 dintr-o alt\u0103 lume. Iulia, cu un mic bagaj \u00een bra\u021be, asculta fiecare sunet \u2014 u\u0219a grea care se deschidea, pa\u0219ii ap\u0103sa\u021bi ai b\u0103rbatului, vocea lui joas\u0103 care spunea doar: \u201eSunte\u021bi gata?\u201d.<\/p>\n\n\n\n<p><\/p>\n\n\n\n<p>Gra\u021biela a dat din cap, dar Iulia nu a v\u0103zut. A sim\u021bit doar m\u00e2na mamei care i-a str\u00e2ns degetele o clip\u0103, prea scurt, prea rece. Apoi pa\u0219ii s-au \u00eendep\u0103rtat.<\/p>\n\n\n\n<p><\/p>\n\n\n\n<p>Drumul p\u00e2n\u0103 la casa milionarului a fost lung \u0219i t\u0103cut. Ma\u0219ina mirosea a piele nou\u0103, iar aerul condi\u021bionat o f\u0103cea s\u0103 tremure. Nu \u0219tia \u00eencotro merge, dar inima \u00eei b\u0103tea cu putere.<\/p>\n\n\n\n<p><\/p>\n\n\n\n<p>C\u00e2nd au ajuns, a auzit por\u021bi metalice deschiz\u00e2ndu-se \u0219i o voce grav\u0103 spun\u00e2nd: \u201eBine ai venit, Iulia.\u201d Era vocea lui \u2014 calm\u0103, dar cu o greutate pe care nu o putea \u00een\u021belege.<\/p>\n\n\n\n<p><\/p>\n\n\n\n<p>Casa era uria\u0219\u0103. Podelele trosneau u\u0219or sub tocurile femeii care o conducea \u00een\u0103untru. \u201eAici o s\u0103 stai\u201d, i-a spus. Camera mirosea a lavand\u0103 \u0219i a curat, dar aerul era rece, lipsit de via\u021b\u0103.<\/p>\n\n\n\n<p>Seara, c\u00e2nd a venit momentul s\u0103-l \u00eent\u00e2lneasc\u0103, a sim\u021bit un val de team\u0103. Domnul Andrei \u2014 a\u0219a \u00eel numea toat\u0103 lumea \u2014 i-a vorbit cu bl\u00e2nde\u021be. \u201eNu te teme, aici e\u0219ti \u00een siguran\u021b\u0103.\u201d Dar vocea lui avea o triste\u021be pe care nici ea nu o putea ignora.<\/p>\n\n\n\n<p>La cin\u0103, i-a spus c\u0103 \u00ee\u0219i pierduse so\u021bia cu ani \u00een urm\u0103 \u0219i de atunci nu mai suporta lini\u0219tea. Iulia l-a ascultat \u00een t\u0103cere, sim\u021bind cum durerea din vocea lui r\u0103sun\u0103 \u00een ea. Nu \u0219tia dac\u0103 era mil\u0103 sau altceva, dar sim\u021bea c\u0103 b\u0103rbatul acela nu era ca ceilal\u021bi.<\/p>\n\n\n\n<p>\u00cen prima noapte, Andrei a f\u0103cut ceva ce Iulia nu se a\u0219tepta. A adus un mic pian \u00een camera ei. \u201eL-am aflat dintr-o fotografie\u2026 am vrut s\u0103-l ai aproape.\u201d Iulia \u0219i-a dus m\u00e2inile la clape, tremur\u00e2nd.<\/p>\n\n\n\n<p>C\u00e2nd a \u00eenceput s\u0103 c\u00e2nte, casa \u00eentreag\u0103 a prins via\u021b\u0103. Sunetele s-au ridicat ca o rug\u0103ciune, umpl\u00e2nd fiecare col\u021b. C\u00e2nd a terminat, Andrei era \u00een picioare, cu ochii umezi. \u201eA\u0219a suna lini\u0219tea \u00eenainte s\u0103 o pierd\u201d, a spus \u00eencet.<\/p>\n\n\n\n<p>Din acea sear\u0103, ceva s-a schimbat. \u00centre ei s-a n\u0103scut o c\u0103ldur\u0103 ciudat\u0103, un amestec de respect, compasiune \u0219i dorin\u021ba de a repara ceva ce via\u021ba le luase am\u00e2ndurora.<\/p>\n\n\n\n<p>Iulia a \u00eenceput s\u0103 simt\u0103 lumea altfel \u2014 prin pa\u0219ii lui, prin felul \u00een care \u00eei aranja florile pe mas\u0103, prin felul \u00een care \u00eei aducea o can\u0103 de ceai fierbinte f\u0103r\u0103 s\u0103 spun\u0103 nimic.<\/p>\n\n\n\n<p>Dar \u00eentr-o sear\u0103, c\u00e2nd a cerut s\u0103 vorbeasc\u0103 cu mama ei, Andrei a t\u0103cut. Apoi, cu o voce grea, i-a spus: \u201eIulia\u2026 mama ta nu \u021bi-a g\u0103sit un loc de munc\u0103. Te-a v\u00e2ndut.\u201d<\/p>\n\n\n\n<p>Fata a sim\u021bit cum aerul dispare. Lumea, pe care oricum nu o vedea, s-a pr\u0103bu\u0219it \u00een \u00eentuneric.<\/p>\n\n\n\n<p>\u2014 Te rog, nu te speria, a continuat el. Nu vreau nimic de la tine. Vreau doar s\u0103 te protejez. Am fost ca tine c\u00e2ndva \u2014 singur, pierdut, tr\u0103dat.<\/p>\n\n\n\n<p>Lacrimi fierbin\u021bi i-au curs pe obraji. Pentru prima dat\u0103, nu din neputin\u021b\u0103, ci din recuno\u0219tin\u021b\u0103. Nu-l vedea, dar \u00eel sim\u021bea aproape, mai aproape dec\u00e2t fusese vreodat\u0103 cineva.<\/p>\n\n\n\n<p>De atunci, via\u021ba ei s-a schimbat. Nu pentru c\u0103 tr\u0103ia \u00eentr-o cas\u0103 mare, ci pentru c\u0103 \u00eenv\u0103\u021base c\u0103 bun\u0103tatea adev\u0103rat\u0103 nu are pre\u021b.<\/p>\n\n\n\n<p>Iar c\u00e2nd, peste luni, Andrei a \u00eentrebat-o: \u201eVrei s\u0103 vezi lumea, Iulia? Cu adev\u0103rat?\u201d, ea a z\u00e2mbit. O nou\u0103 opera\u021bie, o nou\u0103 speran\u021b\u0103. Iar c\u00e2nd a deschis ochii pentru prima dat\u0103 \u0219i l-a v\u0103zut, a \u0219tiut.<\/p>\n\n\n\n<p>Nu cump\u0103rase o via\u021b\u0103. O salvase.<\/p>\n\n\n\n<p><em>Aceast\u0103 lucrare este inspirat\u0103 din evenimente \u0219i persoane reale, \u00eens\u0103 a fost fic\u021bionalizat\u0103 \u00een scopuri creative. Numele, personajele \u0219i detaliile au fost schimbate pentru a proteja intimitatea \u0219i pentru a \u00eembun\u0103t\u0103\u021bi nara\u021biunea. Orice asem\u0103nare cu persoane reale, \u00een via\u021b\u0103 sau decedate, sau cu evenimente reale este pur \u00eent\u00e2mpl\u0103toare \u0219i nu este inten\u021bionat\u0103 de c\u0103tre autor.<\/em><\/p>\n\n\n\n<p><em>Autorul \u0219i editorul nu \u00ee\u0219i asum\u0103 responsabilitatea pentru exactitatea evenimentelor sau pentru modul \u00een care sunt portretizate personajele \u0219i nu sunt r\u0103spunz\u0103tori pentru eventuale interpret\u0103ri gre\u0219ite. Aceast\u0103 poveste este oferit\u0103 \u201eca atare\u201d, iar orice opinii exprimate apar\u021bin personajelor \u0219i nu reflect\u0103 punctele de vedere ale autorului sau ale editorului.<\/em><\/p>\n","protected":false},"excerpt":{"rendered":"<p>Iulia a t\u0103cut. \u00cen aer plutea un miros ciudat, de parfum scump amestecat cu nelini\u0219te. A sim\u021bit cum m\u00e2inile mamei \u00eei tremurau u\u0219or c\u00e2nd i-au<\/p>\n","protected":false},"author":1,"featured_media":40651,"comment_status":"closed","ping_status":"closed","sticky":false,"template":"","format":"standard","meta":[],"categories":[1],"tags":[],"_links":{"self":[{"href":"https:\/\/calatorinromania.com\/index.php?rest_route=\/wp\/v2\/posts\/42690"}],"collection":[{"href":"https:\/\/calatorinromania.com\/index.php?rest_route=\/wp\/v2\/posts"}],"about":[{"href":"https:\/\/calatorinromania.com\/index.php?rest_route=\/wp\/v2\/types\/post"}],"author":[{"embeddable":true,"href":"https:\/\/calatorinromania.com\/index.php?rest_route=\/wp\/v2\/users\/1"}],"replies":[{"embeddable":true,"href":"https:\/\/calatorinromania.com\/index.php?rest_route=%2Fwp%2Fv2%2Fcomments&post=42690"}],"version-history":[{"count":1,"href":"https:\/\/calatorinromania.com\/index.php?rest_route=\/wp\/v2\/posts\/42690\/revisions"}],"predecessor-version":[{"id":42691,"href":"https:\/\/calatorinromania.com\/index.php?rest_route=\/wp\/v2\/posts\/42690\/revisions\/42691"}],"wp:featuredmedia":[{"embeddable":true,"href":"https:\/\/calatorinromania.com\/index.php?rest_route=\/wp\/v2\/media\/40651"}],"wp:attachment":[{"href":"https:\/\/calatorinromania.com\/index.php?rest_route=%2Fwp%2Fv2%2Fmedia&parent=42690"}],"wp:term":[{"taxonomy":"category","embeddable":true,"href":"https:\/\/calatorinromania.com\/index.php?rest_route=%2Fwp%2Fv2%2Fcategories&post=42690"},{"taxonomy":"post_tag","embeddable":true,"href":"https:\/\/calatorinromania.com\/index.php?rest_route=%2Fwp%2Fv2%2Ftags&post=42690"}],"curies":[{"name":"wp","href":"https:\/\/api.w.org\/{rel}","templated":true}]}}