{"id":42686,"date":"2025-10-19T06:22:42","date_gmt":"2025-10-19T06:22:42","guid":{"rendered":"https:\/\/calatorinromania.com\/?p=42686"},"modified":"2025-10-19T06:22:42","modified_gmt":"2025-10-19T06:22:42","slug":"un-milionar-o-surprinde-pe-femeia-de-serviciu-aparandu-si-fiica-oarba-si-ramane-socat-cand-afla-adevarul","status":"publish","type":"post","link":"https:\/\/calatorinromania.com\/?p=42686","title":{"rendered":"Un milionar o surprinde pe femeia de serviciu ap\u0103r\u00e2ndu-\u0219i fiica oarb\u0103 \u0219i r\u0103m\u00e2ne \u0219ocat c\u00e2nd afl\u0103 adev\u0103rul."},"content":{"rendered":"\n<p>Ion a r\u0103mas nemi\u0219cat \u00een prag, incapabil s\u0103 cread\u0103 ce vedea. Privirea Anei era plin\u0103 de furie, iar vocea ei t\u0103ioas\u0103 \u00eei zg\u00e2ria sufletul. Pe de alt\u0103 parte, vocea Mariei era cald\u0103, aproape ca o m\u00e2ng\u00e2iere. \u00cen ochii lui Ioana, de\u0219i orbi, se citea frica.<\/p>\n\n\n\n<p><\/p>\n\n\n\n<p>Pentru prima dat\u0103 dup\u0103 mult timp, Ion a sim\u021bit un gol \u00een stomac. Plecase ani la r\u00e2nd prin lume pentru contracte \u0219i afaceri, crez\u00e2nd c\u0103 ofer\u0103 familiei tot ce e mai bun. Dar, \u00een acel moment, \u0219i-a dat seama c\u0103, de fapt, \u00ee\u0219i l\u0103sase copilul f\u0103r\u0103 cel mai important lucru: dragostea tat\u0103lui ei.<\/p>\n\n\n\n<p><\/p>\n\n\n\n<p>A \u00eempins u\u0219a \u00eencet. Ana s-a \u00eentors surprins\u0103, pierz\u00e2ndu-\u0219i brusc aerul autoritar.<\/p>\n\n\n\n<p><br>\u2014 Ion! Nu e ce crezi!<\/p>\n\n\n\n<p><br>\u2014 Ba e exact ce cred, a spus el calm, dar cu o r\u0103ceal\u0103 care a f\u0103cut-o s\u0103 se \u00eenfioare.<\/p>\n\n\n\n<p><\/p>\n\n\n\n<p>A mers direct spre fiica lui, s-a a\u0219ezat l\u00e2ng\u0103 ea \u0219i i-a m\u00e2ng\u00e2iat p\u0103rul.<\/p>\n\n\n\n<p><br>\u2014 Tati e aici, Ioana. Totul e bine.<\/p>\n\n\n\n<p><\/p>\n\n\n\n<p>Maria s-a ridicat \u00een picioare, ru\u0219inat\u0103, gata s\u0103 plece. Dar Ion a oprit-o cu un gest din m\u00e2n\u0103.<\/p>\n\n\n\n<p><br>\u2014 Nu te duce nic\u0103ieri.<\/p>\n\n\n\n<p><\/p>\n\n\n\n<p>Ana a deschis gura s\u0103 protesteze, dar el a ridicat vocea:<\/p>\n\n\n\n<p><br>\u2014 Taci! Am t\u0103cut destul!<\/p>\n\n\n\n<p><\/p>\n\n\n\n<p>\u00cen camer\u0103 s-a l\u0103sat o lini\u0219te grea. Se auzeau doar sughi\u021burile Ioanei.<\/p>\n\n\n\n<p><\/p>\n\n\n\n<p>\u2014 Tu\u2026 ai \u021bipat la copilul meu? a \u00eentrebat el pe un ton rece, privind-o pe Ana.<\/p>\n\n\n\n<p><br>\u2014 Eu\u2026 \u00eencercam doar s-o \u00eenv\u0103\u021b s\u0103 fie mai puternic\u0103.<\/p>\n\n\n\n<p><br>\u2014 \u021aip\u00e2nd la ea? Umilind-o? Asta e puterea ta de \u201emam\u0103\u201d?<\/p>\n\n\n\n<p><\/p>\n\n\n\n<p>Ana s-a retras, \u00eenro\u0219it\u0103 de furie \u0219i ru\u0219ine.<\/p>\n\n\n\n<p><br>\u2014 Poate dac\u0103 ai fi fost \u0219i tu mai des acas\u0103, n-ar fi trebuit s\u0103 m\u0103 ocup eu de tot!<\/p>\n\n\n\n<p><br>Ion a r\u0103mas c\u00e2teva secunde t\u0103cut. Cuvintele ei l-au lovit, dar nu ca o scuz\u0103 \u2014 ci ca o confirmare a propriei sale absen\u021be.<\/p>\n\n\n\n<p><\/p>\n\n\n\n<p>\u2014 Ai dreptate. Am gre\u0219it c\u0103 te-am l\u0103sat singur\u0103. Dar gre\u0219eala mea nu-\u021bi d\u0103 dreptul s\u0103-i strigi copilului meu.<\/p>\n\n\n\n<p>S-a ridicat \u0219i s-a \u00eentors spre Maria.<br>\u2014 \u00ce\u021bi cer iertare pentru cum a vorbit cu tine. Din seara asta, tu nu mai e\u0219ti doar femeia de serviciu. Vreau s\u0103 te ocupi de Ioana. Ai grij\u0103 de ea a\u0219a cum ai f\u0103cut-o azi.<\/p>\n\n\n\n<p>Ochii Mariei s-au umplut de lacrimi.<br>\u2014 Domnule M\u0103rgineanu\u2026 eu doar am vrut s-o lini\u0219tesc.<br>\u2014 \u0218tiu. \u0218i exact asta are nevoie. Lini\u0219te.<\/p>\n\n\n\n<p>Ana a ie\u0219it tr\u00e2ntind u\u0219a, iar Ion a r\u0103mas cu feti\u021ba lui \u00een bra\u021be. Ioana \u00eei pip\u0103ia fa\u021ba cu dege\u021belele ei mici.<br>\u2014 Tati, ai venit?<br>\u2014 Da, iubita mea. De data asta, nu mai plec a\u0219a u\u0219or.<\/p>\n\n\n\n<p>\u00cen zilele care au urmat, Maria a devenit umbra bl\u00e2nd\u0103 a Ioanei. O \u00eenv\u0103\u021ba cum s\u0103 se orienteze, cum s\u0103 simt\u0103 lumea altfel. Seara, \u00eei citea pove\u0219ti, iar diminea\u021ba o \u00eenv\u0103\u021ba cum s\u0103-\u0219i lege singur\u0103 \u0219ireturile.<\/p>\n\n\n\n<p>Ion \u00eei privea pe am\u00e2ndou\u0103 din birou \u0219i sim\u021bea cum inima i se tope\u0219te. Pentru prima dat\u0103 dup\u0103 ani \u00eentregi, casa lui nu mai p\u0103rea rece.<\/p>\n\n\n\n<p>Dup\u0103 o lun\u0103, Ana a plecat definitiv. Nu a l\u0103sat niciun bilet. Poate orgoliul, poate ru\u0219inea. Ion nu a \u00eentrebat niciodat\u0103.<\/p>\n\n\n\n<p>\u00centr-o diminea\u021b\u0103 de duminic\u0103, Ioana s-a a\u0219ezat pe canapea, cu m\u00e2inile \u00eentinse.<br>\u2014 Tati, am un cadou pentru tine.<\/p>\n\n\n\n<p>\u00cen palmele ei era o br\u0103\u021bar\u0103 \u00eempletit\u0103 st\u00e2ngaci din a\u021b\u0103 colorat\u0103.<br>\u2014 Am f\u0103cut-o cu Maria. Zice c\u0103 e pentru noroc.<\/p>\n\n\n\n<p>Ion a z\u00e2mbit larg, cu ochii umezi.<br>\u2014 Cel mai frumos cadou din lume, micu\u021bo.<\/p>\n\n\n\n<p>\u0218i, \u00een t\u0103cerea aceea plin\u0103 de lumin\u0103, \u0219i-a dat seama c\u0103 uneori iubirea adev\u0103rat\u0103 nu vine din s\u00e2nge, ci din sufletele simple care \u0219tiu s\u0103 iubeasc\u0103 f\u0103r\u0103 condi\u021bii.<\/p>\n\n\n\n<p><em>Aceast\u0103 lucrare este inspirat\u0103 din evenimente \u0219i persoane reale, \u00eens\u0103 a fost fic\u021bionalizat\u0103 \u00een scopuri creative. Numele, personajele \u0219i detaliile au fost schimbate pentru a proteja intimitatea \u0219i pentru a \u00eembun\u0103t\u0103\u021bi nara\u021biunea. Orice asem\u0103nare cu persoane reale, \u00een via\u021b\u0103 sau decedate, sau cu evenimente reale este pur \u00eent\u00e2mpl\u0103toare \u0219i nu este inten\u021bionat\u0103 de c\u0103tre autor.<\/em><\/p>\n\n\n\n<p><em>Autorul \u0219i editorul nu \u00ee\u0219i asum\u0103 responsabilitatea pentru exactitatea evenimentelor sau pentru modul \u00een care sunt portretizate personajele \u0219i nu sunt r\u0103spunz\u0103tori pentru eventuale interpret\u0103ri gre\u0219ite. Aceast\u0103 poveste este oferit\u0103 \u201eca atare\u201d, iar orice opinii exprimate apar\u021bin personajelor \u0219i nu reflect\u0103 punctele de vedere ale autorului sau ale editorului.<\/em><\/p>\n","protected":false},"excerpt":{"rendered":"<p>Ion a r\u0103mas nemi\u0219cat \u00een prag, incapabil s\u0103 cread\u0103 ce vedea. Privirea Anei era plin\u0103 de furie, iar vocea ei t\u0103ioas\u0103 \u00eei zg\u00e2ria sufletul. Pe<\/p>\n","protected":false},"author":1,"featured_media":40654,"comment_status":"closed","ping_status":"closed","sticky":false,"template":"","format":"standard","meta":[],"categories":[1],"tags":[],"_links":{"self":[{"href":"https:\/\/calatorinromania.com\/index.php?rest_route=\/wp\/v2\/posts\/42686"}],"collection":[{"href":"https:\/\/calatorinromania.com\/index.php?rest_route=\/wp\/v2\/posts"}],"about":[{"href":"https:\/\/calatorinromania.com\/index.php?rest_route=\/wp\/v2\/types\/post"}],"author":[{"embeddable":true,"href":"https:\/\/calatorinromania.com\/index.php?rest_route=\/wp\/v2\/users\/1"}],"replies":[{"embeddable":true,"href":"https:\/\/calatorinromania.com\/index.php?rest_route=%2Fwp%2Fv2%2Fcomments&post=42686"}],"version-history":[{"count":1,"href":"https:\/\/calatorinromania.com\/index.php?rest_route=\/wp\/v2\/posts\/42686\/revisions"}],"predecessor-version":[{"id":42687,"href":"https:\/\/calatorinromania.com\/index.php?rest_route=\/wp\/v2\/posts\/42686\/revisions\/42687"}],"wp:featuredmedia":[{"embeddable":true,"href":"https:\/\/calatorinromania.com\/index.php?rest_route=\/wp\/v2\/media\/40654"}],"wp:attachment":[{"href":"https:\/\/calatorinromania.com\/index.php?rest_route=%2Fwp%2Fv2%2Fmedia&parent=42686"}],"wp:term":[{"taxonomy":"category","embeddable":true,"href":"https:\/\/calatorinromania.com\/index.php?rest_route=%2Fwp%2Fv2%2Fcategories&post=42686"},{"taxonomy":"post_tag","embeddable":true,"href":"https:\/\/calatorinromania.com\/index.php?rest_route=%2Fwp%2Fv2%2Ftags&post=42686"}],"curies":[{"name":"wp","href":"https:\/\/api.w.org\/{rel}","templated":true}]}}