{"id":42682,"date":"2025-10-19T05:53:36","date_gmt":"2025-10-19T05:53:36","guid":{"rendered":"https:\/\/calatorinromania.com\/?p=42682"},"modified":"2025-10-19T05:53:36","modified_gmt":"2025-10-19T05:53:36","slug":"femeia-de-serviciu-acuzata-de-furt-a-intrat-singura-in-sala-de-judecata","status":"publish","type":"post","link":"https:\/\/calatorinromania.com\/?p=42682","title":{"rendered":"Femeia de serviciu acuzat\u0103 de furt a intrat singur\u0103 \u00een sala de judecat\u0103"},"content":{"rendered":"\n<p>Judec\u0103torul a b\u0103tut u\u0219or cu cioc\u0103nelul, cer\u00e2nd lini\u0219te. \u00cen sal\u0103 se auzeau doar suspinele b\u0103iatului \u0219i \u0219oaptele mirate ale celor prezen\u021bi.<\/p>\n\n\n\n<p><\/p>\n\n\n\n<p>\u201eVino aici, tinere\u201d, i-a spus calm judec\u0103torul. \u201eSpune-ne ce \u0219tii.\u201d<\/p>\n\n\n\n<p><\/p>\n\n\n\n<p>Andrei s-a apropiat tremur\u00e2nd. \u021ainea str\u00e2ns fotografia, ca pe o dovad\u0103 a inimii lui curate. \u201eAm v\u0103zut cine a luat brosa\u201d, a spus cu vocea mic\u0103. \u201eN-a fost Clara.\u201d<\/p>\n\n\n\n<p><\/p>\n\n\n\n<p>Un murmur s-a r\u0103sp\u00e2ndit prin sal\u0103. Bunica Popescu s-a \u00eenro\u0219it la fa\u021b\u0103, iar domnul Popescu s-a ridicat brusc de pe banc\u0103.<\/p>\n\n\n\n<p><\/p>\n\n\n\n<p>\u201eCe spui, copile?\u201d, a \u00eentrebat avocatul familiei, \u00eencerc\u00e2nd s\u0103-l opreasc\u0103.<\/p>\n\n\n\n<p><\/p>\n\n\n\n<p>\u201eAm v\u0103zut-o pe bunica sco\u021b\u00e2nd-o din sertar \u0219i pun\u00e2nd-o \u00een buzunar. Apoi a spus c\u0103 vrea s\u0103 o repare. Dar c\u00e2nd n-a g\u0103sit-o mai t\u00e2rziu, a zis c\u0103 a furat-o Clara\u2026\u201d<\/p>\n\n\n\n<p><\/p>\n\n\n\n<p>Sala a amu\u021bit. Clara \u0219i-a dus m\u00e2na la gur\u0103, nevenindu-i s\u0103 cread\u0103. Lacrimile i-au \u00eenceput s\u0103 curg\u0103, iar \u00een sufletul ei se amestecau ru\u0219inea, u\u0219urarea \u0219i dragostea pentru acel copil curajos.<\/p>\n\n\n\n<p><\/p>\n\n\n\n<p>Bunica \u00eencerca s\u0103 spun\u0103 ceva, dar judec\u0103torul a ridicat palma. \u201eAjunge\u201d, a spus hot\u0103r\u00e2t. \u201eVom verifica totul.\u201d<\/p>\n\n\n\n<p><\/p>\n\n\n\n<p>Dup\u0103 c\u00e2teva minute de consult\u0103ri \u0219i declara\u021bii, verdictul a fost clar. Clara era nevinovat\u0103.<\/p>\n\n\n\n<p><\/p>\n\n\n\n<p>Un murmur de emo\u021bie a str\u0103b\u0103tut sala. C\u00e2teva persoane chiar au aplaudat, iar Andrei a alergat spre ea, arunc\u00e2ndu-i-se \u00een bra\u021be. Clara l-a str\u00e2ns tare, sim\u021bind cum toate greut\u0103\u021bile ultimelor luni se topeau \u00eentr-o clip\u0103.<\/p>\n\n\n\n<p><\/p>\n\n\n\n<p>Domnul Popescu s-a apropiat ru\u0219inat. \u201eClara\u2026 \u00eemi pare r\u0103u. Am gre\u0219it c\u0103 nu te-am ap\u0103rat.\u201d<\/p>\n\n\n\n<p><\/p>\n\n\n\n<p>Ea a dat din cap u\u0219or. \u201eNu-i nimic, domnule. Eu \u0219tiam c\u0103 adev\u0103rul iese la lumin\u0103, mai devreme sau mai t\u00e2rziu.\u201d<\/p>\n\n\n\n<p><\/p>\n\n\n\n<p>Dup\u0103 proces, Clara nu s-a mai \u00eentors la conac. Cu banii primi\u021bi drept desp\u0103gubire, \u0219i-a cump\u0103rat o mic\u0103 cas\u0103 la marginea ora\u0219ului. \u00cen curte avea flori, un m\u0103r \u0219i o banc\u0103 veche, unde se a\u0219eza \u00een fiecare diminea\u021b\u0103 la cafea.<\/p>\n\n\n\n<p><\/p>\n\n\n\n<p>\u00centr-o zi, un taxi s-a oprit \u00een fa\u021ba por\u021bii. Din el a cobor\u00e2t domnul Popescu, \u00eempreun\u0103 cu Andrei.<\/p>\n\n\n\n<p><\/p>\n\n\n\n<p>\u201eAm venit s\u0103-\u021bi spunem ceva\u201d, a spus b\u0103rbatul. \u201eCasa aceea mare\u2026 f\u0103r\u0103 tine, pare goal\u0103. Andrei nu mai r\u00e2de, buc\u0103t\u0103ria e t\u0103cut\u0103. Vrem s\u0103 vii \u00eenapoi, nu ca femeie de serviciu\u2026 ci ca parte din familie.\u201d<\/p>\n\n\n\n<p><\/p>\n\n\n\n<p>Clara a r\u0103mas f\u0103r\u0103 cuvinte. S-a uitat la Andrei, care \u00eei \u00eentindea o floare mic\u0103 de c\u00e2mp. \u201ePentru tine, mama Clara\u201d, a spus el cu z\u00e2mbetul acela sincer, care \u00eei topea inima.<\/p>\n\n\n\n<p><\/p>\n\n\n\n<p>A pl\u00e2ns, dar de data asta de fericire. A \u00een\u021beles c\u0103 uneori dreptatea nu vine din legi, ci din inimile celor care au curajul s\u0103 spun\u0103 adev\u0103rul.<\/p>\n\n\n\n<p><\/p>\n\n\n\n<p>De atunci, Clara a tr\u0103it simplu, dar cu demnitate. Iar \u00een fiecare diminea\u021b\u0103, c\u00e2nd soarele r\u0103s\u0103rea peste gr\u0103dina ei, \u00ee\u0219i amintea de cuvintele b\u0103iatului: \u201eEu nu o cred.\u201d<\/p>\n\n\n\n<p><\/p>\n\n\n\n<p>Pentru c\u0103 dragostea unui copil a fost mai puternic\u0103 dec\u00e2t prejudec\u0103\u021bile unei lumi \u00eentregi.<\/p>\n\n\n\n<p><em>Aceast\u0103 lucrare este inspirat\u0103 din evenimente \u0219i persoane reale, \u00eens\u0103 a fost fic\u021bionalizat\u0103 \u00een scopuri creative. Numele, personajele \u0219i detaliile au fost schimbate pentru a proteja intimitatea \u0219i pentru a \u00eembun\u0103t\u0103\u021bi nara\u021biunea. Orice asem\u0103nare cu persoane reale, \u00een via\u021b\u0103 sau decedate, sau cu evenimente reale este pur \u00eent\u00e2mpl\u0103toare \u0219i nu este inten\u021bionat\u0103 de c\u0103tre autor.<\/em><\/p>\n\n\n\n<p><em>Autorul \u0219i editorul nu \u00ee\u0219i asum\u0103 responsabilitatea pentru exactitatea evenimentelor sau pentru modul \u00een care sunt portretizate personajele \u0219i nu sunt r\u0103spunz\u0103tori pentru eventuale interpret\u0103ri gre\u0219ite. Aceast\u0103 poveste este oferit\u0103 \u201eca atare\u201d, iar orice opinii exprimate apar\u021bin personajelor \u0219i nu reflect\u0103 punctele de vedere ale autorului sau ale editorului.<\/em><\/p>\n","protected":false},"excerpt":{"rendered":"<p>Judec\u0103torul a b\u0103tut u\u0219or cu cioc\u0103nelul, cer\u00e2nd lini\u0219te. \u00cen sal\u0103 se auzeau doar suspinele b\u0103iatului \u0219i \u0219oaptele mirate ale celor prezen\u021bi. \u201eVino aici, tinere\u201d, i-a<\/p>\n","protected":false},"author":1,"featured_media":40651,"comment_status":"closed","ping_status":"closed","sticky":false,"template":"","format":"standard","meta":[],"categories":[1],"tags":[],"_links":{"self":[{"href":"https:\/\/calatorinromania.com\/index.php?rest_route=\/wp\/v2\/posts\/42682"}],"collection":[{"href":"https:\/\/calatorinromania.com\/index.php?rest_route=\/wp\/v2\/posts"}],"about":[{"href":"https:\/\/calatorinromania.com\/index.php?rest_route=\/wp\/v2\/types\/post"}],"author":[{"embeddable":true,"href":"https:\/\/calatorinromania.com\/index.php?rest_route=\/wp\/v2\/users\/1"}],"replies":[{"embeddable":true,"href":"https:\/\/calatorinromania.com\/index.php?rest_route=%2Fwp%2Fv2%2Fcomments&post=42682"}],"version-history":[{"count":1,"href":"https:\/\/calatorinromania.com\/index.php?rest_route=\/wp\/v2\/posts\/42682\/revisions"}],"predecessor-version":[{"id":42683,"href":"https:\/\/calatorinromania.com\/index.php?rest_route=\/wp\/v2\/posts\/42682\/revisions\/42683"}],"wp:featuredmedia":[{"embeddable":true,"href":"https:\/\/calatorinromania.com\/index.php?rest_route=\/wp\/v2\/media\/40651"}],"wp:attachment":[{"href":"https:\/\/calatorinromania.com\/index.php?rest_route=%2Fwp%2Fv2%2Fmedia&parent=42682"}],"wp:term":[{"taxonomy":"category","embeddable":true,"href":"https:\/\/calatorinromania.com\/index.php?rest_route=%2Fwp%2Fv2%2Fcategories&post=42682"},{"taxonomy":"post_tag","embeddable":true,"href":"https:\/\/calatorinromania.com\/index.php?rest_route=%2Fwp%2Fv2%2Ftags&post=42682"}],"curies":[{"name":"wp","href":"https:\/\/api.w.org\/{rel}","templated":true}]}}