{"id":42680,"date":"2025-10-19T05:50:39","date_gmt":"2025-10-19T05:50:39","guid":{"rendered":"https:\/\/calatorinromania.com\/?p=42680"},"modified":"2025-10-19T05:50:39","modified_gmt":"2025-10-19T05:50:39","slug":"cand-aureliu-un-baiat-de-doar-12-ani-l-a-vazut-pe-barbatul-imbracat-in-costum-scump-cazand-in-rau","status":"publish","type":"post","link":"https:\/\/calatorinromania.com\/?p=42680","title":{"rendered":"C\u00e2nd Aureliu, un b\u0103iat de doar 12 ani, l-a v\u0103zut pe b\u0103rbatul \u00eembr\u0103cat \u00een costum scump c\u0103z\u00e2nd \u00een r\u00e2u"},"content":{"rendered":"\n<p>Aureliu nu a stat pe g\u00e2nduri. A aruncat sacul cu sticle \u0219i a s\u0103rit \u00een ap\u0103 f\u0103r\u0103 s\u0103 se g\u00e2ndeasc\u0103 la pericol. Curentul era puternic, iar costumul scump al b\u0103rbatului se \u00eembiba repede, tr\u0103g\u00e2ndu-l la fund.<\/p>\n\n\n\n<p><\/p>\n\n\n\n<p>\u201e\u021aine-te de mine!\u201d strig\u0103 b\u0103iatul, dar Maximilian era deja incon\u0219tient. Cu ultimele puteri, Aureliu \u00eel apuc\u0103 de hain\u0103 \u0219i \u00eencepu s\u0103 \u00eenoate spre mal.<\/p>\n\n\n\n<p><\/p>\n\n\n\n<p>A durat minute lungi p\u00e2n\u0103 au ajuns aproape de margine. C\u00e2\u021biva trec\u0103tori se opriser\u0103, ne\u00eencrez\u0103tori \u00een ce vedeau: un copil sfrijit scotea din ap\u0103 un om mare, elegant, care p\u0103rea mort. Un b\u0103rbat s\u0103rit \u00een ajutor, tr\u0103g\u00e2ndu-i am\u00e2ndoi pe uscat.<\/p>\n\n\n\n<p><\/p>\n\n\n\n<p>Aureliu c\u0103zu \u00een genunchi, epuizat. \u201eRespir\u0103, domnule, respir\u0103!\u201d spuse el, lovindu-l u\u0219or pe piept. Maximilian tu\u0219i brusc \u0219i \u00eencepu s\u0103 verse ap\u0103. Mul\u021bimea izbucni \u00een aplauze, dar Aureliu nici nu-i auzea. \u00cel privea doar, u\u0219urat, cu lacrimi amestecate cu ap\u0103 \u0219i praf.<\/p>\n\n\n\n<p><\/p>\n\n\n\n<p>C\u00e2nd ambulan\u021ba a venit, b\u0103iatul a vrut s\u0103 plece. Dar Maximilian, \u00eenc\u0103 tremur\u00e2nd, i-a prins m\u00e2na.<\/p>\n\n\n\n<p><br>\u2014 \u201eCum te cheam\u0103?\u201d<\/p>\n\n\n\n<p><\/p>\n\n\n\n<p><br>\u2014 \u201eAureliu\u2026\u201d r\u0103spunse timid.<\/p>\n\n\n\n<p><\/p>\n\n\n\n<p><br>\u2014 \u201eAureliu\u2026 mi-ai salvat via\u021ba.\u201d<\/p>\n\n\n\n<p><\/p>\n\n\n\n<p><\/p>\n\n\n\n<p>A doua zi, povestea ap\u0103ruse \u00een toate ziarele: \u201eB\u0103iatul str\u0103zii care a salvat un milionar.\u201d Reporterii \u00eel c\u0103utau peste tot, dar el nu voia faim\u0103. Voia doar s\u0103-\u0219i vad\u0103 de ziua lui, de via\u021ba simpl\u0103 \u0219i cinstit\u0103.<\/p>\n\n\n\n<p><\/p>\n\n\n\n<p>Totu\u0219i, Maximilian nu l-a uitat. Dup\u0103 c\u00e2teva zile, a ap\u0103rut \u00een pia\u021ba unde b\u0103iatul lucra, cu o ma\u0219in\u0103 neagr\u0103 \u0219i o privire schimbat\u0103.<\/p>\n\n\n\n<p><br>\u2014 \u201eVino cu mine, te rog. Nu pot l\u0103sa datoria asta nepl\u0103tit\u0103.\u201d<\/p>\n\n\n\n<p><br>Aureliu a ezitat, dar ceva \u00een ochii omului l-a convins. A urcat \u00een ma\u0219in\u0103.<\/p>\n\n\n\n<p><\/p>\n\n\n\n<p>De acolo, via\u021ba lui s-a schimbat complet. Maximilian l-a dus la o cas\u0103 frumoas\u0103, i-a oferit haine curate, m\u00e2ncare \u0219i, mai ales, o \u0219ans\u0103 la \u0219coal\u0103.<br>\u2014 \u201eDe azi \u00eenainte, e\u0219ti parte din familia mea,\u201d i-a spus.<\/p>\n\n\n\n<p>Anii au trecut, iar Aureliu a crescut sub \u00eendrumarea lui Maximilian. A \u00eenv\u0103\u021bat s\u0103 conduc\u0103 o afacere, s\u0103 aib\u0103 \u00eencredere \u00een oameni \u0219i, mai presus de toate, s\u0103 nu uite niciodat\u0103 de unde a plecat.<\/p>\n\n\n\n<p>C\u00e2nd Maximilian s-a \u00eemboln\u0103vit, i-a l\u0103sat totul lui Aureliu. Dar b\u0103iatul de odinioar\u0103 nu s-a schimbat: a deschis ad\u0103posturi pentru copiii str\u0103zii, le-a oferit \u0219anse la educa\u021bie \u0219i le-a spus mereu acelea\u0219i cuvinte pe care le auzise de la bunica lui Speran\u021ba:<br>\u201eS\u0103r\u0103cia nu e o ru\u0219ine. Ru\u0219inea e s\u0103 ui\u021bi s\u0103 fii om.\u201d<\/p>\n\n\n\n<p>\u0218i astfel, b\u0103iatul descul\u021b de pe malul r\u00e2ului a ajuns s\u0103 schimbe nu doar soarta unui om bogat, ci \u0219i destinele a zeci de copii care, ca \u0219i el odinioar\u0103, credeau c\u0103 lumea \u00eei uitase.<\/p>\n\n\n\n<p><em>Aceast\u0103 lucrare este inspirat\u0103 din evenimente \u0219i persoane reale, \u00eens\u0103 a fost fic\u021bionalizat\u0103 \u00een scopuri creative. Numele, personajele \u0219i detaliile au fost schimbate pentru a proteja intimitatea \u0219i pentru a \u00eembun\u0103t\u0103\u021bi nara\u021biunea. Orice asem\u0103nare cu persoane reale, \u00een via\u021b\u0103 sau decedate, sau cu evenimente reale este pur \u00eent\u00e2mpl\u0103toare \u0219i nu este inten\u021bionat\u0103 de c\u0103tre autor.<\/em><\/p>\n\n\n\n<p><em>Autorul \u0219i editorul nu \u00ee\u0219i asum\u0103 responsabilitatea pentru exactitatea evenimentelor sau pentru modul \u00een care sunt portretizate personajele \u0219i nu sunt r\u0103spunz\u0103tori pentru eventuale interpret\u0103ri gre\u0219ite. Aceast\u0103 poveste este oferit\u0103 \u201eca atare\u201d, iar orice opinii exprimate apar\u021bin personajelor \u0219i nu reflect\u0103 punctele de vedere ale autorului sau ale editorului.<\/em><\/p>\n","protected":false},"excerpt":{"rendered":"<p>Aureliu nu a stat pe g\u00e2nduri. A aruncat sacul cu sticle \u0219i a s\u0103rit \u00een ap\u0103 f\u0103r\u0103 s\u0103 se g\u00e2ndeasc\u0103 la pericol. Curentul era puternic,<\/p>\n","protected":false},"author":1,"featured_media":40939,"comment_status":"closed","ping_status":"closed","sticky":false,"template":"","format":"standard","meta":[],"categories":[1],"tags":[],"_links":{"self":[{"href":"https:\/\/calatorinromania.com\/index.php?rest_route=\/wp\/v2\/posts\/42680"}],"collection":[{"href":"https:\/\/calatorinromania.com\/index.php?rest_route=\/wp\/v2\/posts"}],"about":[{"href":"https:\/\/calatorinromania.com\/index.php?rest_route=\/wp\/v2\/types\/post"}],"author":[{"embeddable":true,"href":"https:\/\/calatorinromania.com\/index.php?rest_route=\/wp\/v2\/users\/1"}],"replies":[{"embeddable":true,"href":"https:\/\/calatorinromania.com\/index.php?rest_route=%2Fwp%2Fv2%2Fcomments&post=42680"}],"version-history":[{"count":1,"href":"https:\/\/calatorinromania.com\/index.php?rest_route=\/wp\/v2\/posts\/42680\/revisions"}],"predecessor-version":[{"id":42681,"href":"https:\/\/calatorinromania.com\/index.php?rest_route=\/wp\/v2\/posts\/42680\/revisions\/42681"}],"wp:featuredmedia":[{"embeddable":true,"href":"https:\/\/calatorinromania.com\/index.php?rest_route=\/wp\/v2\/media\/40939"}],"wp:attachment":[{"href":"https:\/\/calatorinromania.com\/index.php?rest_route=%2Fwp%2Fv2%2Fmedia&parent=42680"}],"wp:term":[{"taxonomy":"category","embeddable":true,"href":"https:\/\/calatorinromania.com\/index.php?rest_route=%2Fwp%2Fv2%2Fcategories&post=42680"},{"taxonomy":"post_tag","embeddable":true,"href":"https:\/\/calatorinromania.com\/index.php?rest_route=%2Fwp%2Fv2%2Ftags&post=42680"}],"curies":[{"name":"wp","href":"https:\/\/api.w.org\/{rel}","templated":true}]}}