{"id":42677,"date":"2025-10-19T05:47:04","date_gmt":"2025-10-19T05:47:04","guid":{"rendered":"https:\/\/calatorinromania.com\/?p=42677"},"modified":"2025-10-19T05:47:05","modified_gmt":"2025-10-19T05:47:05","slug":"sotul-meu-a-transferat-in-secret-totul-catre-amanta-lui","status":"publish","type":"post","link":"https:\/\/calatorinromania.com\/?p=42677","title":{"rendered":"So\u021bul meu a transferat \u00een secret totul c\u0103tre amanta lui"},"content":{"rendered":"\n<p>Mi-am ridicat u\u0219or b\u0103rbia \u0219i am z\u00e2mbit. Nu din bucurie, ci dintr-o lini\u0219te t\u0103ioas\u0103, aceea pe care o sim\u021bi c\u00e2nd \u0219tii c\u0103 jocul s-a \u00eentors \u00een favoarea ta.<\/p>\n\n\n\n<p><\/p>\n\n\n\n<p>\u201eOleg,\u201d am spus \u00eencet, \u201etu \u0219tii c\u0103 fiecare contract semnat de firm\u0103 trecea prin m\u00e2inile mele, nu?\u201d<\/p>\n\n\n\n<p><\/p>\n\n\n\n<p>A clipit, nesigur. \u00ce\u0219i plimba privirea \u00eentre mine \u0219i ceasul de pe perete, ca \u0219i cum timpul i-ar fi putut oferi o sc\u0103pare.<\/p>\n\n\n\n<p><\/p>\n\n\n\n<p>\u201e\u0218i \u0219tii \u0219i c\u0103, atunci c\u00e2nd ai trecut bunurile pe numele ei, actele au fost procesate de departamentul contabil, adic\u0103\u2026 de mine?\u201d<\/p>\n\n\n\n<p><\/p>\n\n\n\n<p>Un tic i-a zv\u00e2cnit la col\u021bul gurii. \u00cencepuse s\u0103 \u00een\u021beleag\u0103.<\/p>\n\n\n\n<p><\/p>\n\n\n\n<p>\u201eCe ai f\u0103cut, Ana?\u201d vocea i s-a schimbat. Nu mai era sigur\u0103, ci \u00eenc\u0103rcat\u0103 de team\u0103.<\/p>\n\n\n\n<p><\/p>\n\n\n\n<p>Am ridicat o spr\u00e2ncean\u0103. \u201eAm fost doar atent\u0103, dragul meu. C\u00e2nd \u00ee\u021bi petreci zece ani corect\u00e2nd gre\u0219elile altora, \u00eenve\u021bi cum s\u0103 scrii perfect propriul final.\u201d<\/p>\n\n\n\n<p><\/p>\n\n\n\n<p>M-am ridicat de pe scaun \u0219i am mers spre birou. Am scos un dosar sub\u021bire, legat cu o panglic\u0103 ro\u0219ie. L-am a\u0219ezat \u00een fa\u021ba lui.<\/p>\n\n\n\n<p><\/p>\n\n\n\n<p>\u201eAici sunt toate documentele. Transferurile, pl\u0103\u021bile, conturile false. Tot ce ai f\u0103cut \u00een ascuns\u2026 \u0219i tot ce am copiat \u00eenainte s\u0103 semnezi. Legal, firma e acum sub controlul unei funda\u021bii care poart\u0103 numele mamei tale. Funda\u021bie care, conform actelor, \u00ee\u021bi interzice orice retragere de fonduri f\u0103r\u0103 semn\u0103tura mea.\u201d<\/p>\n\n\n\n<p><\/p>\n\n\n\n<p>\u201eMin\u021bi!\u201d a izbucnit el.<\/p>\n\n\n\n<p><\/p>\n\n\n\n<p>\u201eNu.\u201d I-am aruncat o privire rece. \u201eDoar te-am \u00eenv\u0103\u021bat ce \u00eenseamn\u0103 o investi\u021bie cu risc mare.\u201d<\/p>\n\n\n\n<p><\/p>\n\n\n\n<p>S-a pr\u0103bu\u0219it pe scaun, tr\u0103g\u00e2nd aer ad\u00e2nc. Pentru prima dat\u0103, nu mai avea cuvinte.<\/p>\n\n\n\n<p><\/p>\n\n\n\n<p>Am privit pe fereastr\u0103. Afar\u0103, ploua u\u0219or. Pic\u0103turile c\u0103deau lini\u0219tite, ca \u0219i cum lumea \u00ee\u0219i sp\u0103la p\u0103catele.<\/p>\n\n\n\n<p><\/p>\n\n\n\n<p>\u201eAi crezut c\u0103 po\u021bi juca murdar \u0219i s\u0103 scapi u\u0219or,\u201d am continuat. \u201eDar vezi tu, Oleg, uneori femeile nu pl\u00e2ng, ci planific\u0103.\u201d<\/p>\n\n\n\n<p><\/p>\n\n\n\n<p>S-a ridicat brusc, lovind masa cu pumnul. \u201eE\u0219ti nebun\u0103! Mi-ai distrus via\u021ba!\u201d<\/p>\n\n\n\n<p><\/p>\n\n\n\n<p>\u201eNu,\u201d am spus calm. \u201e\u021ai-ai distrus-o singur. Eu doar am \u021binut eviden\u021ba.\u201d<\/p>\n\n\n\n<p><\/p>\n\n\n\n<p>M-am \u00eentors spre buc\u0103t\u0103rie \u0219i am \u00eenceput s\u0103 str\u00e2ng farfuriile. Fiecare sunet de por\u021belan pe lemn era ca o b\u0103taie de gong. Un capitol se \u00eencheia.<\/p>\n\n\n\n<p><\/p>\n\n\n\n<p>El st\u0103tea acolo, respir\u00e2nd greu, pierdut \u00eentre furie \u0219i neputin\u021b\u0103. Pentru mine, nu mai conta. Aveam planul meu, \u0219i-l executasem perfect.<\/p>\n\n\n\n<p><\/p>\n\n\n\n<p>\u00cen seara aceea am plecat din cas\u0103 f\u0103r\u0103 s\u0103 privesc \u00eenapoi. Aveam tot ce \u00eemi trebuia: lini\u0219te, libertate \u0219i o satisfac\u021bie rece, ca un echilibru final \u00een registrul vie\u021bii.<\/p>\n\n\n\n<p>C\u00e2nd am \u00eenchis u\u0219a \u00een urma mea, am \u0219tiut c\u0103 nu mai eram doar so\u021bia \u00een\u0219elat\u0103. Eram femeia care a \u00eenv\u0103\u021bat s\u0103 transforme tr\u0103darea \u00een cea mai profitabil\u0103 investi\u021bie a ei.<\/p>\n\n\n\n<p><em>Aceast\u0103 lucrare este inspirat\u0103 din evenimente \u0219i persoane reale, \u00eens\u0103 a fost fic\u021bionalizat\u0103 \u00een scopuri creative. Numele, personajele \u0219i detaliile au fost schimbate pentru a proteja intimitatea \u0219i pentru a \u00eembun\u0103t\u0103\u021bi nara\u021biunea. Orice asem\u0103nare cu persoane reale, \u00een via\u021b\u0103 sau decedate, sau cu evenimente reale este pur \u00eent\u00e2mpl\u0103toare \u0219i nu este inten\u021bionat\u0103 de c\u0103tre autor.<\/em><\/p>\n\n\n\n<p><em>Autorul \u0219i editorul nu \u00ee\u0219i asum\u0103 responsabilitatea pentru exactitatea evenimentelor sau pentru modul \u00een care sunt portretizate personajele \u0219i nu sunt r\u0103spunz\u0103tori pentru eventuale interpret\u0103ri gre\u0219ite. Aceast\u0103 poveste este oferit\u0103 \u201eca atare\u201d, iar orice opinii exprimate apar\u021bin personajelor \u0219i nu reflect\u0103 punctele de vedere ale autorului sau ale editorului.<\/em><\/p>\n","protected":false},"excerpt":{"rendered":"<p>Mi-am ridicat u\u0219or b\u0103rbia \u0219i am z\u00e2mbit. Nu din bucurie, ci dintr-o lini\u0219te t\u0103ioas\u0103, aceea pe care o sim\u021bi c\u00e2nd \u0219tii c\u0103 jocul s-a \u00eentors<\/p>\n","protected":false},"author":1,"featured_media":42678,"comment_status":"closed","ping_status":"closed","sticky":false,"template":"","format":"standard","meta":[],"categories":[1],"tags":[],"_links":{"self":[{"href":"https:\/\/calatorinromania.com\/index.php?rest_route=\/wp\/v2\/posts\/42677"}],"collection":[{"href":"https:\/\/calatorinromania.com\/index.php?rest_route=\/wp\/v2\/posts"}],"about":[{"href":"https:\/\/calatorinromania.com\/index.php?rest_route=\/wp\/v2\/types\/post"}],"author":[{"embeddable":true,"href":"https:\/\/calatorinromania.com\/index.php?rest_route=\/wp\/v2\/users\/1"}],"replies":[{"embeddable":true,"href":"https:\/\/calatorinromania.com\/index.php?rest_route=%2Fwp%2Fv2%2Fcomments&post=42677"}],"version-history":[{"count":1,"href":"https:\/\/calatorinromania.com\/index.php?rest_route=\/wp\/v2\/posts\/42677\/revisions"}],"predecessor-version":[{"id":42679,"href":"https:\/\/calatorinromania.com\/index.php?rest_route=\/wp\/v2\/posts\/42677\/revisions\/42679"}],"wp:featuredmedia":[{"embeddable":true,"href":"https:\/\/calatorinromania.com\/index.php?rest_route=\/wp\/v2\/media\/42678"}],"wp:attachment":[{"href":"https:\/\/calatorinromania.com\/index.php?rest_route=%2Fwp%2Fv2%2Fmedia&parent=42677"}],"wp:term":[{"taxonomy":"category","embeddable":true,"href":"https:\/\/calatorinromania.com\/index.php?rest_route=%2Fwp%2Fv2%2Fcategories&post=42677"},{"taxonomy":"post_tag","embeddable":true,"href":"https:\/\/calatorinromania.com\/index.php?rest_route=%2Fwp%2Fv2%2Ftags&post=42677"}],"curies":[{"name":"wp","href":"https:\/\/api.w.org\/{rel}","templated":true}]}}