{"id":42670,"date":"2025-10-18T17:13:57","date_gmt":"2025-10-18T17:13:57","guid":{"rendered":"https:\/\/calatorinromania.com\/?p=42670"},"modified":"2025-10-18T17:13:57","modified_gmt":"2025-10-18T17:13:57","slug":"nu-va-atingeti-de-fetele-mele-a-strigat-milionarul","status":"publish","type":"post","link":"https:\/\/calatorinromania.com\/?p=42670","title":{"rendered":"\u201eNu v\u0103 atinge\u021bi de fetele mele!\u201d \u2014 a strigat milionarul"},"content":{"rendered":"\n<p>Isabela nu s-a clintit. \u021ainea \u00een m\u00e2n\u0103 paharul de ap\u0103, iar tremurul u\u0219or al degetelor sale nu venea din fric\u0103, ci din adrenalin\u0103. Ochii ei verzi, alt\u0103dat\u0103 plini de iubire, acum ardeau cu o r\u0103ceal\u0103 ce-l f\u0103cu pe C\u0103lin s\u0103 se opreasc\u0103 pentru o clip\u0103.<\/p>\n\n\n\n<p><\/p>\n\n\n\n<p>\u2014 Cine e\u0219ti tu s\u0103 vorbe\u0219ti cu fetele mele?!, url\u0103 el, cu venele g\u00e2tului umflate \u0219i fa\u021ba ro\u0219ie de furie.<\/p>\n\n\n\n<p><\/p>\n\n\n\n<p>\u2014 Eu sunt femeia care le-a adus pe lume, spuse ea \u00eencet, dar ap\u0103sat.<\/p>\n\n\n\n<p><\/p>\n\n\n\n<p>Camera amu\u021bi. Nici aerul nu mai p\u0103rea s\u0103 circule. Feti\u021bele au tres\u0103rit, iar Lucia sc\u0103p\u0103 paharul pe covorul scump.<\/p>\n\n\n\n<p><\/p>\n\n\n\n<p>C\u0103lin f\u0103cu un pas \u00eenapoi. Se uita la ea ca la o fantom\u0103.<\/p>\n\n\n\n<p><br>\u2014 Nu\u2026 nu e\u0219ti tu. Tu ai murit. Te-am \u00eengropat cu m\u00e2inile mele\u2026<\/p>\n\n\n\n<p><\/p>\n\n\n\n<p>Isabela z\u00e2mbi amar.<\/p>\n\n\n\n<p><br>\u2014 Da, m-ai \u00eengropat\u2026 dar nu m-ai ucis. N-ai reu\u0219it.<\/p>\n\n\n\n<p>Cuvintele ei se r\u0103sp\u00e2ndir\u0103 prin camer\u0103 ca un ecou venit din iad. O lacrim\u0103 i se prelinse pe obraz, dar \u00een privire nu era mil\u0103. Era dreptate.<\/p>\n\n\n\n<p>C\u0103lin \u00eencerc\u0103 s\u0103 se adune.<br>\u2014 Ce vrei de la mine? Bani?<\/p>\n\n\n\n<p>Ea f\u0103cu un pas spre el, ridic\u00e2nd privirea.<br>\u2014 Nu vreau banii t\u0103i. Vreau s\u0103-\u021bi pr\u0103bu\u0219esc lumea, a\u0219a cum mi-ai pr\u0103bu\u0219it-o tu mie.<\/p>\n\n\n\n<p>Gemenele pl\u00e2ngeau \u00een t\u0103cere. Nu \u00een\u021belegeau totul, dar sim\u021beau adev\u0103rul \u00een aer. Sim\u021beau c\u0103 femeia aceea era mama lor.<\/p>\n\n\n\n<p>\u00cen noaptea care a urmat, Isabela a scos la iveal\u0103 secretele pe care le str\u00e2nsese \u00een t\u0103cere. \u00cen laptopul ascuns \u00een camera de serviciu, avea documente, \u00eenregistr\u0103ri, transferuri ilegale. Toate legau numele lui C\u0103lin de evaziuni \u0219i tr\u0103d\u0103ri.<\/p>\n\n\n\n<p>\u00cen zorii zilei urm\u0103toare, poli\u021bia descindea \u00een vila Munteanu. Presa era deja acolo. C\u0103lin a fost scos \u00een c\u0103tu\u0219e, \u00eencerc\u00e2nd s\u0103 par\u0103 puternic, dar privirea lui tr\u0103da tot: fric\u0103, ru\u0219ine, pierdere.<\/p>\n\n\n\n<p>Isabela nu l-a privit. \u021ainea feti\u021bele de m\u00e2n\u0103, iar acestea se ag\u0103\u021bau de ea ca de o ancor\u0103 \u00eentr-o furtun\u0103.<\/p>\n\n\n\n<p>\u2014 Mama, tu te \u00eentorci acum acas\u0103?, a \u00eentrebat Lucia cu voce mic\u0103.<br>Isabela s-a aplecat \u0219i le-a str\u00e2ns la piept.<br>\u2014 Acas\u0103 e acolo unde suntem \u00eempreun\u0103, iubitelor.<\/p>\n\n\n\n<p>Din acel moment, via\u021ba ei s-a schimbat. Nu mai era femeia care fugea. Era femeia care a \u00eenvins.<\/p>\n\n\n\n<p>Vila din Pipera a fost v\u00e2ndut\u0103, iar banii confisca\u021bi. Isabela s-a mutat cu feti\u021bele \u00eentr-o cas\u0103 mic\u0103 de la marginea ora\u0219ului. \u00cen fiecare diminea\u021b\u0103, c\u00e2nd deschidea geamul, sim\u021bea aerul rece al libert\u0103\u021bii.<\/p>\n\n\n\n<p>Vecinii o priveau cu respect, f\u0103r\u0103 s\u0103 \u0219tie \u00eentreaga poveste. Doar ea \u0219tia c\u00e2t de ad\u00e2nc a durut. Dar \u0219i c\u00e2t de bine se sim\u021bea acum, s\u0103-\u0219i \u021bin\u0103 copiii de m\u00e2n\u0103, f\u0103r\u0103 fric\u0103.<\/p>\n\n\n\n<p>\u00centr-o zi, merg\u00e2nd pe strad\u0103, a v\u0103zut o femeie t\u00e2n\u0103r\u0103, cu urme de v\u00e2n\u0103t\u0103i pe fa\u021b\u0103, \u021bin\u00e2nd un copil de m\u00e2n\u0103. Isabela s-a oprit \u0219i i-a z\u00e2mbit. \u0218tia c\u0103 \u0219i ea trecea prin iadul de care sc\u0103pase.<\/p>\n\n\n\n<p>S-a apropiat \u0219i i-a spus:<br>\u2014 S\u0103 nu-\u021bi pierzi niciodat\u0103 curajul. Chiar \u0219i din cele mai ad\u00e2nci umbre, se poate ajunge la lumin\u0103.<\/p>\n\n\n\n<p>Femeia a izbucnit \u00een pl\u00e2ns, iar Isabela a \u0219tiut atunci c\u0103 r\u0103zbunarea ei nu fusese doar pentru ea. Fusese pentru toate femeile care au fost c\u00e2ndva reduse la t\u0103cere.<\/p>\n\n\n\n<p>\u0218i \u00een acea lini\u0219te de toamn\u0103 t\u00e2rzie, printre frunzele care c\u0103deau u\u0219or, Isabela Haralambie a z\u00e2mbit pentru prima dat\u0103 cu adev\u0103rat.<br>R\u0103zbunarea ei se \u00eencheiase. Dreptatea fusese f\u0103cut\u0103.<br>\u0218i inima unei mame, \u00een sf\u00e2r\u0219it, s-a lini\u0219tit.<\/p>\n\n\n\n<p><em>Aceast\u0103 lucrare este inspirat\u0103 din evenimente \u0219i persoane reale, \u00eens\u0103 a fost fic\u021bionalizat\u0103 \u00een scopuri creative. Numele, personajele \u0219i detaliile au fost schimbate pentru a proteja intimitatea \u0219i pentru a \u00eembun\u0103t\u0103\u021bi nara\u021biunea. Orice asem\u0103nare cu persoane reale, \u00een via\u021b\u0103 sau decedate, sau cu evenimente reale este pur \u00eent\u00e2mpl\u0103toare \u0219i nu este inten\u021bionat\u0103 de c\u0103tre autor.<\/em><\/p>\n\n\n\n<p><em>Autorul \u0219i editorul nu \u00ee\u0219i asum\u0103 responsabilitatea pentru exactitatea evenimentelor sau pentru modul \u00een care sunt portretizate personajele \u0219i nu sunt r\u0103spunz\u0103tori pentru eventuale interpret\u0103ri gre\u0219ite. Aceast\u0103 poveste este oferit\u0103 \u201eca atare\u201d, iar orice opinii exprimate apar\u021bin personajelor \u0219i nu reflect\u0103 punctele de vedere ale autorului sau ale editorului.<\/em><\/p>\n\n\n\n<p><a href=\"https:\/\/www.pinterest.com\/pin\/create\/button\/?url=https%3A%2F%2Fbumzi.ro%2F%3Fp%3D9308&amp;description=%E2%80%9ENu+v%C4%83+atinge%C8%9Bi+de+fetele+mele%21%E2%80%9D+%E2%80%94+a+strigat+milionarul\" target=\"_blank\" rel=\"noreferrer noopener\"><\/a><\/p>\n\n\n\n<p><a href=\"https:\/\/www.facebook.com\/sharer\/sharer.php?u=https%3A%2F%2Fbumzi.ro%2F%3Fp%3D9308\" target=\"_blank\" rel=\"noreferrer noopener\"><\/a><\/p>\n\n\n\n<p><a href=\"https:\/\/twitter.com\/intent\/tweet?url=https%3A%2F%2Fbumzi.ro%2F%3Fp%3D9308&amp;text=%E2%80%9ENu+v%C4%83+atinge%C8%9Bi+de+fetele+mele%21%E2%80%9D+%E2%80%94+a+strigat+milionarul\" target=\"_blank\" rel=\"noreferrer noopener\"><\/a><a href=\"https:\/\/bumzi.ro\/?p=9305\"><\/a><\/p>\n","protected":false},"excerpt":{"rendered":"<p>Isabela nu s-a clintit. \u021ainea \u00een m\u00e2n\u0103 paharul de ap\u0103, iar tremurul u\u0219or al degetelor sale nu venea din fric\u0103, ci din adrenalin\u0103. Ochii ei<\/p>\n","protected":false},"author":1,"featured_media":40651,"comment_status":"closed","ping_status":"closed","sticky":false,"template":"","format":"standard","meta":[],"categories":[1],"tags":[],"_links":{"self":[{"href":"https:\/\/calatorinromania.com\/index.php?rest_route=\/wp\/v2\/posts\/42670"}],"collection":[{"href":"https:\/\/calatorinromania.com\/index.php?rest_route=\/wp\/v2\/posts"}],"about":[{"href":"https:\/\/calatorinromania.com\/index.php?rest_route=\/wp\/v2\/types\/post"}],"author":[{"embeddable":true,"href":"https:\/\/calatorinromania.com\/index.php?rest_route=\/wp\/v2\/users\/1"}],"replies":[{"embeddable":true,"href":"https:\/\/calatorinromania.com\/index.php?rest_route=%2Fwp%2Fv2%2Fcomments&post=42670"}],"version-history":[{"count":1,"href":"https:\/\/calatorinromania.com\/index.php?rest_route=\/wp\/v2\/posts\/42670\/revisions"}],"predecessor-version":[{"id":42671,"href":"https:\/\/calatorinromania.com\/index.php?rest_route=\/wp\/v2\/posts\/42670\/revisions\/42671"}],"wp:featuredmedia":[{"embeddable":true,"href":"https:\/\/calatorinromania.com\/index.php?rest_route=\/wp\/v2\/media\/40651"}],"wp:attachment":[{"href":"https:\/\/calatorinromania.com\/index.php?rest_route=%2Fwp%2Fv2%2Fmedia&parent=42670"}],"wp:term":[{"taxonomy":"category","embeddable":true,"href":"https:\/\/calatorinromania.com\/index.php?rest_route=%2Fwp%2Fv2%2Fcategories&post=42670"},{"taxonomy":"post_tag","embeddable":true,"href":"https:\/\/calatorinromania.com\/index.php?rest_route=%2Fwp%2Fv2%2Ftags&post=42670"}],"curies":[{"name":"wp","href":"https:\/\/api.w.org\/{rel}","templated":true}]}}