{"id":42668,"date":"2025-10-18T17:11:19","date_gmt":"2025-10-18T17:11:19","guid":{"rendered":"https:\/\/calatorinromania.com\/?p=42668"},"modified":"2025-10-18T17:11:19","modified_gmt":"2025-10-18T17:11:19","slug":"cum-va-fi-vremea-in-romania-prognoza-meteo-anuntata-de-anm","status":"publish","type":"post","link":"https:\/\/calatorinromania.com\/?p=42668","title":{"rendered":"Cum va fi vremea \u00een Rom\u00e2nia? Prognoza METEO anun\u021bat\u0103 de ANM"},"content":{"rendered":"\n<p><strong>S\u00e2mb\u0103t\u0103, 18 octombrie 2025, vremea se schimb\u0103 radical \u00een aproape toat\u0103 \u021bara. Dup\u0103 mai multe zile cu temperaturi bl\u00e2nde \u0219i soare, Rom\u00e2nia intr\u0103 \u00eentr-un nou episod de r\u0103cire accentuat\u0103. Cerul se acoper\u0103 de nori, v\u00e2ntul devine mai rece, iar ploile slabe \u00ee\u0219i fac apari\u021bia \u00een multe regiuni. \u00cen zonele montane \u00eenalte, meteorologii anun\u021b\u0103 revenirea ninsorilor, semn clar c\u0103 iarna se apropie. Valorile termice vor fi mai sc\u0103zute dec\u00e2t cele normale pentru aceast\u0103 perioad\u0103, iar senza\u021bia de frig va fi amplificat\u0103 de rafalele de v\u00e2nt care se intensific\u0103 treptat spre sear\u0103.<\/strong><\/p>\n\n\n\n<p><\/p>\n\n\n\n<h2>Temperaturile scad \u00een toat\u0103 \u021bara \u0219i ploile revin treptat<\/h2>\n\n\n\n<p><\/p>\n\n\n\n<p>\u00cencep\u00e2nd din primele ore ale dimine\u021bii, aerul rece p\u0103trunde dinspre nord \u0219i nord-vest, determin\u00e2nd o sc\u0103dere vizibil\u0103 a temperaturilor \u00een special \u00een Transilvania, Moldova \u0219i zonele de deal. Maximele nu vor dep\u0103\u0219i 10-11 grade \u00een estul Transilvaniei, iar \u00een centrul \u021b\u0103rii, valorile se vor men\u021bine \u00een jurul a 12-13 grade. \u00cen sudul \u0219i sud-estul Rom\u00e2niei, vremea va fi u\u0219or mai bl\u00e2nd\u0103, dar cerul va fi predominant noros, iar ploile slabe vor ap\u0103rea periodic pe parcursul zilei.<\/p>\n\n\n\n<p><\/p>\n\n\n\n<p>\u00cen Oltenia \u0219i Muntenia, termometrele vor indica valori cuprinse \u00eentre 15 \u0219i 18 grade, \u00eens\u0103 spre sear\u0103, v\u00e2ntul va deveni mai intens, amplific\u00e2nd senza\u021bia de frig. \u00cen Dobrogea, temperaturile vor fi apropiate de 17 grade, iar ploile \u00ee\u0219i vor face apari\u021bia \u00een a doua parte a zilei, \u00een special \u00een zonele de coast\u0103. \u00cen Capital\u0103, ziua se anun\u021b\u0103 mohor\u00e2t\u0103, cu ploi slabe \u0219i cu o temperatur\u0103 maxim\u0103 de aproximativ 16 grade.<\/p>\n\n\n\n<p><\/p>\n\n\n\n<p>Pe l\u00e2ng\u0103 r\u0103cirea accentuat\u0103, meteorologii avertizeaz\u0103 c\u0103 presiunea atmosferic\u0103 va cre\u0219te u\u0219or, semn c\u0103 masa de aer rece se instaleaz\u0103 pentru mai multe zile. Cerul va r\u0103m\u00e2ne variabil, iar v\u00e2ntul va continua s\u0103 sufle moderat, cu intensific\u0103ri temporare \u00een zonele deschise.<\/p>\n\n\n\n<p><\/p>\n\n\n\n<h2>Ninsorile \u00ee\u0219i fac apari\u021bia \u00een zonele montane<\/h2>\n\n\n\n<p><\/p>\n\n\n\n<p>La munte, schimbarea vremii este mult mai vizibil\u0103. Temperaturile scad sub zero grade pe crestele Carpa\u021bilor, iar precipita\u021biile se transform\u0103 treptat \u00een lapovi\u021b\u0103 \u0219i ninsoare. \u00cen masivele Bucegi, F\u0103g\u0103ra\u0219 \u0219i Par\u00e2ng, stratul de z\u0103pad\u0103 ar putea \u00eencepe s\u0103 se depun\u0103 \u00een cursul serii, marc\u00e2nd \u00eenceputul unui nou episod hibernal.<\/p>\n\n\n\n<p><\/p>\n\n\n\n<p>Pe drumurile montane, condi\u021biile devin dificile, iar \u0219oferii sunt sf\u0103tui\u021bi s\u0103 circule cu pruden\u021b\u0103 \u0219i s\u0103 verifice starea traseelor \u00eenainte de plecare. V\u00e2ntul puternic din zonele \u00eenalte poate atinge rafale de peste 70 km\/h, spulber\u00e2nd z\u0103pada \u0219i reduc\u00e2nd vizibilitatea.<\/p>\n\n\n\n<p><\/p>\n\n\n\n<p>De asemenea, \u00een zonele depresionare \u0219i pe v\u0103i, temperaturile minime din noaptea de s\u00e2mb\u0103t\u0103 spre duminic\u0103 vor cobor\u00ee sub 5 grade, iar local se vor \u00eenregistra chiar \u0219i valori negative. Meteorologii avertizeaz\u0103 asupra riscului de brum\u0103, mai ales \u00een zonele agricole \u0219i \u00een regiunile centrale.<\/p>\n\n\n\n<p><\/p>\n\n\n\n<h2>Cum va evolua vremea \u00een urm\u0103toarele zile<\/h2>\n\n\n\n<p><\/p>\n\n\n\n<p>Speciali\u0219tii anun\u021b\u0103 c\u0103 r\u0103cirea nu va fi de scurt\u0103 durat\u0103. \u00cen urm\u0103toarele zile, vremea va r\u0103m\u00e2ne rece pentru aceast\u0103 perioad\u0103, cu temperaturi care rareori vor dep\u0103\u0219i 15-16 grade \u00een zonele de c\u00e2mpie. Cerul va fi par\u021bial acoperit, iar ploile vor continua \u00een estul \u0219i sud-estul \u021b\u0103rii.<\/p>\n\n\n\n<p><\/p>\n\n\n\n<p>\u00cen vest \u0219i nord-vest, spre \u00eenceputul s\u0103pt\u0103m\u00e2nii viitoare, atmosfera se va mai calma, \u00eens\u0103 nop\u021bile vor deveni tot mai reci. \u00cen depresiunile intramontane se pot \u00eenregistra minime apropiate de pragul \u00eenghe\u021bului.<\/p>\n\n\n\n<p><\/p>\n\n\n\n<p>Aceast\u0103 schimbare de vreme aduce, practic, finalul perioadei de toamn\u0103 bl\u00e2nd\u0103. Dup\u0103 mai multe s\u0103pt\u0103m\u00e2ni cu temperaturi peste mediile normale, aerul rece din nordul continentului se instaleaz\u0103 ferm \u00een Rom\u00e2nia, iar semnele iernii devin tot mai evidente.<\/p>\n\n\n\n<p><em>Aceast\u0103 lucrare este inspirat\u0103 din evenimente \u0219i persoane reale, \u00eens\u0103 a fost fic\u021bionalizat\u0103 \u00een scopuri creative. Numele, personajele \u0219i detaliile au fost schimbate pentru a proteja intimitatea \u0219i pentru a \u00eembun\u0103t\u0103\u021bi nara\u021biunea. Orice asem\u0103nare cu persoane reale, \u00een via\u021b\u0103 sau decedate, sau cu evenimente reale este pur \u00eent\u00e2mpl\u0103toare \u0219i nu este inten\u021bionat\u0103 de c\u0103tre autor.<\/em><\/p>\n\n\n\n<p><em>Autorul \u0219i editorul nu \u00ee\u0219i asum\u0103 responsabilitatea pentru exactitatea evenimentelor sau pentru modul \u00een care sunt portretizate personajele \u0219i nu sunt r\u0103spunz\u0103tori pentru eventuale interpret\u0103ri gre\u0219ite. Aceast\u0103 poveste este oferit\u0103 \u201eca atare\u201d, iar orice opinii exprimate apar\u021bin personajelor \u0219i nu reflect\u0103 punctele de vedere ale autorului sau ale editorului.<\/em><\/p>\n","protected":false},"excerpt":{"rendered":"<p>S\u00e2mb\u0103t\u0103, 18 octombrie 2025, vremea se schimb\u0103 radical \u00een aproape toat\u0103 \u021bara. Dup\u0103 mai multe zile cu temperaturi bl\u00e2nde \u0219i soare, Rom\u00e2nia intr\u0103 \u00eentr-un nou<\/p>\n","protected":false},"author":1,"featured_media":40651,"comment_status":"closed","ping_status":"closed","sticky":false,"template":"","format":"standard","meta":[],"categories":[1],"tags":[],"_links":{"self":[{"href":"https:\/\/calatorinromania.com\/index.php?rest_route=\/wp\/v2\/posts\/42668"}],"collection":[{"href":"https:\/\/calatorinromania.com\/index.php?rest_route=\/wp\/v2\/posts"}],"about":[{"href":"https:\/\/calatorinromania.com\/index.php?rest_route=\/wp\/v2\/types\/post"}],"author":[{"embeddable":true,"href":"https:\/\/calatorinromania.com\/index.php?rest_route=\/wp\/v2\/users\/1"}],"replies":[{"embeddable":true,"href":"https:\/\/calatorinromania.com\/index.php?rest_route=%2Fwp%2Fv2%2Fcomments&post=42668"}],"version-history":[{"count":1,"href":"https:\/\/calatorinromania.com\/index.php?rest_route=\/wp\/v2\/posts\/42668\/revisions"}],"predecessor-version":[{"id":42669,"href":"https:\/\/calatorinromania.com\/index.php?rest_route=\/wp\/v2\/posts\/42668\/revisions\/42669"}],"wp:featuredmedia":[{"embeddable":true,"href":"https:\/\/calatorinromania.com\/index.php?rest_route=\/wp\/v2\/media\/40651"}],"wp:attachment":[{"href":"https:\/\/calatorinromania.com\/index.php?rest_route=%2Fwp%2Fv2%2Fmedia&parent=42668"}],"wp:term":[{"taxonomy":"category","embeddable":true,"href":"https:\/\/calatorinromania.com\/index.php?rest_route=%2Fwp%2Fv2%2Fcategories&post=42668"},{"taxonomy":"post_tag","embeddable":true,"href":"https:\/\/calatorinromania.com\/index.php?rest_route=%2Fwp%2Fv2%2Ftags&post=42668"}],"curies":[{"name":"wp","href":"https:\/\/api.w.org\/{rel}","templated":true}]}}