{"id":42666,"date":"2025-10-18T17:08:45","date_gmt":"2025-10-18T17:08:45","guid":{"rendered":"https:\/\/calatorinromania.com\/?p=42666"},"modified":"2025-10-18T17:08:45","modified_gmt":"2025-10-18T17:08:45","slug":"dupa-12-ore-de-condus-fara-aer-conditionat-e-sleita-de-puteri","status":"publish","type":"post","link":"https:\/\/calatorinromania.com\/?p=42666","title":{"rendered":"Dup\u0103 12 ore de condus f\u0103r\u0103 aer condi\u021bionat, e sleit\u0103 de puteri"},"content":{"rendered":"\n<p>Carmen nu era genul care s\u0103 caute aten\u021bie. Muncea de mic\u0103, de c\u00e2nd tat\u0103l ei, \u0219i el camionagiu, o lua cu el pe drumuri. \u00cenv\u0103\u021base s\u0103 schimbe roata, s\u0103 repare motorul \u0219i s\u0103 doarm\u0103 \u00een cabin\u0103, cu zgomotul de fond al camioanelor trec\u00e2nd prin noapte.<\/p>\n\n\n\n<p><\/p>\n\n\n\n<p>\u00cen ziua aceea, dup\u0103 ce-\u0219i sp\u0103lase fa\u021ba \u0219i bra\u021bele cu pu\u021bin\u0103 ap\u0103 dintr-o sticl\u0103, l-a v\u0103zut pe Pufi privind-o cu ochi umezi. C\u00e2inele, obosit de c\u0103ldur\u0103, se a\u0219ezase sub umbra camionului \u0219i respira greu. Carmen a oftat, \u0219i-a turnat restul de ap\u0103 \u00een palm\u0103 \u0219i i-a udat botul.<\/p>\n\n\n\n<p><\/p>\n\n\n\n<p>\u201eHai, b\u0103iete, rezist\u0103m \u0219i azi\u201d, i-a spus \u00eencet.<\/p>\n\n\n\n<p><\/p>\n\n\n\n<p>Dar clipul filmat de un t\u00e2n\u0103r care trecea \u00eent\u00e2mpl\u0103tor prin parcare a prins un moment interpretat complet gre\u0219it. Din unghiul camerei, p\u0103rea c\u0103 femeia se ceart\u0103 cu c\u00e2inele \u0219i-l love\u0219te. \u00cen realitate, \u00eel \u021binea de zgard\u0103, \u00eencerc\u00e2nd s\u0103-l spele cu pu\u021bina ap\u0103 r\u0103mas\u0103.<\/p>\n\n\n\n<p><\/p>\n\n\n\n<p>\u00cen c\u00e2teva ore, internetul fierbea. Titlurile urlau: \u201eCamionist\u0103 agresiv\u0103 cu animalul ei!\u201d, \u201eFurie pe \u0219osele!\u201d, \u201eCruel\u0103 \u0219i f\u0103r\u0103 inim\u0103!\u201d. Carmen habar n-avea ce se \u00eent\u00e2mpl\u0103. Telefonul a \u00eenceput s\u0103 sune abia spre sear\u0103, c\u00e2nd o coleg\u0103 i-a spus: \u201eFemeie, e\u0219ti peste tot pe Facebook!\u201d.<\/p>\n\n\n\n<p><\/p>\n\n\n\n<p>C\u00e2nd a v\u0103zut imaginile, a r\u0103mas \u00eempietrit\u0103. Lacrimile i-au umplut ochii. Se sim\u021bea nedrept\u0103\u021bit\u0103, ru\u0219inat\u0103 \u0219i furioas\u0103 \u00een acela\u0219i timp. Nu pentru ea, ci pentru Pufi, care o privea mereu cu aceea\u0219i iubire simpl\u0103, f\u0103r\u0103 s\u0103 \u0219tie c\u0103 lumea o judeca pe st\u0103p\u00e2na lui.<\/p>\n\n\n\n<p><\/p>\n\n\n\n<p>A doua zi, Carmen a oprit camionul \u00een fa\u021ba unei benzin\u0103rii. A scos telefonul, a deschis camera \u0219i a \u00eenceput s\u0103 vorbeasc\u0103. \u201eNu-s o femeie perfect\u0103, dar n-a\u0219 ridica m\u00e2na niciodat\u0103 asupra lui Pufi. E familia mea. Am trecut prin multe \u00eempreun\u0103 \u2014 am dormit \u00een frig, am m\u00e2ncat din aceea\u0219i pung\u0103, am condus nop\u021bi \u00eentregi ca s\u0103 pot pl\u0103ti ratele. Dac\u0103 am gre\u0219it cu ceva, e doar c\u0103 n-am avut destul\u0103 ap\u0103 pentru am\u00e2ndoi.\u201d<\/p>\n\n\n\n<p><\/p>\n\n\n\n<p>Clipul a fost distribuit de mii de oameni. \u00cen c\u00e2teva ore, adev\u0103rul a ie\u0219it la iveal\u0103. T\u00e2n\u0103rul care filmase a recunoscut c\u0103 a rupt filmarea din context \u0219i \u0219i-a cerut public scuze. Dar Carmen nu a mai fost aceea\u0219i.<\/p>\n\n\n\n<p><\/p>\n\n\n\n<p>\u00cen loc s\u0103 se ascund\u0103, a ales s\u0103 transforme totul \u00eentr-o lec\u021bie. A \u00eenceput s\u0103 vorbeasc\u0103 despre via\u021ba camionistelor, despre greut\u0103\u021bile \u0219i singur\u0103tatea de pe drum, despre animalele care le \u021bin companie.<\/p>\n\n\n\n<p><\/p>\n\n\n\n<p>\u00cen scurt timp, sute de femei din toat\u0103 \u021bara au \u00eenceput s\u0103-i trimit\u0103 mesaje de \u00eencurajare. Unele \u00eei povesteau c\u0103 \u0219i ele dorm cu frica-n s\u00e2n \u00een parc\u0103ri pustii, altele \u00eei spuneau c\u0103 au c\u00e2ini care le-au salvat de la depresie sau de la atacuri pe drum.<\/p>\n\n\n\n<p>Carmen \u0219i Pufi au devenit simbolul curajului \u0219i al loialit\u0103\u021bii.<\/p>\n\n\n\n<p>Un an mai t\u00e2rziu, c\u00e2nd a fost invitat\u0103 la o emisiune, prezentatorul a \u00eentrebat-o: \u201eCe te-a f\u0103cut s\u0103 nu renun\u021bi?\u201d. Ea a z\u00e2mbit \u0219i a spus: \u201eDragostea nu se explic\u0103. Se tr\u0103ie\u0219te. Eu \u0219i Pufi suntem o echip\u0103, \u0219i echipele adev\u0103rate nu se destram\u0103 c\u00e2nd apar greut\u0103\u021bi. Atunci se \u021bin mai str\u00e2ns.\u201d<\/p>\n\n\n\n<p>Publicul a aplaudat \u00een picioare.<\/p>\n\n\n\n<p>Carmen a cobor\u00e2t de pe scen\u0103, \u0219i-a pus \u0219apca pe cap \u0219i a plecat la drum. \u00cen oglinda camionului, Pufi st\u0103tea lini\u0219tit pe locul din dreapta, privind spre ea. Soarele apunea peste c\u00e2mp, iar \u00een aer se sim\u021bea lini\u0219tea aceea pe care doar cei care au fost pe drum o pot \u00een\u021belege.<\/p>\n\n\n\n<p>Pentru to\u021bi ceilal\u021bi, fusese doar o poveste.<br>Pentru ea, era via\u021ba \u00eens\u0103\u0219i.<\/p>\n\n\n\n<p><em>Aceast\u0103 lucrare este inspirat\u0103 din evenimente \u0219i persoane reale, \u00eens\u0103 a fost fic\u021bionalizat\u0103 \u00een scopuri creative. Numele, personajele \u0219i detaliile au fost schimbate pentru a proteja intimitatea \u0219i pentru a \u00eembun\u0103t\u0103\u021bi nara\u021biunea. Orice asem\u0103nare cu persoane reale, \u00een via\u021b\u0103 sau decedate, sau cu evenimente reale este pur \u00eent\u00e2mpl\u0103toare \u0219i nu este inten\u021bionat\u0103 de c\u0103tre autor.<\/em><\/p>\n\n\n\n<p><em>Autorul \u0219i editorul nu \u00ee\u0219i asum\u0103 responsabilitatea pentru exactitatea evenimentelor sau pentru modul \u00een care sunt portretizate personajele \u0219i nu sunt r\u0103spunz\u0103tori pentru eventuale interpret\u0103ri gre\u0219ite. Aceast\u0103 poveste este oferit\u0103 \u201eca atare\u201d, iar orice opinii exprimate apar\u021bin personajelor \u0219i nu reflect\u0103 punctele de vedere ale autorului sau ale editorului.<\/em><\/p>\n","protected":false},"excerpt":{"rendered":"<p>Carmen nu era genul care s\u0103 caute aten\u021bie. Muncea de mic\u0103, de c\u00e2nd tat\u0103l ei, \u0219i el camionagiu, o lua cu el pe drumuri. \u00cenv\u0103\u021base<\/p>\n","protected":false},"author":1,"featured_media":40651,"comment_status":"closed","ping_status":"closed","sticky":false,"template":"","format":"standard","meta":[],"categories":[1],"tags":[],"_links":{"self":[{"href":"https:\/\/calatorinromania.com\/index.php?rest_route=\/wp\/v2\/posts\/42666"}],"collection":[{"href":"https:\/\/calatorinromania.com\/index.php?rest_route=\/wp\/v2\/posts"}],"about":[{"href":"https:\/\/calatorinromania.com\/index.php?rest_route=\/wp\/v2\/types\/post"}],"author":[{"embeddable":true,"href":"https:\/\/calatorinromania.com\/index.php?rest_route=\/wp\/v2\/users\/1"}],"replies":[{"embeddable":true,"href":"https:\/\/calatorinromania.com\/index.php?rest_route=%2Fwp%2Fv2%2Fcomments&post=42666"}],"version-history":[{"count":1,"href":"https:\/\/calatorinromania.com\/index.php?rest_route=\/wp\/v2\/posts\/42666\/revisions"}],"predecessor-version":[{"id":42667,"href":"https:\/\/calatorinromania.com\/index.php?rest_route=\/wp\/v2\/posts\/42666\/revisions\/42667"}],"wp:featuredmedia":[{"embeddable":true,"href":"https:\/\/calatorinromania.com\/index.php?rest_route=\/wp\/v2\/media\/40651"}],"wp:attachment":[{"href":"https:\/\/calatorinromania.com\/index.php?rest_route=%2Fwp%2Fv2%2Fmedia&parent=42666"}],"wp:term":[{"taxonomy":"category","embeddable":true,"href":"https:\/\/calatorinromania.com\/index.php?rest_route=%2Fwp%2Fv2%2Fcategories&post=42666"},{"taxonomy":"post_tag","embeddable":true,"href":"https:\/\/calatorinromania.com\/index.php?rest_route=%2Fwp%2Fv2%2Ftags&post=42666"}],"curies":[{"name":"wp","href":"https:\/\/api.w.org\/{rel}","templated":true}]}}