{"id":42664,"date":"2025-10-18T17:04:43","date_gmt":"2025-10-18T17:04:43","guid":{"rendered":"https:\/\/calatorinromania.com\/?p=42664"},"modified":"2025-10-18T17:04:43","modified_gmt":"2025-10-18T17:04:43","slug":"la-90-de-ani-m-am-deghizat-in-cersetor-si-am-intrat-in-propriul-meu-supermarket","status":"publish","type":"post","link":"https:\/\/calatorinromania.com\/?p=42664","title":{"rendered":"La 90 de ani m-am deghizat \u00een cer\u0219etor \u0219i am intrat \u00een propriul meu supermarket"},"content":{"rendered":"\n<p>L-am urmat \u00een t\u0103cere p\u00e2n\u0103 \u00een spatele magazinului, acolo unde, printre l\u0103zi de fructe \u0219i cutii aruncate, mi-a \u00eentins un sandvi\u0219 \u0219i o sticl\u0103 cu ap\u0103. Am sim\u021bit cum m\u0103 cuprinde o ru\u0219ine ad\u00e2nc\u0103. Eu, cel care de zeci de ani decideam soarta angaja\u021bilor mei, eram acum un b\u0103tr\u00e2n pr\u0103fuit, hr\u0103nit din mila unui str\u0103in.<\/p>\n\n\n\n<p><\/p>\n\n\n\n<p>\u2014 Cum te cheam\u0103, fiule? am \u00eentrebat.<\/p>\n\n\n\n<p><br>\u2014 Mihai, domnule. Lucrez aici doar de dou\u0103 s\u0103pt\u0103m\u00e2ni. Tata e bolnav, a\u0219a c\u0103 orice leu conteaz\u0103.<\/p>\n\n\n\n<p><\/p>\n\n\n\n<p>Vorbea cu modestie, f\u0103r\u0103 pl\u00e2ngeri. Am observat cum \u00ee\u0219i \u0219tergea palmele pe pantalonii uza\u021bi, ru\u0219inat parc\u0103 de propria bun\u0103tate. I-am spus c\u0103 \u00eei mul\u021bumesc, iar el a z\u00e2mbit simplu:<\/p>\n\n\n\n<p><br>\u2014 Dac\u0103 mai ave\u021bi nevoie de ceva, veni\u021bi oric\u00e2nd. Nu trebuie s\u0103 v\u0103 fie ru\u0219ine.<\/p>\n\n\n\n<p><\/p>\n\n\n\n<p>Cuvintele lui m-au lovit mai tare dec\u00e2t toate lec\u021biile de via\u021b\u0103 pe care le-am primit vreodat\u0103. \u00cen acea clip\u0103, mi-am dat seama c\u0103 toat\u0103 averea mea nu \u00eensemna nimic pe l\u00e2ng\u0103 un gest sincer.<\/p>\n\n\n\n<p><\/p>\n\n\n\n<p>Am plecat, dar chipul lui Mihai mi-a r\u0103mas \u00eentip\u0103rit \u00een minte. \u00cen seara aceea, am chemat avocatul. I-am spus s\u0103 preg\u0103teasc\u0103 actele, dar s\u0103 nu le semnez \u00eenc\u0103. Aveam nevoie de o dovad\u0103 c\u0103 acel t\u00e2n\u0103r nu f\u0103cuse acel gest pentru bani.<\/p>\n\n\n\n<p><\/p>\n\n\n\n<p>A doua zi, m-am \u00eentors, tot deghizat. Mihai m-a recunoscut imediat.<\/p>\n\n\n\n<p><br>\u2014 V-a\u021bi \u00eentors! Sta\u021bi pu\u021bin, v\u0103 aduc ni\u0219te ceai cald.<\/p>\n\n\n\n<p><br>A disp\u0103rut c\u00e2teva minute \u0219i s-a \u00eentors cu o can\u0103 aburind\u0103. Ceilal\u021bi angaja\u021bi se uitau ur\u00e2t la el, dar el nu p\u0103rea s\u0103 le dea importan\u021b\u0103.<\/p>\n\n\n\n<p><\/p>\n\n\n\n<p>\u2014 De ce faci asta? am \u00eentrebat.<br>\u2014 Pentru c\u0103 \u0219i eu am fost ajutat c\u00e2nd n-aveam nimic. Poate acum e r\u00e2ndul meu.<\/p>\n\n\n\n<p>Mi s-au umezit ochii. Acel b\u0103iat avea ceva ce eu pierdusem de mult: inim\u0103.<\/p>\n\n\n\n<p>Dup\u0103 c\u00e2teva zile, am revenit \u00een hainele mele scumpe, cu \u0219oferul la u\u0219\u0103 \u0219i cu toat\u0103 lumea gr\u0103bindu-se s\u0103 m\u0103 salute. C\u00e2nd Mihai m-a v\u0103zut, a \u00eenghe\u021bat. Nu \u0219tia c\u0103 eu eram b\u0103tr\u00e2nul cer\u0219etor.<\/p>\n\n\n\n<p>\u2014 Domnule director\u2026 dumneavoastr\u0103\u2026?<br>\u2014 Da, eu eram. \u0218i \u0219tii ceva? Tu mi-ai amintit ce \u00eenseamn\u0103 s\u0103 fii om.<\/p>\n\n\n\n<p>Am chemat tot personalul \u0219i am spus r\u0103spicat:<br>\u2014 De azi, Mihai devine noul manager al magazinului. \u0218i, dup\u0103 moartea mea, tot ce am construit va merge c\u0103tre o funda\u021bie care va ajuta oameni ca el \u2013 oameni cu suflet.<\/p>\n\n\n\n<p>Lumea a amu\u021bit. Mihai a \u00eencercat s\u0103 protesteze, dar l-am oprit:<br>\u2014 Nu e un cadou, e o r\u0103splat\u0103. Ai oferit f\u0103r\u0103 s\u0103 ceri nimic \u00een schimb. Asta nu se cump\u0103r\u0103 cu bani.<\/p>\n\n\n\n<p>Anii au trecut, iar funda\u021bia a crescut. Copii s\u0103raci au primit burse, b\u0103tr\u00e2ni singuri au primit ajutor. Iar numele lui Mihai a devenit simbolul omeniei.<\/p>\n\n\n\n<p>C\u00e2nd am plecat dintre cei vii, n-am mai fost un om bogat \u00een bani, ci \u00een recuno\u0219tin\u021b\u0103. Pentru c\u0103, la final, nu averea te face mare, ci bun\u0103tatea cu care atingi vie\u021bile altora.<\/p>\n\n\n\n<p>\u0218i undeva, acolo sus, \u0219tiu c\u0103 Dumnezeu a z\u00e2mbit.<\/p>\n\n\n\n<p><em>Aceast\u0103 lucrare este inspirat\u0103 din evenimente \u0219i persoane reale, \u00eens\u0103 a fost fic\u021bionalizat\u0103 \u00een scopuri creative. Numele, personajele \u0219i detaliile au fost schimbate pentru a proteja intimitatea \u0219i pentru a \u00eembun\u0103t\u0103\u021bi nara\u021biunea. Orice asem\u0103nare cu persoane reale, \u00een via\u021b\u0103 sau decedate, sau cu evenimente reale este pur \u00eent\u00e2mpl\u0103toare \u0219i nu este inten\u021bionat\u0103 de c\u0103tre autor.<\/em><\/p>\n\n\n\n<p><em>Autorul \u0219i editorul nu \u00ee\u0219i asum\u0103 responsabilitatea pentru exactitatea evenimentelor sau pentru modul \u00een care sunt portretizate personajele \u0219i nu sunt r\u0103spunz\u0103tori pentru eventuale interpret\u0103ri gre\u0219ite. Aceast\u0103 poveste este oferit\u0103 \u201eca atare\u201d, iar orice opinii exprimate apar\u021bin personajelor \u0219i nu reflect\u0103 punctele de vedere ale autorului sau ale editorului.<\/em><\/p>\n","protected":false},"excerpt":{"rendered":"<p>L-am urmat \u00een t\u0103cere p\u00e2n\u0103 \u00een spatele magazinului, acolo unde, printre l\u0103zi de fructe \u0219i cutii aruncate, mi-a \u00eentins un sandvi\u0219 \u0219i o sticl\u0103 cu<\/p>\n","protected":false},"author":1,"featured_media":40939,"comment_status":"closed","ping_status":"closed","sticky":false,"template":"","format":"standard","meta":[],"categories":[1],"tags":[],"_links":{"self":[{"href":"https:\/\/calatorinromania.com\/index.php?rest_route=\/wp\/v2\/posts\/42664"}],"collection":[{"href":"https:\/\/calatorinromania.com\/index.php?rest_route=\/wp\/v2\/posts"}],"about":[{"href":"https:\/\/calatorinromania.com\/index.php?rest_route=\/wp\/v2\/types\/post"}],"author":[{"embeddable":true,"href":"https:\/\/calatorinromania.com\/index.php?rest_route=\/wp\/v2\/users\/1"}],"replies":[{"embeddable":true,"href":"https:\/\/calatorinromania.com\/index.php?rest_route=%2Fwp%2Fv2%2Fcomments&post=42664"}],"version-history":[{"count":1,"href":"https:\/\/calatorinromania.com\/index.php?rest_route=\/wp\/v2\/posts\/42664\/revisions"}],"predecessor-version":[{"id":42665,"href":"https:\/\/calatorinromania.com\/index.php?rest_route=\/wp\/v2\/posts\/42664\/revisions\/42665"}],"wp:featuredmedia":[{"embeddable":true,"href":"https:\/\/calatorinromania.com\/index.php?rest_route=\/wp\/v2\/media\/40939"}],"wp:attachment":[{"href":"https:\/\/calatorinromania.com\/index.php?rest_route=%2Fwp%2Fv2%2Fmedia&parent=42664"}],"wp:term":[{"taxonomy":"category","embeddable":true,"href":"https:\/\/calatorinromania.com\/index.php?rest_route=%2Fwp%2Fv2%2Fcategories&post=42664"},{"taxonomy":"post_tag","embeddable":true,"href":"https:\/\/calatorinromania.com\/index.php?rest_route=%2Fwp%2Fv2%2Ftags&post=42664"}],"curies":[{"name":"wp","href":"https:\/\/api.w.org\/{rel}","templated":true}]}}