{"id":42647,"date":"2025-10-17T08:23:07","date_gmt":"2025-10-17T08:23:07","guid":{"rendered":"https:\/\/calatorinromania.com\/?p=42647"},"modified":"2025-10-17T08:23:07","modified_gmt":"2025-10-17T08:23:07","slug":"intreaga-familie-a-mirelui-a-plecat-la-jumatatea-nuntii-dupa-ce-a-aflat-ca-parintii-miresei","status":"publish","type":"post","link":"https:\/\/calatorinromania.com\/?p=42647","title":{"rendered":"\u00centreaga familie a mirelui a plecat la jum\u0103tatea nun\u021bii dup\u0103 ce a aflat c\u0103 p\u0103rin\u021bii miresei"},"content":{"rendered":"\n<p>\u00cen\u0103untrul cutiei, lumina soarelui s-a prins pe ni\u0219te obiecte ciudate: monede vechi, buc\u0103\u021bi de argint, un ceas de buzunar \u0219i o fotografie \u00eenr\u0103mat\u0103, alb-negru. Lumea s-a apropiat \u00een t\u0103cere.<\/p>\n\n\n\n<p><\/p>\n\n\n\n<p>\u2014 \u00cen fiecare zi, c\u00e2nd golesc pubelele, v\u0103d ce arunc\u0103 oamenii. De ani de zile, am adunat tot ce era p\u0103r\u0103sit, rupt, aruncat\u2026 \u0219i le-am dat o nou\u0103 via\u021b\u0103. A\u0219a cum am f\u0103cut \u0219i cu familia mea, a spus el cu voce cald\u0103.<\/p>\n\n\n\n<p><\/p>\n\n\n\n<p>\u2014 Fotografia asta e de la \u00eenceputurile noastre, a continuat el, ar\u0103t\u00e2nd imaginea unei tinere familii cu un bebelu\u0219 \u00een bra\u021be. Noi nu am avut nimic, doar credin\u021b\u0103 \u0219i munc\u0103.<\/p>\n\n\n\n<p><\/p>\n\n\n\n<p>Maria \u00ee\u0219i duse m\u00e2na la gur\u0103, pl\u00e2ng\u00e2nd \u00een t\u0103cere.<\/p>\n\n\n\n<p><\/p>\n\n\n\n<p>\u2014 \u00centr-o zi, am g\u0103sit \u00een gunoi un portofel. L-am dus la poli\u021bie, \u0219i proprietarul \u2014 un domn b\u0103tr\u00e2n \u2014 a venit la mine acas\u0103. \u00cen\u0103untru erau 30.000 de lei \u0219i acte importante. Nu a vrut s\u0103 cread\u0103 c\u0103 i le-am returnat. \u0218ti\u021bi ce mi-a spus? \u201eOmul care nu fur\u0103 nici c\u00e2nd poate, acela e cu adev\u0103rat bogat.\u201d<\/p>\n\n\n\n<p><\/p>\n\n\n\n<p>Privirile tuturor s-au \u00eendreptat spre el. Beatrice, de\u0219i \u00eencerca s\u0103 par\u0103 st\u0103p\u00e2n\u0103 pe sine, \u00ee\u0219i mu\u0219ca buza.<\/p>\n\n\n\n<p><\/p>\n\n\n\n<p>\u2014 Cu timpul, am str\u00e2ns destul c\u00e2t s\u0103-mi trimit fata la facultate. Iar azi, omul care o iube\u0219te o prime\u0219te ca pe o prin\u021bes\u0103. Spune\u021bi-mi, doamn\u0103, e ceva ru\u0219inos \u00een asta?<\/p>\n\n\n\n<p><\/p>\n\n\n\n<p>Lini\u0219te deplin\u0103. Doar fo\u0219netul frunzelor \u0219i c\u00e2ntecul u\u0219or al v\u00e2ntului se auzeau.<\/p>\n\n\n\n<p><\/p>\n\n\n\n<p>Dinu s-a ridicat \u00een picioare. S-a apropiat de tat\u0103l Mariei, i-a luat m\u00e2inile \u0219i i le-a s\u0103rutat.<\/p>\n\n\n\n<p><\/p>\n\n\n\n<p>\u2014 V\u0103 mul\u021bumesc, domnule Lupu. Datorit\u0103 dumneavoastr\u0103 am \u00eenv\u0103\u021bat ce \u00eenseamn\u0103 demnitatea.<\/p>\n\n\n\n<p><\/p>\n\n\n\n<p>Fiecare invitat a \u00eenceput s\u0103 aplaude, \u00eencet la \u00eenceput, apoi din ce \u00een ce mai tare. Chiar \u0219i c\u00e2\u021biva din rudele lui Dinu, care plecaser\u0103, s-au oprit \u00een poart\u0103, ru\u0219ina\u021bi.<\/p>\n\n\n\n<p><\/p>\n\n\n\n<p>Beatrice \u0219i-a cobor\u00e2t privirea. Ochii i s-au umplut de lacrimi.<\/p>\n\n\n\n<p><br>\u2014 M-am \u00een\u0219elat, a spus ea \u00een \u0219oapt\u0103. A\u021bi crescut o fiic\u0103 minunat\u0103.<\/p>\n\n\n\n<p><\/p>\n\n\n\n<p>Don Manuel a z\u00e2mbit \u0219i a \u00eenchis cutia.<\/p>\n\n\n\n<p><br>\u2014 Adev\u0103rata bog\u0103\u021bie nu se m\u0103soar\u0103 \u00een bani, doamn\u0103, ci \u00een ce r\u0103m\u00e2ne \u00een sufletul omului.<\/p>\n\n\n\n<p><\/p>\n\n\n\n<p>Apoi s-a \u00eentors spre Maria \u0219i Dinu:<\/p>\n\n\n\n<p><br>\u2014 Tr\u0103i\u021bi frumos, copii. \u0218i nu uita\u021bi niciodat\u0103 de unde a\u021bi plecat.<\/p>\n\n\n\n<p><\/p>\n\n\n\n<p>Muzica s-a auzit din nou, iar oamenii au \u00eenceput s\u0103 danseze. Beatrice, \u00een t\u0103cere, s-a a\u0219ezat l\u00e2ng\u0103 Roza \u0219i i-a str\u00e2ns m\u00e2na. Dou\u0103 mame, dou\u0103 lumi diferite, unite prin lacrimi \u0219i \u00een\u021belegere.<\/p>\n\n\n\n<p><\/p>\n\n\n\n<p>Soarele apunea peste curtea plin\u0103 de flori. Pe uli\u021b\u0103, ma\u0219ina de gunoi se \u00eendep\u0103rta \u00eencet, sc\u00e2nteind \u00een lumina serii.<\/p>\n\n\n\n<p><\/p>\n\n\n\n<p>Iar \u00een inima Mariei, un g\u00e2nd simplu \u0219i curat r\u0103suna:\u00a0<strong>\u201eCine munce\u0219te cinstit, nu are de ce s\u0103 se ru\u0219ineze.\u201d<\/strong><\/p>\n\n\n\n<p><\/p>\n\n\n\n<p><em>Aceast\u0103 lucrare este inspirat\u0103 din evenimente \u0219i persoane reale, \u00eens\u0103 a fost fic\u021bionalizat\u0103 \u00een scopuri creative. Numele, personajele \u0219i detaliile au fost schimbate pentru a proteja intimitatea \u0219i pentru a \u00eembun\u0103t\u0103\u021bi nara\u021biunea. Orice asem\u0103nare cu persoane reale, \u00een via\u021b\u0103 sau decedate, sau cu evenimente reale este pur \u00eent\u00e2mpl\u0103toare \u0219i nu este inten\u021bionat\u0103 de c\u0103tre autor.<\/em><\/p>\n\n\n\n<p><em>Autorul \u0219i editorul nu \u00ee\u0219i asum\u0103 responsabilitatea pentru exactitatea evenimentelor sau pentru modul \u00een care sunt portretizate personajele \u0219i nu sunt r\u0103spunz\u0103tori pentru eventuale interpret\u0103ri gre\u0219ite. Aceast\u0103 poveste este oferit\u0103 \u201eca atare\u201d, iar orice opinii exprimate apar\u021bin personajelor \u0219i nu reflect\u0103 punctele de vedere ale autorului sau ale editorului.<\/em><\/p>\n","protected":false},"excerpt":{"rendered":"<p>\u00cen\u0103untrul cutiei, lumina soarelui s-a prins pe ni\u0219te obiecte ciudate: monede vechi, buc\u0103\u021bi de argint, un ceas de buzunar \u0219i o fotografie \u00eenr\u0103mat\u0103, alb-negru. Lumea<\/p>\n","protected":false},"author":1,"featured_media":42648,"comment_status":"closed","ping_status":"closed","sticky":false,"template":"","format":"standard","meta":[],"categories":[1],"tags":[],"_links":{"self":[{"href":"https:\/\/calatorinromania.com\/index.php?rest_route=\/wp\/v2\/posts\/42647"}],"collection":[{"href":"https:\/\/calatorinromania.com\/index.php?rest_route=\/wp\/v2\/posts"}],"about":[{"href":"https:\/\/calatorinromania.com\/index.php?rest_route=\/wp\/v2\/types\/post"}],"author":[{"embeddable":true,"href":"https:\/\/calatorinromania.com\/index.php?rest_route=\/wp\/v2\/users\/1"}],"replies":[{"embeddable":true,"href":"https:\/\/calatorinromania.com\/index.php?rest_route=%2Fwp%2Fv2%2Fcomments&post=42647"}],"version-history":[{"count":1,"href":"https:\/\/calatorinromania.com\/index.php?rest_route=\/wp\/v2\/posts\/42647\/revisions"}],"predecessor-version":[{"id":42649,"href":"https:\/\/calatorinromania.com\/index.php?rest_route=\/wp\/v2\/posts\/42647\/revisions\/42649"}],"wp:featuredmedia":[{"embeddable":true,"href":"https:\/\/calatorinromania.com\/index.php?rest_route=\/wp\/v2\/media\/42648"}],"wp:attachment":[{"href":"https:\/\/calatorinromania.com\/index.php?rest_route=%2Fwp%2Fv2%2Fmedia&parent=42647"}],"wp:term":[{"taxonomy":"category","embeddable":true,"href":"https:\/\/calatorinromania.com\/index.php?rest_route=%2Fwp%2Fv2%2Fcategories&post=42647"},{"taxonomy":"post_tag","embeddable":true,"href":"https:\/\/calatorinromania.com\/index.php?rest_route=%2Fwp%2Fv2%2Ftags&post=42647"}],"curies":[{"name":"wp","href":"https:\/\/api.w.org\/{rel}","templated":true}]}}