{"id":42641,"date":"2025-10-17T07:32:14","date_gmt":"2025-10-17T07:32:14","guid":{"rendered":"https:\/\/calatorinromania.com\/?p=42641"},"modified":"2025-10-17T07:32:14","modified_gmt":"2025-10-17T07:32:14","slug":"m-am-maritat-cu-un-barbat-orb-pentru-ca-am-crezut-ca-nu-mi-poate-vedea-cicatricile-dar-in-noaptea-nuntii-mi-a-soptit-ceva-care-mi-a-inghetat-sangele","status":"publish","type":"post","link":"https:\/\/calatorinromania.com\/?p=42641","title":{"rendered":"M-am m\u0103ritat cu un b\u0103rbat orb pentru c\u0103 am crezut c\u0103 nu-mi poate vedea cicatricile \u2014 dar \u00een noaptea nun\u021bii mi-a \u0219optit ceva care mi-a \u00eenghe\u021bat s\u00e2ngele."},"content":{"rendered":"\n<p>C\u00e2teva luni dup\u0103 noaptea aceea, via\u021ba noastr\u0103 s-a schimbat.<\/p>\n\n\n\n<p><br>Nu brusc. Nu ca \u00een filme.<\/p>\n\n\n\n<p><br>Ci \u00eencet, cu pa\u0219i mici, ca o floare care \u00eenva\u021b\u0103 din nou s\u0103 se deschid\u0103 la soare.<\/p>\n\n\n\n<p><\/p>\n\n\n\n<p>La \u00eenceput mi-era team\u0103.<\/p>\n\n\n\n<p><br>Diminea\u021ba, c\u00e2nd m\u0103 trezeam l\u00e2ng\u0103 el, m\u0103 \u00eentrebam:<\/p>\n\n\n\n<p><br>\u201eOare azi m\u0103 va privi altfel? Oare azi va regreta c\u0103 m-a ales?\u201d<\/p>\n\n\n\n<p><br>Dar nu.<\/p>\n\n\n\n<p><br>De fiecare dat\u0103 c\u00e2nd \u00ee\u0219i \u00eentorcea fa\u021ba spre mine, vedeam aceea\u0219i lini\u0219te \u00een ochii lui.<\/p>\n\n\n\n<p><br>Aceea\u0219i tandre\u021be care m\u0103 f\u0103cea s\u0103 uit cicatricile.<\/p>\n\n\n\n<p><\/p>\n\n\n\n<p>Uneori \u00eel surprindeam privind la mine \u2014 lung, t\u0103cut \u2014 \u0219i nu \u0219tiam dac\u0103 s\u0103 m\u0103 ascund sau s\u0103 z\u00e2mbesc.<br>\u201eCe vezi?\u201d \u00eel \u00eentrebam, aproape \u0219optit.<\/p>\n\n\n\n<p><br>\u201eV\u0103d muzic\u0103,\u201d r\u0103spundea el. \u201ePe fa\u021ba ta, \u00een gesturi, \u00een felul \u00een care respiri c\u00e2nd e\u0219ti fericit\u0103. Tu e\u0219ti melodia mea preferat\u0103.\u201d<\/p>\n\n\n\n<p><\/p>\n\n\n\n<p>Am r\u00e2s atunci, dar lacrimile \u00eemi ardeau obrajii.<\/p>\n\n\n\n<p><\/p>\n\n\n\n<p>Obinna m-a \u00eenv\u0103\u021bat s\u0103 tr\u0103iesc din nou.<\/p>\n\n\n\n<p><br>M\u0103 scotea la plimbare prin parc, chiar dac\u0103 eu \u00eemi tr\u0103geam p\u0103l\u0103ria pe ochi.<\/p>\n\n\n\n<p><br>\u201eLas\u0103 lumea s\u0103 vad\u0103,\u201d zicea el. \u201eNu le datorezi nimic.\u201d<\/p>\n\n\n\n<p><br>\u201eDar se uit\u0103\u2026\u201d<\/p>\n\n\n\n<p><br>\u201eS\u0103 se uite. Poate vor \u00eenv\u0103\u021ba ce e frumuse\u021bea adev\u0103rat\u0103.\u201d<\/p>\n\n\n\n<p><\/p>\n\n\n\n<p>\u00cencetul cu \u00eencetul, am \u00eenceput s\u0103 privesc oamenii \u00eenapoi.<\/p>\n\n\n\n<p><br>Un copil mi-a z\u00e2mbit \u00eentr-o zi \u00een autobuz.<\/p>\n\n\n\n<p><br>N-am mai fugit.<\/p>\n\n\n\n<p><br>Am z\u00e2mbit \u0219i eu.<\/p>\n\n\n\n<p><\/p>\n\n\n\n<p>\u00centr-o sear\u0103, la \u0219coala unde preda muzic\u0103, Obinna m-a rugat s\u0103 vin la concertul final al elevilor.<\/p>\n\n\n\n<p><br>\u201eDoar dac\u0103 stau \u00een spate,\u201d am zis eu.<\/p>\n\n\n\n<p><br>\u201eNu. De data asta vei fi \u00een fa\u021b\u0103.\u201d<\/p>\n\n\n\n<p><\/p>\n\n\n\n<p>Am intrat tremur\u00e2nd. Sala era plin\u0103, luminat\u0103 cald.<\/p>\n\n\n\n<p><br>Pe scen\u0103, elevii lui, cu instrumentele preg\u0103tite.<\/p>\n\n\n\n<p><br>\u00cen mijloc, un microfon.<\/p>\n\n\n\n<p><br>\u201eNu \u00een\u021beleg,\u201d i-am spus. \u201eCe facem aici?\u201d<\/p>\n\n\n\n<p><br>\u201eTu c\u00e2n\u021bi,\u201d a z\u00e2mbit el.<\/p>\n\n\n\n<p><\/p>\n\n\n\n<p>\u201eE\u0219ti nebun? Eu n-am mai c\u00e2ntat de ani de zile!\u201d<\/p>\n\n\n\n<p><br>\u201eBa da,\u201d a zis. \u201eC\u00e2n\u021bi \u00een fiecare zi, doar c\u0103 nu te auzi.\u201d<\/p>\n\n\n\n<p><\/p>\n\n\n\n<p>A luat chitara, s-a a\u0219ezat l\u00e2ng\u0103 mine \u0219i a \u00eenceput s\u0103 c\u00e2nte \u00eencet.<\/p>\n\n\n\n<p><br>Un ritm simplu, familiar.<\/p>\n\n\n\n<p><br>\u201e\u00ce\u021bi aminte\u0219ti melodia asta? \u021ai-o c\u00e2ntam c\u00e2nd te temei de lume.\u201d<\/p>\n\n\n\n<p><br>Am dat din cap. Da.<\/p>\n\n\n\n<p><br>Vocea lui era cald\u0103, bl\u00e2nd\u0103, ca o promisiune.<\/p>\n\n\n\n<p><\/p>\n\n\n\n<p>Apoi mi-a \u00eentins microfonul.<\/p>\n\n\n\n<p><br>\u201eHai.\u201d<\/p>\n\n\n\n<p><br>Mi-a fost fric\u0103. Dar am \u00eenchis ochii \u0219i am \u00eenceput s\u0103 c\u00e2nt.<\/p>\n\n\n\n<p><br>La \u00eenceput tremurat, apoi mai sigur.<\/p>\n\n\n\n<p><\/p>\n\n\n\n<p>Sala s-a f\u0103cut t\u0103cut\u0103.<\/p>\n\n\n\n<p><br>Oamenii nu mai vedeau femeia cu cicatrici.<\/p>\n\n\n\n<p><br>Vedeau o femeie vie.<\/p>\n\n\n\n<p>C\u00e2nd am terminat, a fost lini\u0219te. Apoi aplauze.<\/p>\n\n\n\n<p><br>Aplauze adev\u0103rate, curate.<\/p>\n\n\n\n<p><br>Eu pl\u00e2ngeam. Obinna mi-a luat m\u00e2na \u0219i a zis:<\/p>\n\n\n\n<p><br>\u201eVezi? Te-au auzit. A\u0219a cum te-am auzit eu prima dat\u0103.\u201d<\/p>\n\n\n\n<p><\/p>\n\n\n\n<p>Dup\u0103 concert, o t\u00e2n\u0103r\u0103 a venit la mine. Avea un semn mare pe g\u00e2t, vizibil, ca o arsur\u0103.<\/p>\n\n\n\n<p><br>\u201eMul\u021bumesc,\u201d mi-a spus. \u201eCredeam c\u0103 nu pot fi niciodat\u0103 frumoas\u0103. Dar azi&#8230; m-am v\u0103zut altfel.\u201d<\/p>\n\n\n\n<p><br>Am \u00eembr\u0103\u021bi\u0219at-o f\u0103r\u0103 cuvinte.<\/p>\n\n\n\n<p><br>Pentru prima dat\u0103, cicatricile mele nu mai erau o ru\u0219ine \u2014 erau un pod. O dovad\u0103 c\u0103 am supravie\u021buit.<\/p>\n\n\n\n<p><\/p>\n\n\n\n<p>Timpul a trecut.<\/p>\n\n\n\n<p><br>Am \u00eenceput s\u0103 merg la spitalul de ar\u0219i, s\u0103 vorbesc cu femeile care \u00ee\u0219i ascundeau chipurile sub e\u0219arfe.<br>Le povesteam despre mine, despre Obinna.<\/p>\n\n\n\n<p><br>Despre cum dragostea nu e pentru cei perfec\u021bi, ci pentru cei curajo\u0219i.<\/p>\n\n\n\n<p><br>Unele pl\u00e2ngeau, altele z\u00e2mbeau. Dar \u00een fiecare dintre ele vedeam sc\u00e2nteia aceea de speran\u021b\u0103.<\/p>\n\n\n\n<p><\/p>\n\n\n\n<p>\u00centr-o zi, una dintre ele mi-a spus:<\/p>\n\n\n\n<p><br>\u201eA\u0219 vrea s\u0103-l cunosc pe so\u021bul t\u0103u. Pare un om bun.\u201d<\/p>\n\n\n\n<p><br>\u201eEste,\u201d am zis. \u201eDar mai ales, vede bine. Nu cu ochii \u2014 cu inima.\u201d<\/p>\n\n\n\n<p><\/p>\n\n\n\n<p>C\u00e2nd am ajuns acas\u0103, i-am povestit lui Obinna.<\/p>\n\n\n\n<p><br>El m-a privit lung, apoi a zis:<\/p>\n\n\n\n<p><br>\u201e\u0218tii ce mi-ar pl\u0103cea? S\u0103 deschidem un loc al nostru. O \u0219coal\u0103 mic\u0103, pentru copii care cred c\u0103 nu pot. <\/p>\n\n\n\n<p>Pentru oricine se simte &#8216;mai pu\u021bin&#8217;.\u201d<\/p>\n\n\n\n<p><br>Am z\u00e2mbit.<\/p>\n\n\n\n<p><br>\u201e\u0218i cum o s\u0103 se numeasc\u0103?\u201d<\/p>\n\n\n\n<p><br>\u201e\u0218coala Luminii,\u201d a zis el. \u201ePentru c\u0103 lumina nu vine doar de la ochi.\u201d<\/p>\n\n\n\n<p><\/p>\n\n\n\n<p>A\u0219a s-a n\u0103scut visul nostru.<\/p>\n\n\n\n<p><br>O sal\u0103 mic\u0103, cu pere\u021bi plini de instrumente, culori \u0219i fotografii cu oameni care au \u00eenv\u0103\u021bat s\u0103 se iubeasc\u0103 din nou.<\/p>\n\n\n\n<p><br>Eu predam canto \u0219i \u00eencredere. El \u2014 muzic\u0103 \u0219i t\u0103cere.<\/p>\n\n\n\n<p><\/p>\n\n\n\n<p>\u00centr-o diminea\u021b\u0103, un ziar local a venit s\u0103 scrie despre noi.<\/p>\n\n\n\n<p><br>Fotograful m-a \u00eentrebat:<\/p>\n\n\n\n<p><br>\u201ePot s\u0103 v\u0103 fac o poz\u0103?\u201d<\/p>\n\n\n\n<p><br>Pentru prima dat\u0103 \u00een via\u021ba mea, am spus: \u201eDa.\u201d<\/p>\n\n\n\n<p><br>F\u0103r\u0103 machiaj. F\u0103r\u0103 e\u0219arf\u0103.<\/p>\n\n\n\n<p><br>Doar eu, Obinna \u0219i lumina care c\u0103dea bl\u00e2nd pe fe\u021bele noastre.<\/p>\n\n\n\n<p><\/p>\n\n\n\n<p>C\u00e2nd articolul a ap\u0103rut, titlul era simplu:<\/p>\n\n\n\n<p><br><strong>\u201eFemeia care a \u00eenv\u0103\u021bat lumea s\u0103 vad\u0103 altfel.\u201d<\/strong><\/p>\n\n\n\n<p><\/p>\n\n\n\n<p>\u0218i atunci am \u00een\u021beles:<\/p>\n\n\n\n<p><br>nu m-am ascuns de lume \u2014 lumea s-a ascuns de mine.<\/p>\n\n\n\n<p><br>Dar dragostea lui Obinna m-a scos la lumin\u0103.<\/p>\n\n\n\n<p><\/p>\n\n\n\n<p>\u00centr-o sear\u0103, st\u0103team am\u00e2ndoi pe balcon.<\/p>\n\n\n\n<p><br>Soarele apunea, iar el \u021binea m\u00e2na mea \u00een palma lui.<\/p>\n\n\n\n<p><br>\u201e\u00ce\u021bi mai aminte\u0219ti ce \u021bi-am spus \u00een noaptea nun\u021bii?\u201d<\/p>\n\n\n\n<p><br>\u201eDa,\u201d am z\u00e2mbit. \u201eC\u0103 m-ai v\u0103zut.\u201d<\/p>\n\n\n\n<p><br>\u201e\u0218i \u00eenc\u0103 te v\u0103d,\u201d a spus el. \u201eDar acum v\u0103d \u0219i altceva.\u201d<\/p>\n\n\n\n<p><br>\u201eCe anume?\u201d<\/p>\n\n\n\n<p><br>\u201eCum lumina din tine a \u00eenceput s\u0103 lumineze \u0219i \u00een al\u021bii. Asta e adev\u0103rata frumuse\u021be.\u201d<\/p>\n\n\n\n<p><\/p>\n\n\n\n<p>M-am sprijinit de um\u0103rul lui \u0219i am \u00eenchis ochii.<\/p>\n\n\n\n<p><\/p>\n\n\n\n<p><br>Pentru prima dat\u0103 dup\u0103 ani de durere, am sim\u021bit lini\u0219te.<\/p>\n\n\n\n<p><br>Nu pentru c\u0103 via\u021ba devenise perfect\u0103 \u2014 ci pentru c\u0103 eu nu m\u0103 mai temeam s\u0103 fiu v\u0103zut\u0103.<\/p>\n\n\n\n<p><\/p>\n\n\n\n<p>Cicatricile mele \u00eenc\u0103 erau acolo.<\/p>\n\n\n\n<p><br>Dar ele nu mai spuneau povestea durerii.<\/p>\n\n\n\n<p><br>Ci povestea supravie\u021buirii.<\/p>\n\n\n\n<p><br>A iubirii care nu are nevoie de vedere ca s\u0103 vad\u0103.<\/p>\n\n\n\n<p><\/p>\n\n\n\n<p>\u0218i, uneori, c\u00e2nd \u00eel privesc cum c\u00e2nt\u0103, \u00eemi dau seama c\u0103 are dreptate:<\/p>\n\n\n\n<p><br>dragostea nu te orbe\u0219te.<\/p>\n\n\n\n<p><br>Te vindec\u0103.<\/p>\n\n\n\n<p><br>\u0218i \u00ee\u021bi arat\u0103 tot ce conteaz\u0103 cu adev\u0103rat.<\/p>\n","protected":false},"excerpt":{"rendered":"<p>C\u00e2teva luni dup\u0103 noaptea aceea, via\u021ba noastr\u0103 s-a schimbat. Nu brusc. Nu ca \u00een filme. Ci \u00eencet, cu pa\u0219i mici, ca o floare care \u00eenva\u021b\u0103<\/p>\n","protected":false},"author":1,"featured_media":40932,"comment_status":"closed","ping_status":"closed","sticky":false,"template":"","format":"standard","meta":[],"categories":[1],"tags":[],"_links":{"self":[{"href":"https:\/\/calatorinromania.com\/index.php?rest_route=\/wp\/v2\/posts\/42641"}],"collection":[{"href":"https:\/\/calatorinromania.com\/index.php?rest_route=\/wp\/v2\/posts"}],"about":[{"href":"https:\/\/calatorinromania.com\/index.php?rest_route=\/wp\/v2\/types\/post"}],"author":[{"embeddable":true,"href":"https:\/\/calatorinromania.com\/index.php?rest_route=\/wp\/v2\/users\/1"}],"replies":[{"embeddable":true,"href":"https:\/\/calatorinromania.com\/index.php?rest_route=%2Fwp%2Fv2%2Fcomments&post=42641"}],"version-history":[{"count":1,"href":"https:\/\/calatorinromania.com\/index.php?rest_route=\/wp\/v2\/posts\/42641\/revisions"}],"predecessor-version":[{"id":42642,"href":"https:\/\/calatorinromania.com\/index.php?rest_route=\/wp\/v2\/posts\/42641\/revisions\/42642"}],"wp:featuredmedia":[{"embeddable":true,"href":"https:\/\/calatorinromania.com\/index.php?rest_route=\/wp\/v2\/media\/40932"}],"wp:attachment":[{"href":"https:\/\/calatorinromania.com\/index.php?rest_route=%2Fwp%2Fv2%2Fmedia&parent=42641"}],"wp:term":[{"taxonomy":"category","embeddable":true,"href":"https:\/\/calatorinromania.com\/index.php?rest_route=%2Fwp%2Fv2%2Fcategories&post=42641"},{"taxonomy":"post_tag","embeddable":true,"href":"https:\/\/calatorinromania.com\/index.php?rest_route=%2Fwp%2Fv2%2Ftags&post=42641"}],"curies":[{"name":"wp","href":"https:\/\/api.w.org\/{rel}","templated":true}]}}