{"id":42630,"date":"2025-10-16T07:00:28","date_gmt":"2025-10-16T07:00:28","guid":{"rendered":"https:\/\/calatorinromania.com\/?p=42630"},"modified":"2025-10-16T07:00:28","modified_gmt":"2025-10-16T07:00:28","slug":"un-seic-a-jignit-o-chelnerita-in-araba-crezand-ca-ea-nu-intelege-nimic","status":"publish","type":"post","link":"https:\/\/calatorinromania.com\/?p=42630","title":{"rendered":"Un \u0219eic a jignit o chelneri\u021b\u0103 \u00een arab\u0103, crez\u00e2nd c\u0103 ea nu \u00een\u021belege nimic."},"content":{"rendered":"\n<p>Toat\u0103 sala a amu\u021bit. Muzican\u021bii au oprit brusc melodia, iar p\u00e2n\u0103 \u0219i osp\u0103tarii din fundul \u00eenc\u0103perii s-au oprit din mi\u0219care.<\/p>\n\n\n\n<p><\/p>\n\n\n\n<p>Chelneri\u021ba, cu o voce bl\u00e2nd\u0103, dar ferm\u0103, a spus:<\/p>\n\n\n\n<p><br>\u2014 \u201e\u00cen \u021bara mea, domnule, ne-au \u00eenv\u0103\u021bat c\u0103 adev\u0103rata noble\u021be nu st\u0103 \u00een hainele scumpe sau \u00een aurul de pe mas\u0103, ci \u00een felul \u00een care tratezi un om simplu.\u201d<\/p>\n\n\n\n<p><\/p>\n\n\n\n<p>Un murmur s-a r\u0103sp\u00e2ndit printre invita\u021bi. Privirile s-au \u00eentors spre \u0219eic, care, pentru prima dat\u0103 \u00een seara aceea, nu mai avea replic\u0103. Fa\u021ba i s-a \u00eenro\u0219it, iar z\u00e2mbetul i s-a stins.<\/p>\n\n\n\n<p><\/p>\n\n\n\n<p>Fata nu mai spusese nimic. A f\u0103cut o plec\u0103ciune discret\u0103, a ridicat tava \u0219i s-a \u00eendep\u0103rtat \u00eencet, \u00een timp ce \u00een urma ei se auzea doar clinchetul paharelor.<\/p>\n\n\n\n<p><\/p>\n\n\n\n<p>Unul dintre invita\u021bi, un b\u0103rbat \u00een v\u00e2rst\u0103 cu barb\u0103 alb\u0103, s-a ridicat \u0219i a spus cu voce grav\u0103:<\/p>\n\n\n\n<p><br>\u2014 \u201eFiule, Dumnezeu nu binecuv\u00e2nteaz\u0103 bog\u0103\u021bia celor care umilesc oamenii.\u201d<\/p>\n\n\n\n<p><\/p>\n\n\n\n<p>Cuvintele lui au c\u0103zut ca o greutate peste t\u0103cerea din sal\u0103. \u0218eicul s-a ridicat, vizibil jenat, \u0219i a p\u0103r\u0103sit masa, l\u0103s\u00e2ndu-\u0219i invita\u021bii f\u0103r\u0103 cuv\u00e2nt.<\/p>\n\n\n\n<p><\/p>\n\n\n\n<p>Chelneri\u021ba s-a retras \u00een buc\u0103t\u0103rie, tremur\u00e2nd. Nu pentru c\u0103 i-ar fi fost fric\u0103, ci pentru c\u0103 sim\u021bea cum o izbucnire de lacrimi \u00eei ardea ochii. Colegii ei au venit \u00een jurul ei, uimi\u021bi. Unul dintre ei i-a \u0219optit:<\/p>\n\n\n\n<p><br>\u2014 \u201eNu \u0219tiam c\u0103 vorbe\u0219ti arab\u0103 a\u0219a de bine\u2026\u201d<\/p>\n\n\n\n<p><\/p>\n\n\n\n<p>Ea a z\u00e2mbit amar:<\/p>\n\n\n\n<p><br>\u2014 \u201eTata a fost profesor de limbi orientale. Mi-a spus mereu c\u0103 respectul nu are limb\u0103. Se simte, nu se traduce.\u201d<\/p>\n\n\n\n<p><\/p>\n\n\n\n<p>\u00cen zilele care au urmat, povestea ei s-a r\u0103sp\u00e2ndit \u00een tot ora\u0219ul. Un client a filmat momentul, iar clipul a ajuns viral. \u00cen doar c\u00e2teva ore, mii de oameni au comentat: \u201eA\u0219a se vorbe\u0219te unui om care uit\u0103 ce \u00eenseamn\u0103 bunul-sim\u021b.\u201d<\/p>\n\n\n\n<p><\/p>\n\n\n\n<p>C\u00e2teva zile mai t\u00e2rziu, fata a primit o scrisoare la restaurant. Pe plic scria simplu: \u201ePentru cea care m-a f\u0103cut s\u0103-mi fie ru\u0219ine.\u201d \u00cen\u0103untru era o scrisoare scris\u0103 de m\u00e2n\u0103 \u0219i un cec de 200.000 de lei. Era de la \u0219eic.<\/p>\n\n\n\n<p><\/p>\n\n\n\n<p>\u201eNu pot \u0219terge cu bani ru\u0219inea pe care \u021bi-am adus-o. Dar pot \u00eencerca s\u0103 repar ceva. Ai fost cea mai demn\u0103 persoan\u0103 din \u00eenc\u0103perea aceea. \u021ai-ai p\u0103strat respectul c\u00e2nd eu mi l-am pierdut.\u201d<\/p>\n\n\n\n<p><\/p>\n\n\n\n<p>Fata a citit scrisoarea \u0219i a z\u00e2mbit. Nu pentru bani. Ci pentru c\u0103 \u00ee\u0219i d\u0103duse seama c\u0103, uneori, un singur cuv\u00e2nt spus la momentul potrivit poate schimba un om.<\/p>\n\n\n\n<p><\/p>\n\n\n\n<p>C\u00e2teva luni mai t\u00e2rziu, a plecat din restaurant \u0219i s-a \u00eentors acas\u0103. Mama ei, deja vindecat\u0103, o a\u0219tepta la poart\u0103. Fata a \u00eembr\u0103\u021bi\u0219at-o \u0219i i-a spus:<\/p>\n\n\n\n<p><br>\u2014 \u201eTat\u0103l avea dreptate. Nu conteaz\u0103 cine e bogat. Conteaz\u0103 cine r\u0103m\u00e2ne om.\u201d<\/p>\n\n\n\n<p><\/p>\n\n\n\n<p>\u0218i pentru prima dat\u0103 dup\u0103 mult timp, a sim\u021bit c\u0103 via\u021ba i-a r\u0103spl\u0103tit nu munca, ci demnitatea.<\/p>\n\n\n\n<p><\/p>\n\n\n\n<p><em>Aceast\u0103 lucrare este inspirat\u0103 din evenimente \u0219i persoane reale, \u00eens\u0103 a fost fic\u021bionalizat\u0103 \u00een scopuri creative. Numele, personajele \u0219i detaliile au fost schimbate pentru a proteja intimitatea \u0219i pentru a \u00eembun\u0103t\u0103\u021bi nara\u021biunea. Orice asem\u0103nare cu persoane reale, \u00een via\u021b\u0103 sau decedate, sau cu evenimente reale este pur \u00eent\u00e2mpl\u0103toare \u0219i nu este inten\u021bionat\u0103 de c\u0103tre autor.<\/em><\/p>\n\n\n\n<p><em>Autorul \u0219i editorul nu \u00ee\u0219i asum\u0103 responsabilitatea pentru exactitatea evenimentelor sau pentru modul \u00een care sunt portretizate personajele \u0219i nu sunt r\u0103spunz\u0103tori pentru eventuale interpret\u0103ri gre\u0219ite. Aceast\u0103 poveste este oferit\u0103 \u201eca atare\u201d, iar orice opinii exprimate apar\u021bin personajelor \u0219i nu reflect\u0103 punctele de vedere ale autorului sau ale editorului.<\/em><\/p>\n","protected":false},"excerpt":{"rendered":"<p>Toat\u0103 sala a amu\u021bit. Muzican\u021bii au oprit brusc melodia, iar p\u00e2n\u0103 \u0219i osp\u0103tarii din fundul \u00eenc\u0103perii s-au oprit din mi\u0219care. Chelneri\u021ba, cu o voce bl\u00e2nd\u0103,<\/p>\n","protected":false},"author":1,"featured_media":42631,"comment_status":"closed","ping_status":"closed","sticky":false,"template":"","format":"standard","meta":[],"categories":[1],"tags":[],"_links":{"self":[{"href":"https:\/\/calatorinromania.com\/index.php?rest_route=\/wp\/v2\/posts\/42630"}],"collection":[{"href":"https:\/\/calatorinromania.com\/index.php?rest_route=\/wp\/v2\/posts"}],"about":[{"href":"https:\/\/calatorinromania.com\/index.php?rest_route=\/wp\/v2\/types\/post"}],"author":[{"embeddable":true,"href":"https:\/\/calatorinromania.com\/index.php?rest_route=\/wp\/v2\/users\/1"}],"replies":[{"embeddable":true,"href":"https:\/\/calatorinromania.com\/index.php?rest_route=%2Fwp%2Fv2%2Fcomments&post=42630"}],"version-history":[{"count":1,"href":"https:\/\/calatorinromania.com\/index.php?rest_route=\/wp\/v2\/posts\/42630\/revisions"}],"predecessor-version":[{"id":42632,"href":"https:\/\/calatorinromania.com\/index.php?rest_route=\/wp\/v2\/posts\/42630\/revisions\/42632"}],"wp:featuredmedia":[{"embeddable":true,"href":"https:\/\/calatorinromania.com\/index.php?rest_route=\/wp\/v2\/media\/42631"}],"wp:attachment":[{"href":"https:\/\/calatorinromania.com\/index.php?rest_route=%2Fwp%2Fv2%2Fmedia&parent=42630"}],"wp:term":[{"taxonomy":"category","embeddable":true,"href":"https:\/\/calatorinromania.com\/index.php?rest_route=%2Fwp%2Fv2%2Fcategories&post=42630"},{"taxonomy":"post_tag","embeddable":true,"href":"https:\/\/calatorinromania.com\/index.php?rest_route=%2Fwp%2Fv2%2Ftags&post=42630"}],"curies":[{"name":"wp","href":"https:\/\/api.w.org\/{rel}","templated":true}]}}