{"id":42628,"date":"2025-10-16T06:54:17","date_gmt":"2025-10-16T06:54:17","guid":{"rendered":"https:\/\/calatorinromania.com\/?p=42628"},"modified":"2025-10-16T06:54:17","modified_gmt":"2025-10-16T06:54:17","slug":"un-student-lua-pe-ascuns-cate-o-chifla-in-fiecare-zi-iar-proprietarul-se-prefacea-ca-nu-observa","status":"publish","type":"post","link":"https:\/\/calatorinromania.com\/?p=42628","title":{"rendered":"Un student lua pe ascuns c\u00e2te o chifl\u0103 \u00een fiecare zi, iar proprietarul se pref\u0103cea c\u0103 nu observ\u0103"},"content":{"rendered":"\n<p>\u201eDrag\u0103 domnule Ionescu,<\/p>\n\n\n\n<p><\/p>\n\n\n\n<p>Sper c\u0103 v\u0103 mai aminti\u021bi de un b\u0103iat fl\u0103m\u00e2nd care, cu ani \u00een urm\u0103, fura c\u00e2te o chifl\u0103 din brut\u0103ria dumneavoastr\u0103. Eram eu. Pe atunci, nu aveam bani nici pentru un corn, dar aveam vise mari. Nu v-am putut mul\u021bumi atunci, a\u0219a c\u0103 o fac acum.\u201d<\/p>\n\n\n\n<p><\/p>\n\n\n\n<p>Ionescu s-a a\u0219ezat pe scaun, iar ochii i s-au umplut de lacrimi. H\u00e2rtia mirosea a mare \u0219i a dor, semn c\u0103 fusese trimis\u0103 de departe.<\/p>\n\n\n\n<p><\/p>\n\n\n\n<p>\u201eDatorit\u0103 bun\u0103t\u0103\u021bii dumneavoastr\u0103 t\u0103cute, am putut merge la \u0219coal\u0103 f\u0103r\u0103 s\u0103 le\u0219in de foame. Am terminat liceul, am muncit din greu, iar acum lucrez ca inginer \u00eentr-o companie din Italia. \u00cen fiecare diminea\u021b\u0103, c\u00e2nd \u00eemi beau cafeaua, \u00eemi amintesc de mirosul chiflelor dumneavoastr\u0103. V\u0103 trimit o mic\u0103 parte din ceea ce am reu\u0219it, ca semn de recuno\u0219tin\u021b\u0103. Nu pentru valoare, ci pentru inim\u0103.\u201d<\/p>\n\n\n\n<p><\/p>\n\n\n\n<p>Scrisoarea se termina cu o semn\u0103tur\u0103 tremurat\u0103:\u00a0<em>\u201eCu recuno\u0219tin\u021b\u0103, Andrei.\u201d<\/em><\/p>\n\n\n\n<p><\/p>\n\n\n\n<p>Domnul Ionescu a privit teancul de bani \u2014 erau 25.000 de lei, lega\u021bi cu o panglic\u0103 albastr\u0103. L\u00e2ng\u0103 ei, o fotografie: un b\u0103rbat t\u00e2n\u0103r \u00een costum, z\u00e2mbind \u00een fa\u021ba unei fabrici mari. Pe spate scria:\u00a0<em>\u201ePentru omul care m-a hr\u0103nit c\u00e2nd via\u021ba mi-era goal\u0103.\u201d<\/em><\/p>\n\n\n\n<p><\/p>\n\n\n\n<p>Brutarul a sim\u021bit cum ceva se rupe \u00een el. Nu de durere, ci de emo\u021bie. To\u021bi anii aceia, c\u00e2nd l\u0103sase chifle \u00een col\u021bul mesei, f\u0103r\u0103 s\u0103 spun\u0103 un cuv\u00e2nt, aveau acum un rost. Nu fusese \u00een zadar.<\/p>\n\n\n\n<p><\/p>\n\n\n\n<p>A doua zi diminea\u021b\u0103, a pus l\u00e2ng\u0103 cuptor un bile\u021bel mic, scris cu creionul: \u201eUneori, o chifl\u0103 cald\u0103 poate schimba o via\u021b\u0103.\u201d Apoi a a\u0219ezat pe tejghea tava, exact ca \u00een fiecare diminea\u021b\u0103.<\/p>\n\n\n\n<p><\/p>\n\n\n\n<p>C\u00e2nd oamenii au \u00eenceput s\u0103 vin\u0103, nu le-a spus nimic despre colet. Doar a z\u00e2mbit mai des. De atunci, \u00een fiecare iarn\u0103, Ionescu preg\u0103tea o tav\u0103 \u00een plus. O l\u0103sa \u00een acela\u0219i col\u021b, \u201epentru cine are nevoie\u201d.<\/p>\n\n\n\n<p><\/p>\n\n\n\n<p>Povestea s-a dus din gur\u0103 \u00een gur\u0103, iar brut\u0103ria lui a devenit cunoscut\u0103 nu doar pentru mirosul chiflelor, ci pentru c\u0103ldura inimii omului care le cocea.<\/p>\n\n\n\n<p><\/p>\n\n\n\n<p>Mul\u021bi ani mai t\u00e2rziu, c\u00e2nd Ionescu s-a stins, \u00een fa\u021ba brut\u0103riei s-a pus o pl\u0103cu\u021b\u0103 mic\u0103 de cupru:<\/p>\n\n\n\n<p><br><strong>\u201eAici a \u00eenv\u0103\u021bat un b\u0103iat c\u0103 bun\u0103tatea nu se spune \u2014 se simte.\u201d<\/strong><\/p>\n\n\n\n<p><\/p>\n\n\n\n<p>\u0218i, uneori, \u00eentr-o diminea\u021b\u0103 friguroas\u0103, cineva las\u0103 pe tejghea o floare \u0219i o scrisoare.<\/p>\n\n\n\n<p><br>Semnat\u0103 simplu: \u201eUn alt Andrei.\u201d<\/p>\n\n\n\n<p><\/p>\n\n\n\n<p><em>Aceast\u0103 lucrare este inspirat\u0103 din evenimente \u0219i persoane reale, \u00eens\u0103 a fost fic\u021bionalizat\u0103 \u00een scopuri creative. Numele, personajele \u0219i detaliile au fost schimbate pentru a proteja intimitatea \u0219i pentru a \u00eembun\u0103t\u0103\u021bi nara\u021biunea. Orice asem\u0103nare cu persoane reale, \u00een via\u021b\u0103 sau decedate, sau cu evenimente reale este pur \u00eent\u00e2mpl\u0103toare \u0219i nu este inten\u021bionat\u0103 de c\u0103tre autor.<\/em><\/p>\n\n\n\n<p><em>Autorul \u0219i editorul nu \u00ee\u0219i asum\u0103 responsabilitatea pentru exactitatea evenimentelor sau pentru modul \u00een care sunt portretizate personajele \u0219i nu sunt r\u0103spunz\u0103tori pentru eventuale interpret\u0103ri gre\u0219ite. Aceast\u0103 poveste este oferit\u0103 \u201eca atare\u201d, iar orice opinii exprimate apar\u021bin personajelor \u0219i nu reflect\u0103 punctele de vedere ale autorului sau ale editorului.<\/em><\/p>\n","protected":false},"excerpt":{"rendered":"<p>\u201eDrag\u0103 domnule Ionescu, Sper c\u0103 v\u0103 mai aminti\u021bi de un b\u0103iat fl\u0103m\u00e2nd care, cu ani \u00een urm\u0103, fura c\u00e2te o chifl\u0103 din brut\u0103ria dumneavoastr\u0103. Eram<\/p>\n","protected":false},"author":1,"featured_media":40932,"comment_status":"closed","ping_status":"closed","sticky":false,"template":"","format":"standard","meta":[],"categories":[1],"tags":[],"_links":{"self":[{"href":"https:\/\/calatorinromania.com\/index.php?rest_route=\/wp\/v2\/posts\/42628"}],"collection":[{"href":"https:\/\/calatorinromania.com\/index.php?rest_route=\/wp\/v2\/posts"}],"about":[{"href":"https:\/\/calatorinromania.com\/index.php?rest_route=\/wp\/v2\/types\/post"}],"author":[{"embeddable":true,"href":"https:\/\/calatorinromania.com\/index.php?rest_route=\/wp\/v2\/users\/1"}],"replies":[{"embeddable":true,"href":"https:\/\/calatorinromania.com\/index.php?rest_route=%2Fwp%2Fv2%2Fcomments&post=42628"}],"version-history":[{"count":1,"href":"https:\/\/calatorinromania.com\/index.php?rest_route=\/wp\/v2\/posts\/42628\/revisions"}],"predecessor-version":[{"id":42629,"href":"https:\/\/calatorinromania.com\/index.php?rest_route=\/wp\/v2\/posts\/42628\/revisions\/42629"}],"wp:featuredmedia":[{"embeddable":true,"href":"https:\/\/calatorinromania.com\/index.php?rest_route=\/wp\/v2\/media\/40932"}],"wp:attachment":[{"href":"https:\/\/calatorinromania.com\/index.php?rest_route=%2Fwp%2Fv2%2Fmedia&parent=42628"}],"wp:term":[{"taxonomy":"category","embeddable":true,"href":"https:\/\/calatorinromania.com\/index.php?rest_route=%2Fwp%2Fv2%2Fcategories&post=42628"},{"taxonomy":"post_tag","embeddable":true,"href":"https:\/\/calatorinromania.com\/index.php?rest_route=%2Fwp%2Fv2%2Ftags&post=42628"}],"curies":[{"name":"wp","href":"https:\/\/api.w.org\/{rel}","templated":true}]}}