{"id":42623,"date":"2025-10-16T06:33:04","date_gmt":"2025-10-16T06:33:04","guid":{"rendered":"https:\/\/calatorinromania.com\/?p=42623"},"modified":"2025-10-16T06:33:04","modified_gmt":"2025-10-16T06:33:04","slug":"un-milionar-a-mers-la-un-azil-ca-sa-faca-o-donatie","status":"publish","type":"post","link":"https:\/\/calatorinromania.com\/?p=42623","title":{"rendered":"Un milionar a mers la un azil ca s\u0103 fac\u0103 o dona\u021bie"},"content":{"rendered":"\n<p>Inima i-a tres\u0103rit. Nu putea fi\u2026 \u0219i totu\u0219i, sem\u0103na at\u00e2t de mult. A f\u0103cut c\u00e2\u021biva pa\u0219i ezitan\u021bi, f\u0103r\u0103 s\u0103-\u0219i dea seama c\u0103 respira tot mai repede. Femeia \u0219i-a ridicat privirea, iar ochii ei c\u0103prui, ad\u00e2nci \u0219i bl\u00e2nzi, l-au privit fix. Timpul s-a oprit.<\/p>\n\n\n\n<p><\/p>\n\n\n\n<p>\u2014 Mam\u0103? a \u0219optit el, cu o voce aproape stins\u0103.<\/p>\n\n\n\n<p><\/p>\n\n\n\n<p>Femeia a clipit de c\u00e2teva ori, ca \u0219i cum \u00eencerca s\u0103 alunge o imagine. Apoi, \u00eencet, a dus m\u00e2na tremur\u00e2nd\u0103 spre fa\u021ba lui. Lacrimile i-au curs pe obraji.<\/p>\n\n\n\n<p><br>\u2014 Iulian\u2026 b\u0103iatul meu\u2026<\/p>\n\n\n\n<p><\/p>\n\n\n\n<p>Totul \u00een jur a disp\u0103rut. Nu mai exista azilul, nici ploaia, nici mirosul de medicamente. Doar ei doi, dup\u0103 treizeci de ani de absen\u021b\u0103, \u021bin\u00e2ndu-se de m\u00e2ini, ca \u0219i cum timpul nu ar fi trecut.<\/p>\n\n\n\n<p><\/p>\n\n\n\n<p>Iulian s-a a\u0219ezat l\u00e2ng\u0103 ea, f\u0103r\u0103 s\u0103 spun\u0103 nimic. O privea cu team\u0103, dar \u0219i cu bucurie, ca un copil care se teme c\u0103 visul se va termina prea repede.<\/p>\n\n\n\n<p><br>\u2014 Cum\u2026 cum ai ajuns aici? De ce ai disp\u0103rut?<\/p>\n\n\n\n<p><\/p>\n\n\n\n<p>Femeia a oftat ad\u00e2nc.<\/p>\n\n\n\n<p><br>\u2014 A fost o vreme grea, Iulian. Tat\u0103l t\u0103u avea datorii mari, oameni periculo\u0219i \u00eel c\u0103utau. \u00centr-o noapte, m-au for\u021bat s\u0103 plec, ca s\u0103 nu te ia pe tine drept garan\u021bie. Mi-au spus c\u0103, dac\u0103 dispar, te vor l\u0103sa \u00een pace. \u0218i am plecat. Am vrut s\u0103 m\u0103 \u00eentorc, dar n-am mai avut cum. Am fost bolnav\u0103, apoi\u2026 nimeni nu m-a mai c\u0103utat.<\/p>\n\n\n\n<p><\/p>\n\n\n\n<p>Iulian sim\u021bea cum \u00eei fierbe s\u00e2ngele \u00een vene. O via\u021b\u0103 \u00eentreag\u0103 tr\u0103ise cu imaginea unei mame disp\u0103rute f\u0103r\u0103 urm\u0103, crez\u00e2nd c\u0103 fusese r\u0103pit\u0103 sau poate chiar moart\u0103. Acum \u00een\u021belegea: se sacrificase pentru el.<\/p>\n\n\n\n<p><\/p>\n\n\n\n<p>A scos telefonul din buzunar \u0219i a chemat o ambulan\u021b\u0103 privat\u0103.<\/p>\n\n\n\n<p><br>\u2014 Nu mai r\u0103m\u00e2i nici o zi aici, mam\u0103. Te duc acas\u0103.<\/p>\n\n\n\n<p><\/p>\n\n\n\n<p>C\u00e2nd au ie\u0219it din azil, ploaia se oprise. Cerul era senin, iar aerul mirosea a re\u00eenceput. Mama lui a privit norii care se risipeau \u0219i a z\u00e2mbit.<\/p>\n\n\n\n<p><br>\u2014 Nu \u0219tiu dac\u0103 merit tot ce faci pentru mine, a spus ea.<\/p>\n\n\n\n<p><br>\u2014 Nu trebuie s\u0103 meri\u021bi nimic, i-a r\u0103spuns el. E r\u00e2ndul meu s\u0103 am grij\u0103 de tine.<\/p>\n\n\n\n<p><\/p>\n\n\n\n<p>Zilele care au urmat au fost o binecuv\u00e2ntare. Iulian i-a aranjat un apartament mic, luminos, cu vedere spre parc. \u00cen fiecare diminea\u021b\u0103 mergea la ea cu flori proaspete \u0219i cu z\u00e2mbetul pe buze. Pentru prima dat\u0103 dup\u0103 mul\u021bi ani, se sim\u021bea complet.<\/p>\n\n\n\n<p><\/p>\n\n\n\n<p>\u00centr-o sear\u0103, mama lui i-a spus:<\/p>\n\n\n\n<p><br>\u2014 Fiule, ai devenit un om bun. Eu m-am pierdut \u00een lume, dar tu m-ai g\u0103sit cu inima.<\/p>\n\n\n\n<p><\/p>\n\n\n\n<p>Iulian a str\u00e2ns-o de m\u00e2n\u0103 \u0219i a \u00een\u021beles c\u0103 nici o avere din lume nu putea cump\u0103ra acel moment. C\u0103 adev\u0103rata bog\u0103\u021bie nu st\u0103 \u00een conturi, ci \u00een dragostea care r\u0103m\u00e2ne, chiar \u0219i atunci c\u00e2nd via\u021ba o ascunde printre ani.<\/p>\n\n\n\n<p><\/p>\n\n\n\n<p>De atunci, c\u00e2nd plou\u0103, Iulian iese mereu afar\u0103 f\u0103r\u0103 umbrel\u0103. \u00ce\u0219i ridic\u0103 fa\u021ba spre cer \u0219i z\u00e2mbe\u0219te. Pentru el, fiecare strop e o amintire \u2014 \u0219i o dovad\u0103 c\u0103, oric\u00e2t de pierdut ai fi, dragostea adev\u0103rat\u0103 g\u0103se\u0219te \u00eentotdeauna drumul \u00eenapoi.<\/p>\n\n\n\n<p><\/p>\n\n\n\n<p><em>Aceast\u0103 lucrare este inspirat\u0103 din evenimente \u0219i persoane reale, \u00eens\u0103 a fost fic\u021bionalizat\u0103 \u00een scopuri creative. Numele, personajele \u0219i detaliile au fost schimbate pentru a proteja intimitatea \u0219i pentru a \u00eembun\u0103t\u0103\u021bi nara\u021biunea. Orice asem\u0103nare cu persoane reale, \u00een via\u021b\u0103 sau decedate, sau cu evenimente reale este pur \u00eent\u00e2mpl\u0103toare \u0219i nu este inten\u021bionat\u0103 de c\u0103tre autor.<\/em><\/p>\n\n\n\n<p><em>Autorul \u0219i editorul nu \u00ee\u0219i asum\u0103 responsabilitatea pentru exactitatea evenimentelor sau pentru modul \u00een care sunt portretizate personajele \u0219i nu sunt r\u0103spunz\u0103tori pentru eventuale interpret\u0103ri gre\u0219ite. Aceast\u0103 poveste este oferit\u0103 \u201eca atare\u201d, iar orice opinii exprimate apar\u021bin personajelor \u0219i nu reflect\u0103 punctele de vedere ale autorului sau ale editorului.<\/em><\/p>\n","protected":false},"excerpt":{"rendered":"<p>Inima i-a tres\u0103rit. Nu putea fi\u2026 \u0219i totu\u0219i, sem\u0103na at\u00e2t de mult. A f\u0103cut c\u00e2\u021biva pa\u0219i ezitan\u021bi, f\u0103r\u0103 s\u0103-\u0219i dea seama c\u0103 respira tot mai<\/p>\n","protected":false},"author":1,"featured_media":42624,"comment_status":"closed","ping_status":"closed","sticky":false,"template":"","format":"standard","meta":[],"categories":[1],"tags":[],"_links":{"self":[{"href":"https:\/\/calatorinromania.com\/index.php?rest_route=\/wp\/v2\/posts\/42623"}],"collection":[{"href":"https:\/\/calatorinromania.com\/index.php?rest_route=\/wp\/v2\/posts"}],"about":[{"href":"https:\/\/calatorinromania.com\/index.php?rest_route=\/wp\/v2\/types\/post"}],"author":[{"embeddable":true,"href":"https:\/\/calatorinromania.com\/index.php?rest_route=\/wp\/v2\/users\/1"}],"replies":[{"embeddable":true,"href":"https:\/\/calatorinromania.com\/index.php?rest_route=%2Fwp%2Fv2%2Fcomments&post=42623"}],"version-history":[{"count":1,"href":"https:\/\/calatorinromania.com\/index.php?rest_route=\/wp\/v2\/posts\/42623\/revisions"}],"predecessor-version":[{"id":42625,"href":"https:\/\/calatorinromania.com\/index.php?rest_route=\/wp\/v2\/posts\/42623\/revisions\/42625"}],"wp:featuredmedia":[{"embeddable":true,"href":"https:\/\/calatorinromania.com\/index.php?rest_route=\/wp\/v2\/media\/42624"}],"wp:attachment":[{"href":"https:\/\/calatorinromania.com\/index.php?rest_route=%2Fwp%2Fv2%2Fmedia&parent=42623"}],"wp:term":[{"taxonomy":"category","embeddable":true,"href":"https:\/\/calatorinromania.com\/index.php?rest_route=%2Fwp%2Fv2%2Fcategories&post=42623"},{"taxonomy":"post_tag","embeddable":true,"href":"https:\/\/calatorinromania.com\/index.php?rest_route=%2Fwp%2Fv2%2Ftags&post=42623"}],"curies":[{"name":"wp","href":"https:\/\/api.w.org\/{rel}","templated":true}]}}