{"id":42618,"date":"2025-10-15T10:33:28","date_gmt":"2025-10-15T10:33:28","guid":{"rendered":"https:\/\/calatorinromania.com\/?p=42618"},"modified":"2025-10-15T10:33:29","modified_gmt":"2025-10-15T10:33:29","slug":"sotul-meu-avea-cancer-in-stadiu-terminal-asa-ca-am-acceptat-sa-fiu-mama-surogat-pentru-un-miliardar","status":"publish","type":"post","link":"https:\/\/calatorinromania.com\/?p=42618","title":{"rendered":"So\u021bul meu avea cancer \u00een stadiu terminal, a\u0219a c\u0103 am acceptat s\u0103 fiu mam\u0103 surogat pentru un miliardar"},"content":{"rendered":"\n<p>Ne-am \u00eent\u00e2lnit a doua zi, \u00eentr-o cafenea discret\u0103 din centrul ora\u0219ului. Larisa purta ochelari de soare \u0219i vorbea \u00eencet, ca \u0219i cum fiecare cuv\u00e2nt ar fi avut greutate.<\/p>\n\n\n\n<p><\/p>\n\n\n\n<p>\u201eAndreea, trebuie s\u0103 te preg\u0103te\u0219ti pentru o veste\u2026 neobi\u0219nuit\u0103.\u201d<\/p>\n\n\n\n<p><br>Mi-a luat c\u00e2teva secunde p\u00e2n\u0103 am putut r\u0103spunde:<\/p>\n\n\n\n<p><br>\u201eCe s-a \u00eent\u00e2mplat?\u201d<\/p>\n\n\n\n<p><\/p>\n\n\n\n<p>A privit \u00een jur, apoi s-a aplecat spre mine.<\/p>\n\n\n\n<p><br>\u201eCuplul pentru care por\u021bi copilul\u2026 nu mai exist\u0103. So\u021bul a murit \u00eentr-un accident de ma\u0219in\u0103. Iar so\u021bia a fost internat\u0103 la psihiatrie. Familia vrea s\u0103 opreasc\u0103 totul. Dar exist\u0103 o problem\u0103: e\u0219ti deja \u00een luna a patra.\u201d<\/p>\n\n\n\n<p><\/p>\n\n\n\n<p>Am r\u0103mas f\u0103r\u0103 aer. \u201eCe \u00eenseamn\u0103 asta pentru mine?\u201d<\/p>\n\n\n\n<p><\/p>\n\n\n\n<p>\u201eTeoretic, copilul e al lor. Legal. Dar\u2026 dac\u0103 accept\u0103 familia b\u0103rbatului, copilul va fi luat imediat dup\u0103 na\u0219tere.\u201d<\/p>\n\n\n\n<p><br>\u201e\u0218i dac\u0103 nu accept?\u201d<\/p>\n\n\n\n<p><br>\u201eAtunci\u2026 copilul intr\u0103 \u00een custodia statului.\u201d<\/p>\n\n\n\n<p><\/p>\n\n\n\n<p>Am sim\u021bit cum m\u0103 pr\u0103bu\u0219esc. Un copil care cre\u0219tea \u00een mine \u0219i totu\u0219i nu era \u201eal meu\u201d. Un om pe care nu-l v\u0103zusem niciodat\u0103, dar al c\u0103rui destin era acum legat de al meu.<\/p>\n\n\n\n<p><\/p>\n\n\n\n<p>Am plecat de la \u00eent\u00e2lnire tremur\u00e2nd. \u00cen autobuz, m-am sprijinit cu m\u00e2na pe burt\u0103. De\u0219i abia se vedea, sim\u021beam deja mi\u0219c\u0103ri u\u0219oare. Era via\u021b\u0103 acolo. O via\u021b\u0103 care n-avea nicio vin\u0103.<\/p>\n\n\n\n<p><\/p>\n\n\n\n<p>\u00cen seara aceea, Daniel mi-a spus c\u0103 se simte mai bine. Z\u00e2mbea. \u201eCred c\u0103 tratamentul \u00eencepe s\u0103 mearg\u0103.\u201d<br>L-am privit \u0219i mi-am \u00eenghi\u021bit lacrimile.<\/p>\n\n\n\n<p><br>Nu \u0219tia. Nu \u0219tia c\u0103 femeia de l\u00e2ng\u0103 el purta \u00een p\u00e2ntece copilul altora, pentru a-i cump\u0103ra lui c\u00e2teva luni de via\u021b\u0103.<\/p>\n\n\n\n<p><\/p>\n\n\n\n<p>Timpul a trecut. \u00cen lunile urm\u0103toare, am fost chemat\u0103 de mai multe ori la clinic\u0103. M\u0103 urm\u0103reau atent, m\u0103 hr\u0103neau, m\u0103 tratau ca pe un obiect pre\u021bios. Dar \u00een sufletul meu cre\u0219tea o durere ciudat\u0103 \u2014 una pe care nu o mai sim\u021bisem niciodat\u0103.<\/p>\n\n\n\n<p><\/p>\n\n\n\n<p>\u00cen luna a \u0219aptea, am primit un telefon. De data asta, nu era Larisa, ci un b\u0103rbat.<br>\u201eBun\u0103 ziua, doamna Munteanu. Sunt&nbsp;<strong>Andrei Pavel<\/strong>, avocatul familiei Popescu. Trebuie s\u0103 discut\u0103m despre copil.\u201d<br>Am acceptat o \u00eent\u00e2lnire.<\/p>\n\n\n\n<p>C\u00e2nd ne-am v\u0103zut, b\u0103rbatul era elegant, rece, dar nu lipsit de empatie.<br>\u201eFamilia regret\u0103 situa\u021bia. Doamna Popescu e \u00eenc\u0103 \u00een tratament, iar rudele so\u021bului nu doresc s\u0103 creasc\u0103 copilul. Dac\u0103 dori\u021bi, exist\u0103 o posibilitate legal\u0103 de adop\u021bie \u2014 s\u0103 p\u0103stra\u021bi copilul.\u201d<\/p>\n\n\n\n<p>Am sim\u021bit c\u0103 inima \u00eemi explodeaz\u0103.<br>\u201eAdic\u0103\u2026 a\u0219 putea s\u0103-l p\u0103strez?\u201d<\/p>\n\n\n\n<p>El a dat din cap. \u201eDa, dar ar trebui s\u0103 renun\u021ba\u021bi la orice plat\u0103 viitoare. Contractul va fi anulat. Nu ve\u021bi mai primi niciun ban.\u201d<\/p>\n\n\n\n<p>Am privit spre geam. Pe strad\u0103, o mam\u0103 \u00ee\u0219i \u021binea copilul de m\u00e2n\u0103.<br>\u00cen minte mi-a r\u0103sunat vocea Sofiei:&nbsp;<em>\u201eMami, o s\u0103 am un fr\u0103\u021bior vreodat\u0103?\u201d<\/em><\/p>\n\n\n\n<p>Am z\u00e2mbit amar.<br>\u201eDa,\u201d am spus \u00een cele din urm\u0103. \u201e\u00cel voi p\u0103stra.\u201d<\/p>\n\n\n\n<p>Am renun\u021bat la bani, dar am c\u00e2\u0219tigat ceva mai mare: un sens.<br>Daniel nu a mai tr\u0103it mult. A murit la dou\u0103 luni dup\u0103 na\u0219tere, \u021bin\u00e2ndu-mi m\u00e2na \u0219i z\u00e2mbind spre b\u0103ie\u021belul care dormea \u00een bra\u021bele mele.<\/p>\n\n\n\n<p>Ast\u0103zi, copilul acela are aproape un an. \u00cel cheam\u0103&nbsp;<strong>Mihai<\/strong>. Nu-i spun povestea \u00eenc\u0103, dar \u00eentr-o zi o va afla.<\/p>\n\n\n\n<p>Pentru c\u0103 via\u021ba lui a fost cump\u0103rat\u0103 cu iubire, sacrificiu \u0219i o promisiune: c\u0103 uneori, cele mai grele alegeri nasc cele mai frumoase miracole.<\/p>\n\n\n\n<p><em>Aceast\u0103 lucrare este inspirat\u0103 din evenimente \u0219i persoane reale, \u00eens\u0103 a fost fic\u021bionalizat\u0103 \u00een scopuri creative. Numele, personajele \u0219i detaliile au fost schimbate pentru a proteja intimitatea \u0219i pentru a \u00eembun\u0103t\u0103\u021bi nara\u021biunea. Orice asem\u0103nare cu persoane reale, \u00een via\u021b\u0103 sau decedate, sau cu evenimente reale este pur \u00eent\u00e2mpl\u0103toare \u0219i nu este inten\u021bionat\u0103 de c\u0103tre autor.<\/em><\/p>\n\n\n\n<p><em>Autorul \u0219i editorul nu \u00ee\u0219i asum\u0103 responsabilitatea pentru exactitatea evenimentelor sau pentru modul \u00een care sunt portretizate personajele \u0219i nu sunt r\u0103spunz\u0103tori pentru eventuale interpret\u0103ri gre\u0219ite. Aceast\u0103 poveste este oferit\u0103 \u201eca atare\u201d, iar orice opinii exprimate apar\u021bin personajelor \u0219i nu reflect\u0103 punctele de vedere ale autorului sau ale editorului.<\/em><\/p>\n","protected":false},"excerpt":{"rendered":"<p>Ne-am \u00eent\u00e2lnit a doua zi, \u00eentr-o cafenea discret\u0103 din centrul ora\u0219ului. Larisa purta ochelari de soare \u0219i vorbea \u00eencet, ca \u0219i cum fiecare cuv\u00e2nt ar<\/p>\n","protected":false},"author":1,"featured_media":40654,"comment_status":"closed","ping_status":"closed","sticky":false,"template":"","format":"standard","meta":[],"categories":[1],"tags":[],"_links":{"self":[{"href":"https:\/\/calatorinromania.com\/index.php?rest_route=\/wp\/v2\/posts\/42618"}],"collection":[{"href":"https:\/\/calatorinromania.com\/index.php?rest_route=\/wp\/v2\/posts"}],"about":[{"href":"https:\/\/calatorinromania.com\/index.php?rest_route=\/wp\/v2\/types\/post"}],"author":[{"embeddable":true,"href":"https:\/\/calatorinromania.com\/index.php?rest_route=\/wp\/v2\/users\/1"}],"replies":[{"embeddable":true,"href":"https:\/\/calatorinromania.com\/index.php?rest_route=%2Fwp%2Fv2%2Fcomments&post=42618"}],"version-history":[{"count":1,"href":"https:\/\/calatorinromania.com\/index.php?rest_route=\/wp\/v2\/posts\/42618\/revisions"}],"predecessor-version":[{"id":42619,"href":"https:\/\/calatorinromania.com\/index.php?rest_route=\/wp\/v2\/posts\/42618\/revisions\/42619"}],"wp:featuredmedia":[{"embeddable":true,"href":"https:\/\/calatorinromania.com\/index.php?rest_route=\/wp\/v2\/media\/40654"}],"wp:attachment":[{"href":"https:\/\/calatorinromania.com\/index.php?rest_route=%2Fwp%2Fv2%2Fmedia&parent=42618"}],"wp:term":[{"taxonomy":"category","embeddable":true,"href":"https:\/\/calatorinromania.com\/index.php?rest_route=%2Fwp%2Fv2%2Fcategories&post=42618"},{"taxonomy":"post_tag","embeddable":true,"href":"https:\/\/calatorinromania.com\/index.php?rest_route=%2Fwp%2Fv2%2Ftags&post=42618"}],"curies":[{"name":"wp","href":"https:\/\/api.w.org\/{rel}","templated":true}]}}