{"id":42616,"date":"2025-10-15T10:29:27","date_gmt":"2025-10-15T10:29:27","guid":{"rendered":"https:\/\/calatorinromania.com\/?p=42616"},"modified":"2025-10-15T10:29:28","modified_gmt":"2025-10-15T10:29:28","slug":"sotul-meu-a-pus-capat-casniciei-noastre-printr-un-simplu-mesaj-2","status":"publish","type":"post","link":"https:\/\/calatorinromania.com\/?p=42616","title":{"rendered":"\u201dSo\u021bul meu a pus cap\u0103t c\u0103sniciei noastre printr-un simplu mesaj\u201d"},"content":{"rendered":"\n<p>Am \u00eenchis telefonul \u0219i am privit pe geam. Afar\u0103, pe strada pietruit\u0103, o b\u0103tr\u00e2nic\u0103 \u00ee\u0219i t\u00e2ra saco\u0219a plin\u0103 cu mere, iar un copil r\u00e2dea \u00een timp ce-\u0219i alerga c\u0103\u021belul. \u00centr-o clip\u0103, mi-am amintit de vorbele bunicii:\u00a0<em>\u201eS\u0103 nu pl\u00e2ngi dup\u0103 omul care pleac\u0103 singur. Dac\u0103 te-ar fi iubit cu adev\u0103rat, ar fi stat.\u201d<\/em><\/p>\n\n\n\n<p><\/p>\n\n\n\n<p>Casa \u00een care locuiam nu era doar ziduri \u0219i acoperi\u0219. Era plin\u0103 de amintiri \u2013 icoana din col\u021bul camerei, broderiile cusute de mama, mirosul de cozonaci care r\u0103m\u00e2nea ag\u0103\u021bat de tavan la fiecare Cr\u0103ciun. Nu era locul unde urma s\u0103 fiu \u201etolerat\u0103\u201d p\u00e2n\u0103 g\u0103seam ceva mai mic, era r\u0103d\u0103cina mea.<\/p>\n\n\n\n<p><\/p>\n\n\n\n<p>Am l\u0103sat telefonul s\u0103 vibreze pe tejghea \u0219i m-am a\u0219ezat la masa din lemn masiv, aceea\u0219i la care tata punea plosca de vin dup\u0103 ce se \u00eentorcea de pe c\u00e2mp. M-am g\u00e2ndit c\u00e2t de fragil\u0103 e fericirea atunci c\u00e2nd o sprijini pe cineva care nu te respect\u0103. \u0218i c\u00e2t de puternic\u0103 devine atunci c\u00e2nd \u00ee\u021bi aminte\u0219ti cine e\u0219ti \u0219i de unde vii.<\/p>\n\n\n\n<p><\/p>\n\n\n\n<p>Mark era, acum, doar o umbr\u0103. Un b\u0103rbat care a confundat libertatea cu egoismul, iubirea cu posesia \u0219i via\u021ba de familie cu o joac\u0103. El pleca spre Miami, cu vise de\u0219arte \u0219i o \u201eiubire\u201d de dou\u0103zeci de ani. Eu r\u0103m\u00e2neam aici, cu lini\u0219tea mea, cu oamenii care m\u0103 pre\u021buiau \u0219i cu planuri mai mari dec\u00e2t \u0219i-ar fi putut imagina vreodat\u0103.<\/p>\n\n\n\n<p><\/p>\n\n\n\n<p>Am luat agenda din sertar \u0219i am \u00eenceput s\u0103 notez: noi colec\u021bii pentru magazin, extinderea online, o colaborare cu artizanii din satul bunicii. \u00cemi doream s\u0103 transform tot ce tr\u0103isem \u00eentr-o lec\u021bie, nu \u00eentr-o povar\u0103.<\/p>\n\n\n\n<p><\/p>\n\n\n\n<p>Vecinele aveau s\u0103 \u0219tie, desigur. \u00cen Rom\u00e2nia, ve\u0219tile circul\u0103 repede, mai ales c\u00e2nd e vorba de o femeie p\u0103r\u0103sit\u0103. Dar eu nu mai eram p\u0103r\u0103sit\u0103. Eram eliberat\u0103. \u0218i aveam de g\u00e2nd s\u0103 ridic fruntea sus, s\u0103 merg la biseric\u0103 duminic\u0103 diminea\u021ba, s\u0103 aprind o lum\u00e2nare pentru bunica \u0219i s\u0103 z\u00e2mbesc cu toat\u0103 inima.<\/p>\n\n\n\n<p><\/p>\n\n\n\n<p>C\u00e2nd Mark avea s\u0103 se \u00eentoarc\u0103, \u00eenfr\u00e2nt \u0219i falit, c\u0103ut\u00e2nd un acoperi\u0219 \u0219i o farfurie cald\u0103, u\u0219a aceasta nu i se va mai deschide. Pentru c\u0103 \u00een pragul casei bunicii mele nu e loc pentru tr\u0103dare, ci doar pentru cei care \u00een\u021beleg ce \u00eenseamn\u0103 respectul \u0219i iubirea adev\u0103rat\u0103.<\/p>\n\n\n\n<p><\/p>\n\n\n\n<p>\u00cen acea sear\u0103, am adormit cu o lini\u0219te pe care nu o mai sim\u021bisem de ani \u00eentregi. \u0218i, pentru prima dat\u0103 dup\u0103 mult timp, am \u0219tiut c\u0103 viitorul \u00eemi apar\u021bine mie \u0219i numai mie.<\/p>\n\n\n\n<p><\/p>\n\n\n\n<p>Pentru c\u0103 uneori, cel mai mare c\u00e2\u0219tig vine exact atunci c\u00e2nd crezi c\u0103 ai pierdut totul.<\/p>\n\n\n\n<p><\/p>\n\n\n\n<p><em>Aceast\u0103 lucrare este inspirat\u0103 din evenimente \u0219i persoane reale, \u00eens\u0103 a fost fic\u021bionalizat\u0103 \u00een scopuri creative. Numele, personajele \u0219i detaliile au fost schimbate pentru a proteja intimitatea \u0219i pentru a \u00eembun\u0103t\u0103\u021bi nara\u021biunea. Orice asem\u0103nare cu persoane reale, \u00een via\u021b\u0103 sau decedate, sau cu evenimente reale este pur \u00eent\u00e2mpl\u0103toare \u0219i nu este inten\u021bionat\u0103 de c\u0103tre autor.<\/em><\/p>\n\n\n\n<p><em>Autorul \u0219i editorul nu \u00ee\u0219i asum\u0103 responsabilitatea pentru exactitatea evenimentelor sau pentru modul \u00een care sunt portretizate personajele \u0219i nu sunt r\u0103spunz\u0103tori pentru eventuale interpret\u0103ri gre\u0219ite. Aceast\u0103 poveste este oferit\u0103 \u201eca atare\u201d, iar orice opinii exprimate apar\u021bin personajelor \u0219i nu reflect\u0103 punctele de vedere ale autorului sau ale editorului.<\/em><\/p>\n","protected":false},"excerpt":{"rendered":"<p>Am \u00eenchis telefonul \u0219i am privit pe geam. Afar\u0103, pe strada pietruit\u0103, o b\u0103tr\u00e2nic\u0103 \u00ee\u0219i t\u00e2ra saco\u0219a plin\u0103 cu mere, iar un copil r\u00e2dea \u00een<\/p>\n","protected":false},"author":1,"featured_media":40651,"comment_status":"closed","ping_status":"closed","sticky":false,"template":"","format":"standard","meta":[],"categories":[1],"tags":[],"_links":{"self":[{"href":"https:\/\/calatorinromania.com\/index.php?rest_route=\/wp\/v2\/posts\/42616"}],"collection":[{"href":"https:\/\/calatorinromania.com\/index.php?rest_route=\/wp\/v2\/posts"}],"about":[{"href":"https:\/\/calatorinromania.com\/index.php?rest_route=\/wp\/v2\/types\/post"}],"author":[{"embeddable":true,"href":"https:\/\/calatorinromania.com\/index.php?rest_route=\/wp\/v2\/users\/1"}],"replies":[{"embeddable":true,"href":"https:\/\/calatorinromania.com\/index.php?rest_route=%2Fwp%2Fv2%2Fcomments&post=42616"}],"version-history":[{"count":1,"href":"https:\/\/calatorinromania.com\/index.php?rest_route=\/wp\/v2\/posts\/42616\/revisions"}],"predecessor-version":[{"id":42617,"href":"https:\/\/calatorinromania.com\/index.php?rest_route=\/wp\/v2\/posts\/42616\/revisions\/42617"}],"wp:featuredmedia":[{"embeddable":true,"href":"https:\/\/calatorinromania.com\/index.php?rest_route=\/wp\/v2\/media\/40651"}],"wp:attachment":[{"href":"https:\/\/calatorinromania.com\/index.php?rest_route=%2Fwp%2Fv2%2Fmedia&parent=42616"}],"wp:term":[{"taxonomy":"category","embeddable":true,"href":"https:\/\/calatorinromania.com\/index.php?rest_route=%2Fwp%2Fv2%2Fcategories&post=42616"},{"taxonomy":"post_tag","embeddable":true,"href":"https:\/\/calatorinromania.com\/index.php?rest_route=%2Fwp%2Fv2%2Ftags&post=42616"}],"curies":[{"name":"wp","href":"https:\/\/api.w.org\/{rel}","templated":true}]}}