{"id":42614,"date":"2025-10-15T10:24:44","date_gmt":"2025-10-15T10:24:44","guid":{"rendered":"https:\/\/calatorinromania.com\/?p=42614"},"modified":"2025-10-15T10:24:44","modified_gmt":"2025-10-15T10:24:44","slug":"rugaciunea-catre-sfanta-parascheva-pentru-spor-si-ajutor-in-toate-si-pentru-liniste-in-viata","status":"publish","type":"post","link":"https:\/\/calatorinromania.com\/?p=42614","title":{"rendered":"Rug\u0103ciunea c\u0103tre Sf\u00e2nta Parascheva pentru SPOR \u0219i AJUTOR \u00een TOATE \u0219i pentru lini\u0219te \u00een via\u021b\u0103"},"content":{"rendered":"\n<p>O rug\u0103ciune pentru Sf\u00e2nta Cuvioas\u0103 Parascheva, spus\u0103 din tot sufletul, cu mare credin\u021b\u0103, ne ajut\u0103 enorm \u00een via\u021b\u0103.<\/p>\n\n\n\n<p><\/p>\n\n\n\n<p>\u201dDoamne, Dumnezeul nostru, Tu, Cel ce ai zis \u0219i s-a f\u0103cut toat\u0103 f\u0103ptura, nu \u00eentoarce fa\u021ba Ta de la noi p\u0103c\u0103to\u0219ii, ca s\u0103 nu vin\u0103 asupr\u0103-ne m\u00e2nia cea groaznic\u0103 \u0219i \u00eenfrico\u0219\u0103toare a durerilor, care este rodul p\u0103catelor noastre, ce \u00een toat\u0103 ziua, nenum\u0103rate, cu nesocotin\u021b\u0103 le s\u0103v\u00e2r\u0219im.<\/p>\n\n\n\n<p><\/p>\n\n\n\n<p> Noi suntem p\u0103c\u0103to\u0219i, netrebnici \u0219i plini de r\u0103utate; iar Tu e\u0219ti izvorul vie\u021bii \u0219i al milostivirii. <\/p>\n\n\n\n<p>Nu ne l\u0103sa, Doamne! <\/p>\n\n\n\n<p><\/p>\n\n\n\n<p>Nu trece rug\u0103ciunea noastr\u0103, a p\u0103c\u0103to\u0219ilor, nici ne r\u0103spl\u0103ti nou\u0103 dup\u0103 nelegiuirile noastre, ci pentru c\u0103 nu suntem vrednici a c\u00e2\u0219tiga milostivirea prin s\u00e2rguin\u021ba cea de toate zilele, d\u0103ruie\u0219te-ne-o Tu ca un \u00eendurat mult-Milostiv.<\/p>\n\n\n\n<p>Doamne, pentru rug\u0103ciunile Cuvioasei Maicii noastre Parascheva, d\u0103ruie\u0219te-ne nou\u0103 s\u0103n\u0103tate \u0219i via\u021b\u0103 ferit\u0103 de toat\u0103 r\u0103utatea \u0219i ne \u00eent\u0103re\u0219te cu Duhul T\u0103u cel st\u0103p\u00e2nitor, ca din ad\u00e2ncul inimilor, cu bucurie s\u0103 sl\u0103vim prea\u00adsf\u00e2nt numele T\u0103u \u00een veci. Amin.\u201d<\/p>\n","protected":false},"excerpt":{"rendered":"<p>O rug\u0103ciune pentru Sf\u00e2nta Cuvioas\u0103 Parascheva, spus\u0103 din tot sufletul, cu mare credin\u021b\u0103, ne ajut\u0103 enorm \u00een via\u021b\u0103. \u201dDoamne, Dumnezeul nostru, Tu, Cel ce ai<\/p>\n","protected":false},"author":1,"featured_media":40536,"comment_status":"closed","ping_status":"closed","sticky":false,"template":"","format":"standard","meta":[],"categories":[1],"tags":[],"_links":{"self":[{"href":"https:\/\/calatorinromania.com\/index.php?rest_route=\/wp\/v2\/posts\/42614"}],"collection":[{"href":"https:\/\/calatorinromania.com\/index.php?rest_route=\/wp\/v2\/posts"}],"about":[{"href":"https:\/\/calatorinromania.com\/index.php?rest_route=\/wp\/v2\/types\/post"}],"author":[{"embeddable":true,"href":"https:\/\/calatorinromania.com\/index.php?rest_route=\/wp\/v2\/users\/1"}],"replies":[{"embeddable":true,"href":"https:\/\/calatorinromania.com\/index.php?rest_route=%2Fwp%2Fv2%2Fcomments&post=42614"}],"version-history":[{"count":1,"href":"https:\/\/calatorinromania.com\/index.php?rest_route=\/wp\/v2\/posts\/42614\/revisions"}],"predecessor-version":[{"id":42615,"href":"https:\/\/calatorinromania.com\/index.php?rest_route=\/wp\/v2\/posts\/42614\/revisions\/42615"}],"wp:featuredmedia":[{"embeddable":true,"href":"https:\/\/calatorinromania.com\/index.php?rest_route=\/wp\/v2\/media\/40536"}],"wp:attachment":[{"href":"https:\/\/calatorinromania.com\/index.php?rest_route=%2Fwp%2Fv2%2Fmedia&parent=42614"}],"wp:term":[{"taxonomy":"category","embeddable":true,"href":"https:\/\/calatorinromania.com\/index.php?rest_route=%2Fwp%2Fv2%2Fcategories&post=42614"},{"taxonomy":"post_tag","embeddable":true,"href":"https:\/\/calatorinromania.com\/index.php?rest_route=%2Fwp%2Fv2%2Ftags&post=42614"}],"curies":[{"name":"wp","href":"https:\/\/api.w.org\/{rel}","templated":true}]}}