{"id":42598,"date":"2025-10-15T07:57:33","date_gmt":"2025-10-15T07:57:33","guid":{"rendered":"https:\/\/calatorinromania.com\/?p=42598"},"modified":"2025-10-15T07:57:33","modified_gmt":"2025-10-15T07:57:33","slug":"am-facut-curatenie-in-biroul-lui-timp-de-opt-ani","status":"publish","type":"post","link":"https:\/\/calatorinromania.com\/?p=42598","title":{"rendered":"Am f\u0103cut cur\u0103\u021benie \u00een biroul lui timp de opt ani;"},"content":{"rendered":"\n<p>Dup\u0103 noaptea aceea, am vrut s\u0103 renun\u021b. M-am g\u00e2ndit s\u0103-mi dau demisia, s\u0103 plec f\u0103r\u0103 s\u0103 mai privesc \u00eenapoi. Dar diminea\u021ba, c\u00e2nd m-am trezit, am sim\u021bit c\u0103 nu pot fugi din nou. \u00cemi promisesem c\u0103 nu o s\u0103 mai las pe nimeni s\u0103 m\u0103 calce \u00een picioare. Nu mai eram fata speriat\u0103 de alt\u0103dat\u0103.<\/p>\n\n\n\n<p><\/p>\n\n\n\n<p>Am mers la serviciu ca de obicei, cu uniforma curat\u0103 \u0219i inima grea. C\u00e2nd am intrat \u00een biroul lui, era acolo, vorbind la telefon. M-a privit scurt, f\u0103r\u0103 s\u0103 spun\u0103 nimic. Am continuat s\u0103 cur\u0103\u021b masa, dar \u00een\u0103untru sim\u021beam c\u0103 ard. Fiecare mi\u0219care era un amestec de durere \u0219i putere.<\/p>\n\n\n\n<p><\/p>\n\n\n\n<p>\u00centr-o sear\u0103 ploioas\u0103, la o \u0219edin\u021b\u0103 t\u00e2rzie, am auzit cum \u00ee\u0219i certa un angajat. Tonul lui era plin de arogan\u021b\u0103, exact cum \u00eemi vorbise mie c\u00e2ndva. Nu \u0219tiu ce m-a apucat, dar am intrat \u0219i am spus:<\/p>\n\n\n\n<p><br>\u2014 Domnule Oprea, poate ar trebui s\u0103 fi\u021bi mai bl\u00e2nd. Uneori oamenii fac gre\u0219eli pentru c\u0103 sunt obosi\u021bi, nu pentru c\u0103 sunt pro\u0219ti.<\/p>\n\n\n\n<p><\/p>\n\n\n\n<p>S-a uitat la mine, surprins. Colegii au t\u0103cut.<\/p>\n\n\n\n<p><br>\u2014 Tu cine e\u0219ti s\u0103-mi spui cum s\u0103 vorbesc?<\/p>\n\n\n\n<p><br>\u2014 O femeie care a avut multe de pierdut \u2014 am r\u0103spuns simplu.<\/p>\n\n\n\n<p><\/p>\n\n\n\n<p>Am ie\u0219it f\u0103r\u0103 s\u0103 mai a\u0219tept replica. De atunci, m-a privit altfel. Nu cu respect, dar cu o curiozitate pe care o sim\u021beam. \u00centr-o zi m-a chemat \u00een birou.<\/p>\n\n\n\n<p><br>\u2014 Spune-mi, cum ai ajuns aici?<\/p>\n\n\n\n<p><br>\u2014 Prin munc\u0103 \u0219i durere, domnule. Nimic mai mult.<\/p>\n\n\n\n<p><\/p>\n\n\n\n<p>A z\u00e2mbit amar. Nu \u0219tiu dac\u0103 m-a recunoscut \u00een acel moment, dar \u00een ochii lui am v\u0103zut o umbr\u0103 de nelini\u0219te.<\/p>\n\n\n\n<p><\/p>\n\n\n\n<p>Timpul a trecut. \u00centr-o sear\u0103, dup\u0103 ce to\u021bi au plecat, am g\u0103sit \u00een co\u0219ul de gunoi o fotografie rupt\u0103 \u2014 o poz\u0103 cu el, t\u00e2n\u0103r, \u00een uniform\u0103 de liceu. L\u00e2ng\u0103 el eram eu, cu o fund\u0103 alb\u0103 \u00een p\u0103r. M-am aplecat \u0219i am str\u00e2ns-o cu m\u00e2inile tremur\u00e2nd. O aruncase f\u0103r\u0103 s\u0103 \u0219tie c\u0103 m\u0103 aruncase pe mine o dat\u0103 cu ea.<\/p>\n\n\n\n<p><\/p>\n\n\n\n<p>Am mers acas\u0103 \u0219i am pus poza l\u00e2ng\u0103 cea a lui Cezar. Am aprins o lum\u00e2nare \u0219i am pl\u00e2ns. Dar lacrimile nu mai erau de neputin\u021b\u0103. Erau de eliberare.<\/p>\n\n\n\n<p>C\u00e2teva luni mai t\u00e2rziu, compania a anun\u021bat un nou program pentru angaja\u021bi: burse pentru copiii personalului cu venituri mici. Mi s-a p\u0103rut ironic. Dar \u00eentr-o diminea\u021b\u0103, Nelu m-a oprit pe coridor.<br>\u2014 Doamna Irina, \u0219ti\u021bi\u2026 m\u0103 g\u00e2ndeam c\u0103 poate ave\u021bi pe cineva t\u00e2n\u0103r \u00een familie care ar merita o \u0219ans\u0103 la studii.<\/p>\n\n\n\n<p>M-am uitat \u00een ochii lui. Am z\u00e2mbit cu triste\u021be.<br>\u2014 Aveam. Dar e prea t\u00e2rziu pentru el.<\/p>\n\n\n\n<p>A r\u0103mas f\u0103r\u0103 cuvinte. Am plecat mai departe, f\u0103r\u0103 s\u0103 m\u0103 uit \u00eenapoi.<\/p>\n\n\n\n<p>\u00cen acea sear\u0103 am mers la biseric\u0103. Am aprins o lum\u00e2nare pentru fiul meu \u0219i am spus \u00eencet:<br>\u2014 L-am iertat, Doamne. Nu pentru el, ci pentru mine.<\/p>\n\n\n\n<p>C\u00e2nd am ie\u0219it afar\u0103, ploaia se oprise, iar aerul mirosea a curat. Pentru prima dat\u0103 dup\u0103 mul\u021bi ani, am sim\u021bit c\u0103 pot respira.<\/p>\n\n\n\n<p>Nelu n-a aflat niciodat\u0103 adev\u0103rul, dar eu \u0219tiam c\u0103 nu mai conteaz\u0103. Fiul meu tr\u0103ia \u00een fiecare pas pe care \u00eel f\u0103ceam \u00eenainte. \u0218i \u00een fiecare loc pe care \u00eel cur\u0103\u021bam, l\u0103sam o parte din durerea mea s\u0103 se transforme \u00een lini\u0219te.<\/p>\n\n\n\n<p>Pentru c\u0103, uneori, cea mai mare r\u0103zbunare nu e ura, ci pacea.<\/p>\n\n\n\n<p><em>Aceast\u0103 lucrare este inspirat\u0103 din evenimente \u0219i persoane reale, \u00eens\u0103 a fost fic\u021bionalizat\u0103 \u00een scopuri creative. Numele, personajele \u0219i detaliile au fost schimbate pentru a proteja intimitatea \u0219i pentru a \u00eembun\u0103t\u0103\u021bi nara\u021biunea. Orice asem\u0103nare cu persoane reale, \u00een via\u021b\u0103 sau decedate, sau cu evenimente reale este pur \u00eent\u00e2mpl\u0103toare \u0219i nu este inten\u021bionat\u0103 de c\u0103tre autor.<\/em><\/p>\n\n\n\n<p><em>Autorul \u0219i editorul nu \u00ee\u0219i asum\u0103 responsabilitatea pentru exactitatea evenimentelor sau pentru modul \u00een care sunt portretizate personajele \u0219i nu sunt r\u0103spunz\u0103tori pentru eventuale interpret\u0103ri gre\u0219ite. Aceast\u0103 poveste este oferit\u0103 \u201eca atare\u201d, iar orice opinii exprimate apar\u021bin personajelor \u0219i nu reflect\u0103 punctele de vedere ale autorului sau ale editorului.<\/em><\/p>\n","protected":false},"excerpt":{"rendered":"<p>Dup\u0103 noaptea aceea, am vrut s\u0103 renun\u021b. M-am g\u00e2ndit s\u0103-mi dau demisia, s\u0103 plec f\u0103r\u0103 s\u0103 mai privesc \u00eenapoi. Dar diminea\u021ba, c\u00e2nd m-am trezit, am<\/p>\n","protected":false},"author":1,"featured_media":42599,"comment_status":"closed","ping_status":"closed","sticky":false,"template":"","format":"standard","meta":[],"categories":[1],"tags":[],"_links":{"self":[{"href":"https:\/\/calatorinromania.com\/index.php?rest_route=\/wp\/v2\/posts\/42598"}],"collection":[{"href":"https:\/\/calatorinromania.com\/index.php?rest_route=\/wp\/v2\/posts"}],"about":[{"href":"https:\/\/calatorinromania.com\/index.php?rest_route=\/wp\/v2\/types\/post"}],"author":[{"embeddable":true,"href":"https:\/\/calatorinromania.com\/index.php?rest_route=\/wp\/v2\/users\/1"}],"replies":[{"embeddable":true,"href":"https:\/\/calatorinromania.com\/index.php?rest_route=%2Fwp%2Fv2%2Fcomments&post=42598"}],"version-history":[{"count":1,"href":"https:\/\/calatorinromania.com\/index.php?rest_route=\/wp\/v2\/posts\/42598\/revisions"}],"predecessor-version":[{"id":42600,"href":"https:\/\/calatorinromania.com\/index.php?rest_route=\/wp\/v2\/posts\/42598\/revisions\/42600"}],"wp:featuredmedia":[{"embeddable":true,"href":"https:\/\/calatorinromania.com\/index.php?rest_route=\/wp\/v2\/media\/42599"}],"wp:attachment":[{"href":"https:\/\/calatorinromania.com\/index.php?rest_route=%2Fwp%2Fv2%2Fmedia&parent=42598"}],"wp:term":[{"taxonomy":"category","embeddable":true,"href":"https:\/\/calatorinromania.com\/index.php?rest_route=%2Fwp%2Fv2%2Fcategories&post=42598"},{"taxonomy":"post_tag","embeddable":true,"href":"https:\/\/calatorinromania.com\/index.php?rest_route=%2Fwp%2Fv2%2Ftags&post=42598"}],"curies":[{"name":"wp","href":"https:\/\/api.w.org\/{rel}","templated":true}]}}