{"id":42596,"date":"2025-10-15T07:45:25","date_gmt":"2025-10-15T07:45:25","guid":{"rendered":"https:\/\/calatorinromania.com\/?p=42596"},"modified":"2025-10-15T07:45:25","modified_gmt":"2025-10-15T07:45:25","slug":"m-am-intors-acasa-fara-sa-anunt","status":"publish","type":"post","link":"https:\/\/calatorinromania.com\/?p=42596","title":{"rendered":"M-am \u00eentors acas\u0103 f\u0103r\u0103 s\u0103 anunt"},"content":{"rendered":"\n<p>\u2014 Doamne, Maria? Tu e\u0219ti? \u2014 a spus ea, l\u0103s\u00e2nd stropitoarea s\u0103 cad\u0103.<\/p>\n\n\n\n<p><br>Am traversat strada aproape alerg\u00e2nd. Femeia m\u0103 privea ca pe o fantom\u0103 \u00eentoars\u0103 din trecut.<\/p>\n\n\n\n<p><br>\u2014 Ce s-a \u00eent\u00e2mplat, Terezo? Unde e Mihai? \u2014 am \u00eentrebat cu voce tremurat\u0103.<\/p>\n\n\n\n<p><\/p>\n\n\n\n<p>Ea a ezitat o clip\u0103, apoi \u0219i-a plecat privirea.<\/p>\n\n\n\n<p><br>\u2014 Of, draga mea\u2026 ar fi trebuit s\u0103 te anun\u021be cineva. Mihai e la spital. De aproape o s\u0103pt\u0103m\u00e2n\u0103.<\/p>\n\n\n\n<p><\/p>\n\n\n\n<p>Cuvintele mi-au t\u0103iat respira\u021bia. Sim\u021beam cum aerul cald al dimine\u021bii se transform\u0103 \u00eentr-o povar\u0103.<\/p>\n\n\n\n<p><br>\u2014 La spital? Ce s-a \u00eent\u00e2mplat?<\/p>\n\n\n\n<p><\/p>\n\n\n\n<p>Tanti Tereza a oftat ad\u00e2nc.<\/p>\n\n\n\n<p><br>\u2014 A f\u0103cut un infarct. A fost singur acas\u0103 c\u00e2nd s-a \u00eent\u00e2mplat. Noroc cu un vecin care a auzit zgomotul \u0219i a chemat ambulan\u021ba. De atunci e la Terapie Intensiv\u0103.<\/p>\n\n\n\n<p><\/p>\n\n\n\n<p>Mi-am dus m\u00e2na la gur\u0103. N-am mai zis nimic. M-am urcat din nou \u00een taxi \u0219i am cerut s\u0103 mergem direct la spital. Inima \u00eemi b\u0103tea nebune\u0219te. \u00cen fa\u021ba ochilor mi se derulau amintiri cu Mihai copil, r\u00e2z\u00e2nd \u00een curte, alerg\u00e2nd cu o minge de c\u00e2rp\u0103.<\/p>\n\n\n\n<p><\/p>\n\n\n\n<p>C\u00e2nd am ajuns la spital, mirosul de dezinfectant mi-a t\u0103iat respira\u021bia. Am \u00eentrebat la recep\u021bie, tremur\u00e2nd:<br>\u2014 Mihai Dobre. \u00cen ce salon este, v\u0103 rog?<\/p>\n\n\n\n<p>\u2014 Terapie Intensiv\u0103, etajul 3, camera 12 \u2014 mi-a spus asistenta, privindu-m\u0103 cu o mil\u0103 rece.<\/p>\n\n\n\n<p>Am urcat sc\u0103rile de parc\u0103 fiecare treapt\u0103 c\u00e2nt\u0103rea un kilogram. C\u00e2nd am intrat, Mihai era \u00eentins, palid, cu tuburi \u0219i aparate \u00een jur. M-am apropiat \u00eencet \u0219i i-am atins m\u00e2na. Era rece.<\/p>\n\n\n\n<p>\u2014 Mam\u0103 e aici, puiule\u2026 \u2014 am \u0219optit, cu lacrimi fierbin\u021bi.<\/p>\n\n\n\n<p>Ochii lui s-au mi\u0219cat u\u0219or sub pleoape. O clip\u0103, am crezut c\u0103 o s\u0103 se trezeasc\u0103. Dar a r\u0103mas nemi\u0219cat. M-am a\u0219ezat l\u00e2ng\u0103 el, cu m\u00e2inile \u00eempreunate, rug\u00e2ndu-m\u0103 \u00een t\u0103cere.<\/p>\n\n\n\n<p>Dincolo de sticl\u0103, l-am z\u0103rit pe doctor apropiindu-se.<br>\u2014 Doamn\u0103, starea lui e grav\u0103. A fost neglijat. Nu a luat tratamentul, nu s-a alimentat corect\u2026 corpul lui e epuizat.<\/p>\n\n\n\n<p>Am clipit.<br>\u2014 Cum adic\u0103 neglijat? Avea so\u021bia l\u00e2ng\u0103 el\u2026<\/p>\n\n\n\n<p>Doctorul a ezitat.<br>\u2014 So\u021bia? N-a venit nici m\u0103car o dat\u0103. Am \u00een\u021beles c\u0103 e plecat\u0103 de c\u00e2teva zile\u2026 \u00een vacan\u021b\u0103.<\/p>\n\n\n\n<p>Sim\u021beam cum s\u00e2ngele \u00eemi fierbe.<br>Vacan\u021b\u0103. \u00cen timp ce fiul meu lupta pentru via\u021b\u0103.<\/p>\n\n\n\n<p>Am ie\u0219it pe hol, tremur\u00e2nd de furie. Am scos telefonul \u0219i am intrat \u00een conturile bancare. \u00cen c\u00e2teva secunde, am blocat totul. Fiecare leu, fiecare card. \u0218tiam c\u0103 o s\u0103 simt\u0103 lovitura imediat.<\/p>\n\n\n\n<p>O or\u0103 mai t\u00e2rziu, am primit un apel. Era ea.<br>\u2014 Ce-ai f\u0103cut, Maria?! Cum \u00ee\u021bi permi\u021bi?! \u2014 \u021bipa \u00een telefon, \u00een timp ce \u00een fundal se auzea muzic\u0103 \u0219i r\u00e2sete.<\/p>\n\n\n\n<p>\u2014 Cum \u00eemi permit? \u2014 am spus rece. \u2014 Eu am pl\u0103tit totul, Ana. Casa, ma\u0219ina, via\u021ba ta de lux. Iar fiul meu zace singur la spital.<\/p>\n\n\n\n<p>A t\u0103cut o clip\u0103, apoi a \u00eenchis.<\/p>\n\n\n\n<p>M-am \u00eentors la patul lui Mihai \u0219i i-am str\u00e2ns m\u00e2na. \u00cen lini\u0219tea alb\u0103 a salonului, am sim\u021bit pentru prima dat\u0103 c\u0103 toate luptele mele, toate misiunile, to\u021bi anii petrecu\u021bi pe c\u00e2mpuri de r\u0103zboi\u2026 nu valorau nimic f\u0103r\u0103 el.<\/p>\n\n\n\n<p>Am r\u0103mas acolo ore \u00eentregi. C\u00e2nd, spre sear\u0103, Mihai a deschis ochii pentru c\u00e2teva clipe, am sim\u021bit c\u0103 lumea se opre\u0219te.<br>\u2014 Mam\u0103\u2026 ai venit? \u2014 a \u0219optit abia auzit.<\/p>\n\n\n\n<p>\u2014 Da, puiule. Acas\u0103, mereu acas\u0103, \u021bi-am promis.<\/p>\n\n\n\n<p>O lacrim\u0103 i-a alunecat pe obraz.<br>\u2014 Te rog\u2026 nu te mai duce nic\u0103ieri\u2026<\/p>\n\n\n\n<p>\u2014 Nu m\u0103 mai duc. R\u0103m\u00e2n.<\/p>\n\n\n\n<p>\u0218i am r\u0103mas.<\/p>\n\n\n\n<p>\u00cen urm\u0103toarele zile, Mihai a \u00eenceput s\u0103 se recupereze. Iar eu am redescoperit ce \u00eenseamn\u0103 s\u0103 tr\u0103iesc f\u0103r\u0103 ordine, f\u0103r\u0103 uniforme, f\u0103r\u0103 arme. Doar o mam\u0103 \u0219i fiul ei.<\/p>\n\n\n\n<p>C\u00e2nd, \u00eentr-o diminea\u021b\u0103, a z\u00e2mbit \u0219i mi-a spus:<br>\u2014 Mam\u0103, mi-ai salvat via\u021ba\u2026<br>am \u00een\u021beles c\u0103, \u00een sf\u00e2r\u0219it, \u00eemi terminasem cea mai important\u0103 misiune.<\/p>\n\n\n\n<p>Misiunea de a fi mam\u0103.<\/p>\n\n\n\n<p><em>Aceast\u0103 lucrare este inspirat\u0103 din evenimente \u0219i persoane reale, \u00eens\u0103 a fost fic\u021bionalizat\u0103 \u00een scopuri creative. Numele, personajele \u0219i detaliile au fost schimbate pentru a proteja intimitatea \u0219i pentru a \u00eembun\u0103t\u0103\u021bi nara\u021biunea. Orice asem\u0103nare cu persoane reale, \u00een via\u021b\u0103 sau decedate, sau cu evenimente reale este pur \u00eent\u00e2mpl\u0103toare \u0219i nu este inten\u021bionat\u0103 de c\u0103tre autor.<\/em><\/p>\n\n\n\n<p><em>Autorul \u0219i editorul nu \u00ee\u0219i asum\u0103 responsabilitatea pentru exactitatea evenimentelor sau pentru modul \u00een care sunt portretizate personajele \u0219i nu sunt r\u0103spunz\u0103tori pentru eventuale interpret\u0103ri gre\u0219ite. Aceast\u0103 poveste este oferit\u0103 \u201eca atare\u201d, iar orice opinii exprimate apar\u021bin personajelor \u0219i nu reflect\u0103 punctele de vedere ale autorului sau ale editorului.<\/em><\/p>\n","protected":false},"excerpt":{"rendered":"<p>\u2014 Doamne, Maria? Tu e\u0219ti? \u2014 a spus ea, l\u0103s\u00e2nd stropitoarea s\u0103 cad\u0103. Am traversat strada aproape alerg\u00e2nd. Femeia m\u0103 privea ca pe o fantom\u0103<\/p>\n","protected":false},"author":1,"featured_media":40651,"comment_status":"closed","ping_status":"closed","sticky":false,"template":"","format":"standard","meta":[],"categories":[1],"tags":[],"_links":{"self":[{"href":"https:\/\/calatorinromania.com\/index.php?rest_route=\/wp\/v2\/posts\/42596"}],"collection":[{"href":"https:\/\/calatorinromania.com\/index.php?rest_route=\/wp\/v2\/posts"}],"about":[{"href":"https:\/\/calatorinromania.com\/index.php?rest_route=\/wp\/v2\/types\/post"}],"author":[{"embeddable":true,"href":"https:\/\/calatorinromania.com\/index.php?rest_route=\/wp\/v2\/users\/1"}],"replies":[{"embeddable":true,"href":"https:\/\/calatorinromania.com\/index.php?rest_route=%2Fwp%2Fv2%2Fcomments&post=42596"}],"version-history":[{"count":1,"href":"https:\/\/calatorinromania.com\/index.php?rest_route=\/wp\/v2\/posts\/42596\/revisions"}],"predecessor-version":[{"id":42597,"href":"https:\/\/calatorinromania.com\/index.php?rest_route=\/wp\/v2\/posts\/42596\/revisions\/42597"}],"wp:featuredmedia":[{"embeddable":true,"href":"https:\/\/calatorinromania.com\/index.php?rest_route=\/wp\/v2\/media\/40651"}],"wp:attachment":[{"href":"https:\/\/calatorinromania.com\/index.php?rest_route=%2Fwp%2Fv2%2Fmedia&parent=42596"}],"wp:term":[{"taxonomy":"category","embeddable":true,"href":"https:\/\/calatorinromania.com\/index.php?rest_route=%2Fwp%2Fv2%2Fcategories&post=42596"},{"taxonomy":"post_tag","embeddable":true,"href":"https:\/\/calatorinromania.com\/index.php?rest_route=%2Fwp%2Fv2%2Ftags&post=42596"}],"curies":[{"name":"wp","href":"https:\/\/api.w.org\/{rel}","templated":true}]}}