{"id":42583,"date":"2025-10-15T07:11:42","date_gmt":"2025-10-15T07:11:42","guid":{"rendered":"https:\/\/calatorinromania.com\/?p=42583"},"modified":"2025-10-15T07:11:42","modified_gmt":"2025-10-15T07:11:42","slug":"la-5-dimineata-fiica-mea-insarcinata-in-noua-luni-a-aparut-la-usa-cu-fata-vanata","status":"publish","type":"post","link":"https:\/\/calatorinromania.com\/?p=42583","title":{"rendered":"La 5 diminea\u021ba, fiica mea, \u00eens\u0103rcinat\u0103 \u00een nou\u0103 luni, a ap\u0103rut la u\u0219\u0103 cu fa\u021ba v\u00e2n\u0103t\u0103"},"content":{"rendered":"\n<p>Am \u00eenchis u\u0219a de la tribunal cu un nod \u00een g\u00e2t, dar cu un plan limpede. Ana st\u0103tea pe o banc\u0103 din hol, cu m\u00e2inile tremur\u00e2nd. B\u0103ie\u021bii de la sec\u021bie au pus cordon la intrare, au luat declara\u021bii, au fotografiat tot ce era de fotografiat. Am sim\u021bit aceea\u0219i meticulozitate cu care am scris rapoarte ani de zile: fiecare detaliu conteaz\u0103, fiecare secund\u0103 poate schimba cursul.<\/p>\n\n\n\n<p><\/p>\n\n\n\n<p>\u201eTrebuie s\u0103 plec\u0103m de aici\u201d, i-am zis, \u00een \u0219oapt\u0103. \u201eVom merge la casa mea, te voi \u021bine sub observa\u021bie. Iar dac\u0103 apare el, o s\u0103-l prindem \u00eenainte s\u0103 apuce s\u0103 respire.\u201d<\/p>\n\n\n\n<p><\/p>\n\n\n\n<p>Ana a oftat \u0219i a ridicat privirea. Se vedea lupta din ea \u2014 ru\u0219inea, teama, dar \u0219i o sc\u00e2nteie de hot\u0103r\u00e2re. \u201eAjut-o, mami\u201d, mi-a spus. \u201eNu vreau s\u0103 pierd copilul. Nu-l pot l\u0103sa cu el.\u201d<\/p>\n\n\n\n<p><\/p>\n\n\n\n<p>Am plecat pe str\u0103zile \u00eenc\u0103 reci ale ora\u0219ului. Micul tramvai trecea cu un fo\u0219net, iar negustorii de la col\u021b \u00ee\u0219i aranjau tarabele. Via\u021ba de afar\u0103 continua, necon\u0219tient\u0103 de drama noastr\u0103. Asta m-a lovit: c\u00e2t de des se \u00eent\u00e2mpl\u0103 asemenea lucruri, iar via\u021ba merge mai departe ca \u0219i cum nimic?<\/p>\n\n\n\n<p><\/p>\n\n\n\n<p>Am aranjat o camer\u0103 la mine, am pus pern\u0103 \u00een plus, am f\u0103cut ceai, apoi am vorbit cu Ana ca \u0219i cum i-a\u0219 fi vorbit unei tinere care trebuie s\u0103-\u0219i adune curajul. \u201eVom cere ordin de restric\u021bie permanent. Vom cere \u0219i custodia. Iar dac\u0103 va \u00eencerca s\u0103 scape, vom folosi fiecare leg\u0103tur\u0103 pe care o am.\u201d<\/p>\n\n\n\n<p><\/p>\n\n\n\n<p>Pe m\u0103sur\u0103 ce zilele treceau, am adunat probe: mesajele amenin\u021b\u0103toare, pozele, martorii care au auzit certurile, bonurile medicale. Am cerut sprijinul unor oameni pe care \u00eei respectam. Nu am min\u021bit, nu am exagerat. Totul era curat, a\u0219ternut pe h\u00e2rtie \u2014 a\u0219a cum \u00eemi pl\u0103cea mie.<\/p>\n\n\n\n<p>Dar Leonard nu era b\u0103rbatul u\u0219or de dobor\u00e2t. A \u00eenceput o campanie subtil\u0103: prieteni comuni care m\u0103 \u00eentrebau \u201esincer\u201d, post\u0103ri r\u0103uvoitoare pe re\u021bele, \u00eencerc\u0103ri de intimidare. Odat\u0103, a l\u0103sat o ma\u0219in\u0103 parcat\u0103 l\u00e2ng\u0103 blocul meu cu geamuri fumurii. Am sim\u021bit fiori, dar nu m-am retras.<\/p>\n\n\n\n<p>\u00centr-o sear\u0103, c\u00e2nd Ana a adormit, am deschis un dosar vechi \u2014 unul ce p\u0103stra o fotografie, un raport de urm\u0103rire, nume care, odat\u0103, m-au ajutat s\u0103 trimit la \u00eenchisoare oameni periculo\u0219i. Am sunat un nume vechi. Nu i-am cerut favoare. I-am oferit un pact: \u201eAjut\u0103-m\u0103 s\u0103 fac ordine. Te ajut la r\u00e2ndul meu c\u00e2nd va fi nevoie.\u201d A acceptat.<\/p>\n\n\n\n<p>Am organizat o supraveghere discret\u0103. C\u00e2nd Leonard a \u00eencercat s\u0103 se apropie de bloc, l-am prins \u00een flagrant \u2014 nu cu un scenariu hollywoodian, ci cu r\u0103bdare \u0219i strategie. Poli\u021bia l-a arestat f\u0103r\u0103 dram\u0103. Nu a avut loc pentru glorie \u0219i arogan\u021b\u0103. A fost doar o evidencia\u021bie simpl\u0103: faptele lui erau puse una l\u00e2ng\u0103 alta, ireversibile.<\/p>\n\n\n\n<p>Ziarul local a scris despre dosar, dar nu am c\u0103utat publicitate. Important era c\u0103 Ana \u0219i copilul erau \u00een siguran\u021b\u0103. \u00cen ziua \u00een care am aflat c\u0103 urma s\u0103 fie eliberat provizoriu, inima mi-a s\u0103rit \u00een piept. Am stat la tribunal din nou. De data asta, lacrima i s-a scurs lui Leonard, nu Anei. Dar nu era remu\u0219care. Era furie, frustrare, planuri nedezv\u0103luite.<\/p>\n\n\n\n<p>Am vorbit \u00een sala de judecat\u0103 cu voce domoal\u0103, dar hot\u0103r\u00e2t\u0103. Am ar\u0103tat probe, am cerut condi\u021bii stricte de supraveghere. Avocatul nostru a pledat cu picioarele pe p\u0103m\u00e2nt. Ana a stat \u00een spate, cu m\u00e2na pe burt\u0103, ochii ei erau mai bl\u00e2nzi dec\u00e2t atunci c\u00e2nd a sosit la mine \u00een noaptea aceea.<\/p>\n\n\n\n<p>C\u00e2nd judec\u0103torul a pronun\u021bat hot\u0103r\u00e2rea final\u0103 \u2014 condamnare pentru violen\u021b\u0103 domestic\u0103 \u0219i interdic\u021bie de apropiere pe termen lung \u2014 am sim\u021bit o u\u0219urare aproape fizic\u0103. Nu uit. Sentin\u021ba nu \u0219terge r\u0103nile, dar le \u00eenchide u\u0219a \u00een fa\u021ba pericolului. Ana a izbucnit \u00een pl\u00e2ns \u2014 nu de victorie egoist\u0103, ci de eliberare.<\/p>\n\n\n\n<p>Luna urm\u0103toare, c\u00e2nd ne-am adunat la mas\u0103, \u00een casa mea, a\u0219a cum obi\u0219nuiam, am pus o farfurie \u00een plus. C\u00e2nd micu\u021bul nostru a venit pe lume, cu p\u0103rul negru \u0219i ochii lini\u0219ti\u021bi, Ana m-a privit cu recuno\u0219tin\u021b\u0103. \u201eNu \u0219tiu cum a\u0219 fi f\u0103cut f\u0103r\u0103 tine\u201d, mi-a spus. I-am str\u00e2ns m\u00e2na \u0219i i-am z\u00e2mbit.<\/p>\n\n\n\n<p>Via\u021ba nu e o dram\u0103 cu un singur episod. Dar uneori, c\u00e2nd curajul, prietenia \u0219i legea se \u00eempletesc, se \u00eent\u00e2mpl\u0103 minuni mici \u0219i reale: un copil salvat, o mam\u0103 vindecat\u0103, un abuz oprit. Am continuat s\u0103 tr\u0103iesc modest, cu tablouri pe pere\u021bi \u0219i o gr\u0103din\u0103 mic\u0103 \u00een spatele casei. Dar \u00een lini\u0219tea aceea, \u0219tiam c\u0103, fiind al\u0103turi unii de al\u021bii, putem \u00eenvinge frica.<\/p>\n\n\n\n<p>C\u00e2nd am ie\u0219it \u00een curte \u00eentr-o diminea\u021b\u0103 senin\u0103, soarele m\u00e2ng\u00e2ia floarea-soarelui ce crescuse \u00een col\u021b. Ana, cu copilul la s\u00e2n, a venit s\u0103-mi dea o m\u00e2n\u0103 de ajutor la str\u00e2ns de frunze. Am zis doar at\u00e2t: \u201eS\u0103 nu uit\u0103m niciodat\u0103 c\u0103 nu suntem singuri.\u201d \u0218i cu acea fraz\u0103 simpl\u0103, plin\u0103 de adevar, am sim\u021bit c\u0103 am \u00eenvins nu doar un om, ci teama \u00eens\u0103\u0219i.<\/p>\n\n\n\n<p><em>Aceast\u0103 lucrare este inspirat\u0103 din evenimente \u0219i persoane reale, \u00eens\u0103 a fost fic\u021bionalizat\u0103 \u00een scopuri creative. Numele, personajele \u0219i detaliile au fost schimbate pentru a proteja intimitatea \u0219i pentru a \u00eembun\u0103t\u0103\u021bi nara\u021biunea. Orice asem\u0103nare cu persoane reale, \u00een via\u021b\u0103 sau decedate, sau cu evenimente reale este pur \u00eent\u00e2mpl\u0103toare \u0219i nu este inten\u021bionat\u0103 de c\u0103tre autor.<\/em><\/p>\n\n\n\n<p><em>Autorul \u0219i editorul nu \u00ee\u0219i asum\u0103 responsabilitatea pentru exactitatea evenimentelor sau pentru modul \u00een care sunt portretizate personajele \u0219i nu sunt r\u0103spunz\u0103tori pentru eventuale interpret\u0103ri gre\u0219ite. Aceast\u0103 poveste este oferit\u0103 \u201eca atare\u201d, iar orice opinii exprimate apar\u021bin personajelor \u0219i nu reflect\u0103 punctele de vedere ale autorului sau ale editorului.<\/em><\/p>\n","protected":false},"excerpt":{"rendered":"<p>Am \u00eenchis u\u0219a de la tribunal cu un nod \u00een g\u00e2t, dar cu un plan limpede. Ana st\u0103tea pe o banc\u0103 din hol, cu m\u00e2inile<\/p>\n","protected":false},"author":1,"featured_media":40636,"comment_status":"closed","ping_status":"closed","sticky":false,"template":"","format":"standard","meta":[],"categories":[1],"tags":[],"_links":{"self":[{"href":"https:\/\/calatorinromania.com\/index.php?rest_route=\/wp\/v2\/posts\/42583"}],"collection":[{"href":"https:\/\/calatorinromania.com\/index.php?rest_route=\/wp\/v2\/posts"}],"about":[{"href":"https:\/\/calatorinromania.com\/index.php?rest_route=\/wp\/v2\/types\/post"}],"author":[{"embeddable":true,"href":"https:\/\/calatorinromania.com\/index.php?rest_route=\/wp\/v2\/users\/1"}],"replies":[{"embeddable":true,"href":"https:\/\/calatorinromania.com\/index.php?rest_route=%2Fwp%2Fv2%2Fcomments&post=42583"}],"version-history":[{"count":1,"href":"https:\/\/calatorinromania.com\/index.php?rest_route=\/wp\/v2\/posts\/42583\/revisions"}],"predecessor-version":[{"id":42584,"href":"https:\/\/calatorinromania.com\/index.php?rest_route=\/wp\/v2\/posts\/42583\/revisions\/42584"}],"wp:featuredmedia":[{"embeddable":true,"href":"https:\/\/calatorinromania.com\/index.php?rest_route=\/wp\/v2\/media\/40636"}],"wp:attachment":[{"href":"https:\/\/calatorinromania.com\/index.php?rest_route=%2Fwp%2Fv2%2Fmedia&parent=42583"}],"wp:term":[{"taxonomy":"category","embeddable":true,"href":"https:\/\/calatorinromania.com\/index.php?rest_route=%2Fwp%2Fv2%2Fcategories&post=42583"},{"taxonomy":"post_tag","embeddable":true,"href":"https:\/\/calatorinromania.com\/index.php?rest_route=%2Fwp%2Fv2%2Ftags&post=42583"}],"curies":[{"name":"wp","href":"https:\/\/api.w.org\/{rel}","templated":true}]}}