{"id":42581,"date":"2025-10-15T07:01:02","date_gmt":"2025-10-15T07:01:02","guid":{"rendered":"https:\/\/calatorinromania.com\/?p=42581"},"modified":"2025-10-15T07:01:02","modified_gmt":"2025-10-15T07:01:02","slug":"am-auzit-cum-sotul-meu-si-fiica-vecinilor-vorbeau-despre-aventurile-lor","status":"publish","type":"post","link":"https:\/\/calatorinromania.com\/?p=42581","title":{"rendered":"Am auzit cum so\u021bul meu \u0219i fiica vecinilor vorbeau despre aventurile lor"},"content":{"rendered":"\n<p>A doua zi am sim\u021bit o lini\u0219te ciudat\u0103 \u00een mine. Nu mai pl\u00e2ngeam, nu mai tremuram, nu mai aveam fric\u0103. Parc\u0103 inima mea devenise de piatr\u0103. Am petrecut toat\u0103 ziua cur\u0103\u021b\u00e2nd casa, pun\u00e2nd masa frumos, aranj\u00e2nd totul ca pentru o sear\u0103 perfect\u0103.<\/p>\n\n\n\n<p><\/p>\n\n\n\n<p>Copiii erau la mama, a\u0219a c\u0103 urma s\u0103 fim doar noi trei. Am preg\u0103tit cina preferat\u0103 a lui Gheorghe: sarmale \u0219i pr\u0103jitur\u0103 cu ciocolat\u0103. Voiam ca totul s\u0103 par\u0103 normal, ba chiar pl\u0103cut.<\/p>\n\n\n\n<p><\/p>\n\n\n\n<p>Pe la \u0219ase \u0219i jum\u0103tate, Gheorghe a venit acas\u0103, obosit, dar bine dispus. \u201eCe miroase a\u0219a de bine?\u201d a \u00eentrebat el, dezbr\u0103c\u00e2ndu-se.<\/p>\n\n\n\n<p><\/p>\n\n\n\n<p>\u201eAvem musafiri \u00een seara asta\u201d, i-am spus z\u00e2mbind. \u201eCineva care ne poate ajuta cu redecorarea sufrageriei.\u201d<\/p>\n\n\n\n<p><\/p>\n\n\n\n<p>Nici nu a b\u0103nuit nimic. A dat din umeri \u0219i s-a a\u0219ezat pe canapea, aprinz\u00e2nd televizorul. La \u0219apte fix s-a auzit soneria.<\/p>\n\n\n\n<p><\/p>\n\n\n\n<p>Am deschis u\u0219a \u0219i acolo era Maria, elegant\u0103, cu o map\u0103 sub bra\u021b. \u201eBun\u0103 seara! Sper c\u0103 nu deranjez.\u201d<\/p>\n\n\n\n<p><\/p>\n\n\n\n<p>\u201eDeloc, intr\u0103, te rog\u201d, i-am spus calm.<\/p>\n\n\n\n<p><\/p>\n\n\n\n<p>C\u00e2nd a intrat \u00een sufragerie \u0219i l-a v\u0103zut pe Gheorghe, a r\u0103mas c\u00e2teva secunde nemi\u0219cat\u0103. Fa\u021ba i s-a albit. Gheorghe, la r\u00e2ndul lui, s-a \u00eenro\u0219it \u0219i a \u00eenceput s\u0103 se b\u00e2lb\u00e2ie: \u201eCe\u2026 ce cau\u021bi aici?\u201d<\/p>\n\n\n\n<p>M-am a\u0219ezat \u00eentre ei, z\u00e2mbind. \u201eAm vrut doar s\u0103 v\u0103 cunosc mai bine. P\u00e2n\u0103 la urm\u0103, dac\u0103 tot petrece\u021bi at\u00e2ta timp \u00eempreun\u0103, mi s-a p\u0103rut politicos s\u0103 v\u0103 invit pe am\u00e2ndoi.\u201d<\/p>\n\n\n\n<p>T\u0103cerea a fost t\u0103ioas\u0103. Doar tic\u0103itul ceasului se mai auzea.<\/p>\n\n\n\n<p>Apoi am pus farfuriile pe mas\u0103 \u0219i am spus lini\u0219tit\u0103: \u201ePofti\u021bi, servi\u021bi. E p\u0103cat s\u0103 se r\u0103ceasc\u0103.\u201d<\/p>\n\n\n\n<p>Maria nu mai \u0219tia cum s\u0103 stea pe scaun. Gheorghe transpira \u0219i evita s\u0103 m\u0103 priveasc\u0103. Eu, \u00een schimb, m\u00e2ncam calm, ca \u0219i cum totul ar fi fost perfect normal.<\/p>\n\n\n\n<p>Dup\u0103 c\u00e2teva minute, am scos un plic de pe raft. \u201e\u0218ti\u021bi ce e \u0103sta?\u201d am \u00eentrebat, privind direct la Gheorghe.<\/p>\n\n\n\n<p>N-a r\u0103spuns.<\/p>\n\n\n\n<p>\u201eSunt pozele de pe camera de supraveghere din curte. Interesant cum o camer\u0103 mic\u0103 poate ar\u0103ta lucruri mari.\u201d<\/p>\n\n\n\n<p>Maria s-a ridicat brusc, dar am \u00eentins m\u00e2na \u0219i am spus: \u201eStai. Nu am f\u0103cut asta ca s\u0103 v\u0103 umilesc. Am f\u0103cut-o ca s\u0103 \u00een\u021belege\u021bi ceva.\u201d<\/p>\n\n\n\n<p>Am inspirat ad\u00e2nc \u0219i am continuat: \u201eEu am dat tot pentru familia asta. Ani \u00eentregi am tr\u0103it pentru voi, iar voi v-a\u021bi jucat cu \u00eencrederea mea ca \u0219i cum ar fi fost o juc\u0103rie. Nu vreau r\u0103zbunare. Vreau libertate.\u201d<\/p>\n\n\n\n<p>Am scos o foaie din buzunar \u0219i am pus-o pe mas\u0103. \u201eAsta e cererea mea de divor\u021b, Gheorghe. O vei g\u0103si semnat\u0103 de mine. \u00cen sf\u00e2r\u0219it, o s\u0103 ai tot timpul din lume s\u0103 fii cu \u2018prin\u021besa\u2019 ta.\u201d<\/p>\n\n\n\n<p>Maria a \u00eenceput s\u0103 pl\u00e2ng\u0103. Gheorghe \u00eencerca s\u0103 spun\u0103 ceva, dar niciun cuv\u00e2nt nu-i mai ie\u0219ea din gur\u0103. Eu m-am ridicat \u0219i am spus calm: \u201eAcum, dac\u0103 nu v\u0103 deranjeaz\u0103, a\u0219 vrea s\u0103-mi petrec seara \u00een lini\u0219te.\u201d<\/p>\n\n\n\n<p>Am mers p\u00e2n\u0103 la u\u0219\u0103 \u0219i le-am ar\u0103tat-o, f\u0103r\u0103 furie, f\u0103r\u0103 ur\u0103. Doar o lini\u0219te pe care n-o mai sim\u021bisem de ani \u00eentregi.<\/p>\n\n\n\n<p>C\u00e2nd au plecat, am r\u0103mas singur\u0103 \u00een cas\u0103, privind \u00een jur. T\u0103cerea aceea nu mai era dureroas\u0103, ci eliberatoare.<\/p>\n\n\n\n<p>Pentru prima dat\u0103 dup\u0103 mult timp, m-am sim\u021bit vie. Mi-am turnat un pahar de vin, am aprins o lum\u00e2nare \u0219i mi-am spus: \u201eDe azi, nu mai sunt so\u021bia nim\u0103nui. Sunt doar eu. \u0218i e suficient.\u201d<\/p>\n\n\n\n<p>A doua zi diminea\u021b\u0103, am trimis actele la avocat. Pe mas\u0103 am g\u0103sit un bilet de la Gheorghe: \u201e\u00cemi pare r\u0103u.\u201d<\/p>\n\n\n\n<p>L-am rupt \u00een dou\u0103 \u0219i am z\u00e2mbit. Poate pentru el era sf\u00e2r\u0219itul unei aventuri, dar pentru mine era \u00eenceputul unei vie\u021bi adev\u0103rate.<\/p>\n\n\n\n<p><em>Aceast\u0103 lucrare este inspirat\u0103 din evenimente \u0219i persoane reale, \u00eens\u0103 a fost fic\u021bionalizat\u0103 \u00een scopuri creative. Numele, personajele \u0219i detaliile au fost schimbate pentru a proteja intimitatea \u0219i pentru a \u00eembun\u0103t\u0103\u021bi nara\u021biunea. Orice asem\u0103nare cu persoane reale, \u00een via\u021b\u0103 sau decedate, sau cu evenimente reale este pur \u00eent\u00e2mpl\u0103toare \u0219i nu este inten\u021bionat\u0103 de c\u0103tre autor.<\/em><\/p>\n\n\n\n<p><em>Autorul \u0219i editorul nu \u00ee\u0219i asum\u0103 responsabilitatea pentru exactitatea evenimentelor sau pentru modul \u00een care sunt portretizate personajele \u0219i nu sunt r\u0103spunz\u0103tori pentru eventuale interpret\u0103ri gre\u0219ite. Aceast\u0103 poveste este oferit\u0103 \u201eca atare\u201d, iar orice opinii exprimate apar\u021bin personajelor \u0219i nu reflect\u0103 punctele de vedere ale autorului sau ale editorului.<\/em><\/p>\n","protected":false},"excerpt":{"rendered":"<p>A doua zi am sim\u021bit o lini\u0219te ciudat\u0103 \u00een mine. Nu mai pl\u00e2ngeam, nu mai tremuram, nu mai aveam fric\u0103. Parc\u0103 inima mea devenise de<\/p>\n","protected":false},"author":1,"featured_media":40536,"comment_status":"closed","ping_status":"closed","sticky":false,"template":"","format":"standard","meta":[],"categories":[1],"tags":[],"_links":{"self":[{"href":"https:\/\/calatorinromania.com\/index.php?rest_route=\/wp\/v2\/posts\/42581"}],"collection":[{"href":"https:\/\/calatorinromania.com\/index.php?rest_route=\/wp\/v2\/posts"}],"about":[{"href":"https:\/\/calatorinromania.com\/index.php?rest_route=\/wp\/v2\/types\/post"}],"author":[{"embeddable":true,"href":"https:\/\/calatorinromania.com\/index.php?rest_route=\/wp\/v2\/users\/1"}],"replies":[{"embeddable":true,"href":"https:\/\/calatorinromania.com\/index.php?rest_route=%2Fwp%2Fv2%2Fcomments&post=42581"}],"version-history":[{"count":1,"href":"https:\/\/calatorinromania.com\/index.php?rest_route=\/wp\/v2\/posts\/42581\/revisions"}],"predecessor-version":[{"id":42582,"href":"https:\/\/calatorinromania.com\/index.php?rest_route=\/wp\/v2\/posts\/42581\/revisions\/42582"}],"wp:featuredmedia":[{"embeddable":true,"href":"https:\/\/calatorinromania.com\/index.php?rest_route=\/wp\/v2\/media\/40536"}],"wp:attachment":[{"href":"https:\/\/calatorinromania.com\/index.php?rest_route=%2Fwp%2Fv2%2Fmedia&parent=42581"}],"wp:term":[{"taxonomy":"category","embeddable":true,"href":"https:\/\/calatorinromania.com\/index.php?rest_route=%2Fwp%2Fv2%2Fcategories&post=42581"},{"taxonomy":"post_tag","embeddable":true,"href":"https:\/\/calatorinromania.com\/index.php?rest_route=%2Fwp%2Fv2%2Ftags&post=42581"}],"curies":[{"name":"wp","href":"https:\/\/api.w.org\/{rel}","templated":true}]}}