{"id":42571,"date":"2025-10-14T10:22:35","date_gmt":"2025-10-14T10:22:35","guid":{"rendered":"https:\/\/calatorinromania.com\/?p=42571"},"modified":"2025-10-14T10:22:35","modified_gmt":"2025-10-14T10:22:35","slug":"studentul-care-si-a-pierdut-examenul-dupa-ce-a-salvat-un-presedinte-inconstient","status":"publish","type":"post","link":"https:\/\/calatorinromania.com\/?p=42571","title":{"rendered":"Studentul care \u0219i-a pierdut examenul dup\u0103 ce a salvat un pre\u0219edinte incon\u0219tient\u2026"},"content":{"rendered":"\n<p>\u00cen ziua urm\u0103toare, Eduard s-a trezit devreme. Nu avea cursuri, nici obliga\u021bii, dar somnul \u00eel p\u0103r\u0103sise. A deschis geamul \u0219i a privit spre ora\u0219ul cenu\u0219iu, acoperit de o ploaie m\u0103runt\u0103. Se sim\u021bea gol, dar undeva \u00een ad\u00e2ncul lui \u0219tia c\u0103 f\u0103cuse ceea ce trebuia.<\/p>\n\n\n\n<p><\/p>\n\n\n\n<p>Pe mas\u0103, printre foi ude \u0219i pixuri f\u0103r\u0103 cerneal\u0103, telefonul a vibrat din nou. De data asta, era un num\u0103r necunoscut. Ezit\u0103 c\u00e2teva secunde, apoi r\u0103spunse.<\/p>\n\n\n\n<p><\/p>\n\n\n\n<p>\u2014 Domnul Eduard Mihai? \u00eentreb\u0103 o voce grav\u0103, dar calm\u0103.<\/p>\n\n\n\n<p><br>\u2014 Da, eu sunt.<\/p>\n\n\n\n<p><br>\u2014 A\u021bi salvat via\u021ba pre\u0219edintelui companiei \u201eDacia Holdings\u201d. Omul c\u0103ruia i-a\u021bi f\u0103cut resuscitare pe strad\u0103. E con\u0219tient acum \u0219i vrea s\u0103 v\u0103 vad\u0103.<\/p>\n\n\n\n<p><\/p>\n\n\n\n<p>Eduard r\u0103mase f\u0103r\u0103 cuvinte. \u00cei venea s\u0103 cread\u0103 c\u0103 e o glum\u0103.<\/p>\n\n\n\n<p><\/p>\n\n\n\n<p>Dou\u0103 ore mai t\u00e2rziu, se afla \u00een holul unui spital privat. Aerul mirosea a dezinfectant \u0219i a cafea proasp\u0103t\u0103. C\u00e2nd a intrat \u00een salon, b\u0103rbatul din acea diminea\u021b\u0103 era \u00eentins pe pat, cu fa\u021ba palid\u0103, dar cu un z\u00e2mbet sincer.<\/p>\n\n\n\n<p><\/p>\n\n\n\n<p>\u2014 Tinere, dac\u0103 nu erai tu, acum n-a\u0219 mai fi aici, spuse el, \u00eentinz\u00e2ndu-i m\u00e2na. Te-am c\u0103utat de trei zile.<\/p>\n\n\n\n<p><\/p>\n\n\n\n<p>Eduard a dat din cap ru\u0219inat, f\u0103r\u0103 s\u0103 \u0219tie ce s\u0103 spun\u0103.<\/p>\n\n\n\n<p><br>\u2014 N-am f\u0103cut nimic special\u2026 doar ce era normal.<\/p>\n\n\n\n<p><br>\u2014 Normal? z\u00e2mbi b\u0103rbatul. \u00centr-o lume \u00een care to\u021bi scot telefonul s\u0103 filmeze \u00een loc s\u0103 ajute, ceea ce ai f\u0103cut tu e extraordinar.<\/p>\n\n\n\n<p><\/p>\n\n\n\n<p>Dup\u0103 c\u00e2teva minute de vorb\u0103, omul i-a spus ceva ce avea s\u0103-i schimbe via\u021ba.<\/p>\n\n\n\n<p><br>\u2014 Eu am fondat o funda\u021bie pentru tineri care merit\u0103 o a doua \u0219ans\u0103. Vreau s\u0103 te sprijin s\u0103-\u021bi termini facultatea. Toate taxele, c\u0103r\u021bile, totul pe cheltuiala mea. \u0218i\u2026 dac\u0103 vrei, c\u00e2nd termini, te a\u0219tept s\u0103 lucrezi la mine.<\/p>\n\n\n\n<p><\/p>\n\n\n\n<p>Eduard a sim\u021bit cum i se umezes ochii. Dup\u0103 at\u00e2tea zile de disperare, cuvintele acelea i-au luminat sufletul.<\/p>\n\n\n\n<p><\/p>\n\n\n\n<p>C\u00e2teva luni mai t\u00e2rziu, \u00ee\u0219i d\u0103dea licen\u021ba. Sala era plin\u0103, iar printre invita\u021bi, pe primul r\u00e2nd, st\u0103tea acela\u0219i om \u00een costum gri, z\u00e2mbind m\u00e2ndru. C\u00e2nd Eduard a primit diploma, aplauzele au umplut sala.<\/p>\n\n\n\n<p>Mai t\u00e2rziu, \u00een curtea universit\u0103\u021bii, prietenii l-au \u00eentrebat dac\u0103 regret\u0103 c\u0103 a pierdut examenul \u00een ziua aceea.<\/p>\n\n\n\n<p>El a z\u00e2mbit larg.<br>\u2014 Nu. Am pierdut un examen, dar am c\u00e2\u0219tigat o lec\u021bie despre via\u021b\u0103. Uneori, trebuie s\u0103 pierzi tot ca s\u0103 prime\u0219ti mai mult dec\u00e2t ai visat vreodat\u0103.<\/p>\n\n\n\n<p>\u0218i, privind cerul senin, a \u00een\u021beles c\u0103 uneori destinul are propriul lui mod de a-\u021bi deschide u\u0219a potrivit\u0103 \u2014 chiar dac\u0103 mai \u00eent\u00e2i \u021bi-o tr\u00e2nte\u0219te pe cea gre\u0219it\u0103.<\/p>\n\n\n\n<p><em>Aceast\u0103 lucrare este inspirat\u0103 din evenimente \u0219i persoane reale, \u00eens\u0103 a fost fic\u021bionalizat\u0103 \u00een scopuri creative. Numele, personajele \u0219i detaliile au fost schimbate pentru a proteja intimitatea \u0219i pentru a \u00eembun\u0103t\u0103\u021bi nara\u021biunea. Orice asem\u0103nare cu persoane reale, \u00een via\u021b\u0103 sau decedate, sau cu evenimente reale este pur \u00eent\u00e2mpl\u0103toare \u0219i nu este inten\u021bionat\u0103 de c\u0103tre autor.<\/em><\/p>\n\n\n\n<p><em>Autorul \u0219i editorul nu \u00ee\u0219i asum\u0103 responsabilitatea pentru exactitatea evenimentelor sau pentru modul \u00een care sunt portretizate personajele \u0219i nu sunt r\u0103spunz\u0103tori pentru eventuale interpret\u0103ri gre\u0219ite. Aceast\u0103 poveste este oferit\u0103 \u201eca atare\u201d, iar orice opinii exprimate apar\u021bin personajelor \u0219i nu reflect\u0103 punctele de vedere ale autorului sau ale editorului.<\/em><\/p>\n\n\n\n<p><a href=\"https:\/\/www.pinterest.com\/pin\/create\/button\/?url=https%3A%2F%2Fbumzi.ro%2F%3Fp%3D8808&amp;description=Studentul+care+%C8%99i-a+pierdut+examenul+dup%C4%83+ce+a+salvat+un+pre%C8%99edinte+incon%C8%99tient%E2%80%A6\" target=\"_blank\" rel=\"noreferrer noopener\"><\/a><\/p>\n\n\n\n<p><a href=\"https:\/\/www.facebook.com\/sharer\/sharer.php?u=https%3A%2F%2Fbumzi.ro%2F%3Fp%3D8808\" target=\"_blank\" rel=\"noreferrer noopener\"><\/a><\/p>\n\n\n\n<p><a href=\"https:\/\/twitter.com\/intent\/tweet?url=https%3A%2F%2Fbumzi.ro%2F%3Fp%3D8808&amp;text=Studentul+care+%C8%99i-a+pierdut+examenul+dup%C4%83+ce+a+salvat+un+pre%C8%99edinte+incon%C8%99tient%E2%80%A6\" target=\"_blank\" rel=\"noreferrer noopener\"><\/a><a href=\"https:\/\/bumzi.ro\/?p=8805\"><\/a><\/p>\n","protected":false},"excerpt":{"rendered":"<p>\u00cen ziua urm\u0103toare, Eduard s-a trezit devreme. Nu avea cursuri, nici obliga\u021bii, dar somnul \u00eel p\u0103r\u0103sise. A deschis geamul \u0219i a privit spre ora\u0219ul cenu\u0219iu,<\/p>\n","protected":false},"author":1,"featured_media":40496,"comment_status":"closed","ping_status":"closed","sticky":false,"template":"","format":"standard","meta":[],"categories":[1],"tags":[],"_links":{"self":[{"href":"https:\/\/calatorinromania.com\/index.php?rest_route=\/wp\/v2\/posts\/42571"}],"collection":[{"href":"https:\/\/calatorinromania.com\/index.php?rest_route=\/wp\/v2\/posts"}],"about":[{"href":"https:\/\/calatorinromania.com\/index.php?rest_route=\/wp\/v2\/types\/post"}],"author":[{"embeddable":true,"href":"https:\/\/calatorinromania.com\/index.php?rest_route=\/wp\/v2\/users\/1"}],"replies":[{"embeddable":true,"href":"https:\/\/calatorinromania.com\/index.php?rest_route=%2Fwp%2Fv2%2Fcomments&post=42571"}],"version-history":[{"count":1,"href":"https:\/\/calatorinromania.com\/index.php?rest_route=\/wp\/v2\/posts\/42571\/revisions"}],"predecessor-version":[{"id":42572,"href":"https:\/\/calatorinromania.com\/index.php?rest_route=\/wp\/v2\/posts\/42571\/revisions\/42572"}],"wp:featuredmedia":[{"embeddable":true,"href":"https:\/\/calatorinromania.com\/index.php?rest_route=\/wp\/v2\/media\/40496"}],"wp:attachment":[{"href":"https:\/\/calatorinromania.com\/index.php?rest_route=%2Fwp%2Fv2%2Fmedia&parent=42571"}],"wp:term":[{"taxonomy":"category","embeddable":true,"href":"https:\/\/calatorinromania.com\/index.php?rest_route=%2Fwp%2Fv2%2Fcategories&post=42571"},{"taxonomy":"post_tag","embeddable":true,"href":"https:\/\/calatorinromania.com\/index.php?rest_route=%2Fwp%2Fv2%2Ftags&post=42571"}],"curies":[{"name":"wp","href":"https:\/\/api.w.org\/{rel}","templated":true}]}}