{"id":42567,"date":"2025-10-14T10:09:12","date_gmt":"2025-10-14T10:09:12","guid":{"rendered":"https:\/\/calatorinromania.com\/?p=42567"},"modified":"2025-10-14T10:09:12","modified_gmt":"2025-10-14T10:09:12","slug":"parintii-mei-i-au-dat-surorii-mele-mostenirea-mea-de-10-milioane-de-dolari-si-mi-au-spus-sa-plec-imediat-din-casa","status":"publish","type":"post","link":"https:\/\/calatorinromania.com\/?p=42567","title":{"rendered":"P\u0103rin\u021bii mei i-au dat surorii mele mo\u0219tenirea mea de 10 milioane de dolari \u0219i mi-au spus s\u0103 plec imediat din cas\u0103."},"content":{"rendered":"\n<p>Ploaia se rev\u0103rsa peste umerii Vanessei, rece \u0219i t\u0103ioas\u0103, dar nimic nu mai durea mai tare dec\u00e2t tr\u0103darea propriilor p\u0103rin\u021bi. St\u0103tea \u00een mijlocul aleii, cu bagajul desf\u0103cut, hainele ude \u0219i ochii plini de lacrimi amestecate cu ploaie. \u00cen acel moment, \u00ee\u0219i aminti de vorbele bunicului Thomas, spuse \u00eentr-o sear\u0103 lini\u0219tit\u0103 pe iaht:<\/p>\n\n\n\n<p><br>\u2014\u00a0<em>\u201eDac\u0103 \u00eentr-o zi se vor \u00eentoarce to\u021bi \u00eempotriva ta, caut\u0103 \u00een tabloul din biroul meu. Vei g\u0103si acolo tot ce ai nevoie.\u201d<\/em><\/p>\n\n\n\n<p><\/p>\n\n\n\n<p>A\u0219a c\u0103, f\u0103r\u0103 s\u0103 mai ezite, Vanessa a pornit \u00eenapoi spre cas\u0103 \u2014 nu prin u\u0219a principal\u0103, ci prin sera veche, pe care doar ea \u0219i bunicul o foloseau. Cu p\u0103rul ud lipit de fa\u021b\u0103, s-a strecurat printr-un geam mic, ferindu-se de lumina din hol.<\/p>\n\n\n\n<p><\/p>\n\n\n\n<p>Biroul bunicului era exact cum \u0219i-l amintea: miros de lemn vechi, c\u0103r\u021bi groase \u0219i tabloul lui preferat, un portret marin, cu o corabie \u00een furtun\u0103. Vanessa a ridicat rama \u0219i a g\u0103sit \u00een spate un mic seif metalic. Cuno\u0219tea combina\u021bia \u2014 data primei lor regate \u00eempreun\u0103. Cu m\u00e2inile tremur\u00e2nde, a rotit cadranul.\u00a0<em>Click.<\/em><\/p>\n\n\n\n<p><\/p>\n\n\n\n<p>\u00cen\u0103untru era un dosar sub\u021bire, o cheie \u0219i un plic galben, pe care scria simplu:\u00a0<strong>\u201ePentru Vanessa, c\u00e2nd totul se va destr\u0103ma.\u201d<\/strong><\/p>\n\n\n\n<p><\/p>\n\n\n\n<p>A rupt plicul \u0219i a g\u0103sit o scrisoare.<\/p>\n\n\n\n<p><\/p>\n\n\n\n<blockquote class=\"wp-block-quote\">\n<p><em>Draga mea,<br>Am prev\u0103zut c\u0103 gelozia \u0219i setea de putere vor distruge familia noastr\u0103. P\u0103rin\u021bii t\u0103i nu \u0219tiu c\u0103 ac\u021biunile mele din companie sunt deja puse pe numele t\u0103u \u00eentr-un trust independent. Ei nu pot atinge niciun ban f\u0103r\u0103 semn\u0103tura ta. Cheia din acest plic deschide cutia de valori de la banca central\u0103. Acolo sunt toate documentele legale \u0219i, mai important, o scrisoare c\u0103tre consiliul Montgomery Enterprises. Dac\u0103 vei ajunge vreodat\u0103 singur\u0103, mergi la domnul Everett, avocatul meu personal. El \u0219tie totul.<br>Cu dragoste \u0219i \u00eencredere,<br>Bunicul t\u0103u, Thomas.<\/em><\/p>\n\n\n\n<p><\/p>\n<\/blockquote>\n\n\n\n<p>Vanessa a sim\u021bit cum un val de putere \u00eei str\u0103bate corpul. Nu mai era feti\u021ba respins\u0103 de p\u0103rin\u021bi. Avea \u00een m\u00e2n\u0103 cheia viitorului ei.<\/p>\n\n\n\n<p><\/p>\n\n\n\n<p>A ie\u0219it din cas\u0103 f\u0103r\u0103 zgomot \u0219i a plecat direct spre gara din ora\u0219. Cu ultimii bani din portofel, a luat un taxi spre Hartford. La banca central\u0103, un func\u021bionar b\u0103tr\u00e2n a z\u00e2mbit c\u00e2nd i-a v\u0103zut cheia.<br>\u2014 A, sunte\u021bi domni\u0219oara Montgomery. Domnul Everett m-a avertizat c\u0103 \u00eentr-o zi ve\u021bi veni.<\/p>\n\n\n\n<p>Cutia con\u021binea un alt plic, c\u00e2teva acte \u0219i un stick USB. C\u00e2nd l-a conectat la laptopul avocatului Everett, ecranul s-a luminat cu logo-ul Montgomery Enterprises. Everett, un b\u0103rbat calm, cu ochelari \u0219i o voce bl\u00e2nd\u0103, i-a spus:<br>\u2014 Vanessa, bunicul t\u0103u a fost un om vizionar. A \u0219tiut c\u0103 p\u0103rin\u021bii t\u0103i vor \u00eencerca s\u0103 controleze tot. Dar el \u021bi-a l\u0103sat 51% din companie, printr-un sistem de vot digital activ doar \u00een numele t\u0103u. Practic&#8230; e\u0219ti noul CEO.<\/p>\n\n\n\n<p>Vanessa a r\u0103mas f\u0103r\u0103 cuvinte.<br>\u2014 Eu? Dar ei m-au dat afar\u0103 din cas\u0103&#8230;<br>\u2014 Cu at\u00e2t mai bine, a z\u00e2mbit Everett. Acum e timpul s\u0103 le ar\u0103\u021bi cine e\u0219ti cu adev\u0103rat.<\/p>\n\n\n\n<hr class=\"wp-block-separator has-alpha-channel-opacity\"\/>\n\n\n\n<p>Dou\u0103 zile mai t\u00e2rziu, familia Montgomery a fost convocat\u0103 la sediul central al companiei. Rebecca \u0219i William au intrat plini de \u00eencredere, \u00eenso\u021bi\u021bi de Claire, care purta o rochie scump\u0103 \u0219i un z\u00e2mbet superior. C\u00e2nd u\u0219a s-a deschis \u0219i Vanessa a p\u0103\u0219it \u00een sal\u0103, elegant\u0103, cu p\u0103rul str\u00e2ns \u0219i privirea sigur\u0103, lini\u0219tea s-a f\u0103cut total\u0103.<\/p>\n\n\n\n<p>\u2014 Ce cau\u021bi aici? a izbucnit mama ei.<br>\u2014 Aici unde \u00eemi este locul, a r\u0103spuns Vanessa calm.<\/p>\n\n\n\n<p>Avocatul Everett s-a ridicat \u0219i a pus pe mas\u0103 documentele.<br>\u2014 \u00cen baza testamentului domnului Thomas Montgomery, ac\u021biunile majoritare \u0219i dreptul de decizie \u00een companie apar\u021bin doamnei Vanessa Montgomery.<\/p>\n\n\n\n<p>Fe\u021bele lor s-au schimbat instantaneu. Claire a \u00eenlemnit. Tat\u0103l a \u00eenceput s\u0103 \u021bipe:<br>\u2014 Asta e o gre\u0219eal\u0103! Noi suntem p\u0103rin\u021bii ei!<br>\u2014 Poate, a spus Vanessa, dar bunicul \u0219tia exact ce face. A\u021bi \u00eencercat s\u0103 m\u0103 distruge\u021bi, s\u0103-mi lua\u021bi totul. Dar tot ce a\u021bi vrut pentru voi&#8230; acum \u00eemi apar\u021bine mie.<\/p>\n\n\n\n<p>Rebecca s-a pr\u0103bu\u0219it pe scaun, alb\u0103 ca varul.<br>\u2014 Tu nu po\u021bi conduce o companie!<br>\u2014 Poate nu singur\u0103, dar am \u00eenv\u0103\u021bat de la cel mai bun, i-a r\u0103spuns Vanessa. \u0218i spre deosebire de voi, eu am inim\u0103.<\/p>\n\n\n\n<p>Apoi a \u00eentors dosarul c\u0103tre avocat.<br>\u2014 \u00cencep\u00e2nd de azi, p\u0103rin\u021bii mei \u0219i sora mea sunt exclu\u0219i din toate func\u021biile executive. Li se retrage accesul la fondurile companiei.<\/p>\n\n\n\n<p>Tat\u0103l ei s-a ridicat furios:<br>\u2014 Nu po\u021bi face asta!<br>\u2014 Ba da, a zis ea simplu. Eu de\u021bin 51%.<\/p>\n\n\n\n<p>Lini\u0219tea care a urmat a fost mai grea dec\u00e2t orice strig\u0103t.<\/p>\n\n\n\n<hr class=\"wp-block-separator has-alpha-channel-opacity\"\/>\n\n\n\n<p>\u00cen lunile urm\u0103toare, Vanessa a transformat compania. A deschis funda\u021bii pentru tineri antreprenori, a investit \u00een mediu \u0219i a donat o parte din profituri spitalelor. Presa a \u00eenceput s\u0103 vorbeasc\u0103 despre&nbsp;<em>\u201enoua Montgomery care a \u00eentors mo\u0219tenirea \u00een lumin\u0103.\u201d<\/em><\/p>\n\n\n\n<p>\u00centr-o zi, \u00een fa\u021ba biroului ei a ap\u0103rut o femeie obosit\u0103, cu haine modeste \u2014 era mama ei.<br>\u2014 Vanessa&#8230; tat\u0103l t\u0103u e bolnav. Claire a plecat, nu mai avem bani&#8230;<br>Vanessa a t\u0103cut o clip\u0103, apoi a spus calm:<br>\u2014 V-am avertizat c\u0103 o s\u0103 regreta\u021bi.<\/p>\n\n\n\n<p>Rebecca a izbucnit \u00een lacrimi:<br>\u2014 \u0218tiu&#8230; am gre\u0219it. Am fost orbi.<\/p>\n\n\n\n<p>Vanessa s-a uitat la ea lung. O parte din ea voia s\u0103 \u00eenchid\u0103 u\u0219a \u0219i s\u0103 uite totul, dar \u0219i-a amintit din nou de bunicul \u0219i de lec\u021biile lui.<br>\u2014 Bunicul m-a \u00eenv\u0103\u021bat c\u0103 puterea f\u0103r\u0103 compasiune nu valoreaz\u0103 nimic, a spus ea. V\u0103 voi ajuta, dar nu ca fiica supus\u0103. Ci ca omul care a \u00eenv\u0103\u021bat ce \u00eenseamn\u0103 demnitatea.<\/p>\n\n\n\n<p>A semnat un document \u0219i i l-a \u00eentins mamei.<br>\u2014 O locuin\u021b\u0103 modest\u0103, un venit lunar. At\u00e2t. Restul trebuie s\u0103-l reconstrui\u021bi singuri.<\/p>\n\n\n\n<p>Rebecca i-a luat m\u00e2na, pl\u00e2ng\u00e2nd.<br>\u2014 \u00ce\u021bi mul\u021bumesc&#8230;<\/p>\n\n\n\n<p>Vanessa a z\u00e2mbit u\u0219or.<br>\u2014 Nu-mi mul\u021bumi. Mul\u021bume\u0219te-i lui bunicul. El a v\u0103zut ceva \u00een mine ce voi nu a\u021bi vrut s\u0103 vede\u021bi.<\/p>\n\n\n\n<hr class=\"wp-block-separator has-alpha-channel-opacity\"\/>\n\n\n\n<p>C\u00e2teva luni mai t\u00e2rziu, Vanessa st\u0103tea pe terasa vilei de pe malul lacului \u2014 casa bunicului, restaurat\u0103 cu grij\u0103. V\u00e2ntul \u00eei mi\u0219ca p\u0103rul, iar soarele apunea peste ap\u0103. \u00cen t\u0103cerea aceea cald\u0103, a auzit parc\u0103 vocea lui:<br>\u2014&nbsp;<em>\u201eAi reu\u0219it, feti\u021ba mea. \u021ai-ai g\u0103sit drumul.\u201d<\/em><\/p>\n\n\n\n<p>Vanessa a z\u00e2mbit. Nu mai era fata alungat\u0103 din propria cas\u0103. Era femeia care \u00eenv\u0103\u021base c\u0103 uneori cea mai dulce r\u0103zbunare e s\u0103 r\u0103m\u00e2i demn \u0219i s\u0103-\u021bi urmezi calea cu capul sus.<\/p>\n\n\n\n<p>\u0218i undeva, \u00een spatele acelui apus, parc\u0103 \u0219i bunicul Thomas z\u00e2mbea.<\/p>\n","protected":false},"excerpt":{"rendered":"<p>Ploaia se rev\u0103rsa peste umerii Vanessei, rece \u0219i t\u0103ioas\u0103, dar nimic nu mai durea mai tare dec\u00e2t tr\u0103darea propriilor p\u0103rin\u021bi. St\u0103tea \u00een mijlocul aleii, cu<\/p>\n","protected":false},"author":1,"featured_media":40654,"comment_status":"closed","ping_status":"closed","sticky":false,"template":"","format":"standard","meta":[],"categories":[1],"tags":[],"_links":{"self":[{"href":"https:\/\/calatorinromania.com\/index.php?rest_route=\/wp\/v2\/posts\/42567"}],"collection":[{"href":"https:\/\/calatorinromania.com\/index.php?rest_route=\/wp\/v2\/posts"}],"about":[{"href":"https:\/\/calatorinromania.com\/index.php?rest_route=\/wp\/v2\/types\/post"}],"author":[{"embeddable":true,"href":"https:\/\/calatorinromania.com\/index.php?rest_route=\/wp\/v2\/users\/1"}],"replies":[{"embeddable":true,"href":"https:\/\/calatorinromania.com\/index.php?rest_route=%2Fwp%2Fv2%2Fcomments&post=42567"}],"version-history":[{"count":1,"href":"https:\/\/calatorinromania.com\/index.php?rest_route=\/wp\/v2\/posts\/42567\/revisions"}],"predecessor-version":[{"id":42568,"href":"https:\/\/calatorinromania.com\/index.php?rest_route=\/wp\/v2\/posts\/42567\/revisions\/42568"}],"wp:featuredmedia":[{"embeddable":true,"href":"https:\/\/calatorinromania.com\/index.php?rest_route=\/wp\/v2\/media\/40654"}],"wp:attachment":[{"href":"https:\/\/calatorinromania.com\/index.php?rest_route=%2Fwp%2Fv2%2Fmedia&parent=42567"}],"wp:term":[{"taxonomy":"category","embeddable":true,"href":"https:\/\/calatorinromania.com\/index.php?rest_route=%2Fwp%2Fv2%2Fcategories&post=42567"},{"taxonomy":"post_tag","embeddable":true,"href":"https:\/\/calatorinromania.com\/index.php?rest_route=%2Fwp%2Fv2%2Ftags&post=42567"}],"curies":[{"name":"wp","href":"https:\/\/api.w.org\/{rel}","templated":true}]}}