{"id":42563,"date":"2025-10-14T09:53:13","date_gmt":"2025-10-14T09:53:13","guid":{"rendered":"https:\/\/calatorinromania.com\/?p=42563"},"modified":"2025-10-14T09:53:13","modified_gmt":"2025-10-14T09:53:13","slug":"continuarea-aici-27","status":"publish","type":"post","link":"https:\/\/calatorinromania.com\/?p=42563","title":{"rendered":"Continuarea aici&#8230;"},"content":{"rendered":"\n<p><\/p>\n\n\n\n<p>C\u00e2nd le-am spus celor apropia\u021bi, am v\u0103zut \u00een ochii lor ceva care a durut mai tare dec\u00e2t singur\u0103tatea\u2026<\/p>\n\n\n\n<p>Nu era mil\u0103. Era judecat\u0103.<\/p>\n\n\n\n<p><\/p>\n\n\n\n<p>\u201eA\u0219a b\u0103tr\u00e2n\u0103 \u0219i te mai apuci de f\u0103cut copii?\u201d<\/p>\n\n\n\n<p><\/p>\n\n\n\n<p>\u201e\u00ce\u021bi distrugi via\u021ba!\u201d<\/p>\n\n\n\n<p><\/p>\n\n\n\n<p>\u201eO s\u0103 ajungi la \u0219coal\u0103 la serb\u0103ri \u0219i o s\u0103 cread\u0103 to\u021bi c\u0103 e\u0219ti bunica!\u201d<\/p>\n\n\n\n<p><\/p>\n\n\n\n<p>Dar cel mai tare m-a lovit replica fiicei mele, de 24 de ani:<\/p>\n\n\n\n<p><\/p>\n\n\n\n<p>\u2014 Mam\u0103\u2026 dar noi? Noi nu mai suntem de ajuns pentru tine?<\/p>\n\n\n\n<p><\/p>\n\n\n\n<p>A fost ca un cu\u021bit \u00een inim\u0103. A trebuit s\u0103 respir ad\u00e2nc, ca s\u0103 nu izbucnesc.<\/p>\n\n\n\n<p><\/p>\n\n\n\n<p>\u2014 Sunte\u021bi totul pentru mine, i-am spus. Dar asta\u2026 asta nu e un capriciu. E via\u021b\u0103.<\/p>\n\n\n\n<p><\/p>\n\n\n\n<p>A doua zi, m-am dus singur\u0103 la prima ecografie. Eram hot\u0103r\u00e2t\u0103 s\u0103 fiu puternic\u0103. Am stat pe patul rece, cu ochii \u00een tavan, refuz\u00e2nd s\u0103 pl\u00e2ng. \u0218i atunci\u2026<\/p>\n\n\n\n<p>\u201eUita\u021bi-l. Se mi\u0219c\u0103 frumos.\u201d<\/p>\n\n\n\n<p>Pe ecran, o form\u0103 minuscul\u0103 tremura ca o lic\u0103rire de lumin\u0103. At\u00e2t de fragil\u0103\u2026 dar at\u00e2t de vie.<\/p>\n\n\n\n<p>Atunci am sim\u021bit primul fior de iubire adev\u0103rat\u0103.<\/p>\n\n\n\n<p>Nu era o gre\u0219eal\u0103. Nu era o ru\u0219ine. Era un miracol. Al meu.<\/p>\n\n\n\n<hr class=\"wp-block-separator has-alpha-channel-opacity\"\/>\n\n\n\n<p>Am \u00eenceput s\u0103 vorbesc cu el seara, ca o nebun\u0103. \u00cei spuneam tot ce nu aveam curaj s\u0103 spun oamenilor mari:<\/p>\n\n\n\n<p>\u201eNu \u0219tiu dac\u0103 o s\u0103 mai pot dormi nop\u021bi \u00eentregi\u2026 dar voi veghea peste tine.\u201d<\/p>\n\n\n\n<p>\u201eNu \u0219tiu dac\u0103 o s\u0103 pot s\u0103 te alerg prin parc\u2026 dar o s\u0103 te \u00eenv\u0103\u021b s\u0103 vezi frumosul din orice frunz\u0103.\u201d<\/p>\n\n\n\n<p>\u201ePoate al\u021bii spun c\u0103 sunt prea b\u0103tr\u00e2n\u0103\u2026 dar pentru tine voi fi mereu \u00eenceputul.\u201d<\/p>\n\n\n\n<p>\u0218i, pe m\u0103sur\u0103 ce vorbeam, \u00eemi d\u0103deam seama c\u0103 nu el avea nevoie s\u0103 m\u0103 aud\u0103.<\/p>\n\n\n\n<p>Eu aveam nevoie.<\/p>\n\n\n\n<hr class=\"wp-block-separator has-alpha-channel-opacity\"\/>\n\n\n\n<p>\u00cen timp, s-a \u00eent\u00e2mplat ceva la care nu m\u0103 a\u0219teptam: cei care m\u0103 judecaser\u0103\u2026 au \u00eenceput s\u0103 se schimbe.<\/p>\n\n\n\n<p>Fiica mea a venit \u00eentr-o zi la mine, timid\u0103.<\/p>\n\n\n\n<p>\u2014 Mam\u0103\u2026 dac\u0103 e feti\u021b\u0103\u2026 o cheam\u0103 Iris? Era numele preferat al bunicii\u2026<\/p>\n\n\n\n<p>Am pl\u00e2ns. Am\u00e2ndou\u0103.<\/p>\n\n\n\n<p>Fiul meu, care nu comentase nimic p\u00e2n\u0103 atunci, mi-a adus \u00eentr-o zi un pachet.<\/p>\n\n\n\n<p>\u2014 Pentru c\u00e2nd o s\u0103 o plimbi. E din banii mei. Nu e cel mai scump c\u0103rucior\u2026 dar e bun.<\/p>\n\n\n\n<p>L-am \u00eembr\u0103\u021bi\u0219at str\u00e2ns.<\/p>\n\n\n\n<p>\u0218i sora mea \u2013 cea care \u00eemi spusese \u201eCe-o s\u0103 zic\u0103 lumea?\u201d \u2013 a venit \u00eentr-o zi cu un sac plin de h\u0103inu\u021be tricotate manual.<\/p>\n\n\n\n<p>\u2014 \u0218tii ce? S\u0103 zic\u0103 lumea ce vrea. S\u0103 ne lase \u00een pace.<\/p>\n\n\n\n<hr class=\"wp-block-separator has-alpha-channel-opacity\"\/>\n\n\n\n<p>Iar c\u00e2nd a venit ziua na\u0219terii, am \u00een\u021beles c\u0103 via\u021ba nu se termin\u0103 la patruzeci, nici la cincizeci. Se termin\u0103 doar atunci c\u00e2nd \u00eencet\u0103m s\u0103 mai iubim.<\/p>\n\n\n\n<p>Am n\u0103scut o feti\u021b\u0103 perfect s\u0103n\u0103toas\u0103.<\/p>\n\n\n\n<p>C\u00e2nd mi-au pus-o \u00een bra\u021be, nu m-am g\u00e2ndit nicio clip\u0103 la ridurile mele, la anii mei, la judec\u0103\u021bile altora.<\/p>\n\n\n\n<p>Am spus doar at\u00e2t:<\/p>\n\n\n\n<p>\u2014 Bine ai venit, minunea mea t\u00e2rzie. Am crezut c\u0103 sunt la cap\u0103t\u2026 dar tu e\u0219ti, de fapt, un nou \u00eenceput.<\/p>\n\n\n\n<hr class=\"wp-block-separator has-alpha-channel-opacity\"\/>\n\n\n\n<p><strong>Morala?<\/strong><br>Nu exist\u0103 \u201eprea t\u00e2rziu\u201d atunci c\u00e2nd inima mai \u0219tie s\u0103 tresar\u0103. Unele binecuv\u00e2nt\u0103ri vin devreme. Altele vin c\u00e2nd nu le mai a\u0219tept\u0103m \u2014 dar atunci ne \u00eenva\u021b\u0103 cel mai mult.<\/p>\n\n\n\n<p>\u0218i dac\u0103 m\u0103 \u00eentrebi acum ce va zice lumea\u2026<\/p>\n\n\n\n<p>\u00ce\u021bi r\u0103spund simplu:<\/p>\n\n\n\n<p><strong>Lumea poate s\u0103 vorbeasc\u0103. Eu am s\u0103 tr\u0103iesc.<\/strong><\/p>\n","protected":false},"excerpt":{"rendered":"<p>C\u00e2nd le-am spus celor apropia\u021bi, am v\u0103zut \u00een ochii lor ceva care a durut mai tare dec\u00e2t singur\u0103tatea\u2026 Nu era mil\u0103. Era judecat\u0103. \u201eA\u0219a b\u0103tr\u00e2n\u0103<\/p>\n","protected":false},"author":1,"featured_media":42565,"comment_status":"closed","ping_status":"closed","sticky":false,"template":"","format":"standard","meta":[],"categories":[1],"tags":[],"_links":{"self":[{"href":"https:\/\/calatorinromania.com\/index.php?rest_route=\/wp\/v2\/posts\/42563"}],"collection":[{"href":"https:\/\/calatorinromania.com\/index.php?rest_route=\/wp\/v2\/posts"}],"about":[{"href":"https:\/\/calatorinromania.com\/index.php?rest_route=\/wp\/v2\/types\/post"}],"author":[{"embeddable":true,"href":"https:\/\/calatorinromania.com\/index.php?rest_route=\/wp\/v2\/users\/1"}],"replies":[{"embeddable":true,"href":"https:\/\/calatorinromania.com\/index.php?rest_route=%2Fwp%2Fv2%2Fcomments&post=42563"}],"version-history":[{"count":1,"href":"https:\/\/calatorinromania.com\/index.php?rest_route=\/wp\/v2\/posts\/42563\/revisions"}],"predecessor-version":[{"id":42566,"href":"https:\/\/calatorinromania.com\/index.php?rest_route=\/wp\/v2\/posts\/42563\/revisions\/42566"}],"wp:featuredmedia":[{"embeddable":true,"href":"https:\/\/calatorinromania.com\/index.php?rest_route=\/wp\/v2\/media\/42565"}],"wp:attachment":[{"href":"https:\/\/calatorinromania.com\/index.php?rest_route=%2Fwp%2Fv2%2Fmedia&parent=42563"}],"wp:term":[{"taxonomy":"category","embeddable":true,"href":"https:\/\/calatorinromania.com\/index.php?rest_route=%2Fwp%2Fv2%2Fcategories&post=42563"},{"taxonomy":"post_tag","embeddable":true,"href":"https:\/\/calatorinromania.com\/index.php?rest_route=%2Fwp%2Fv2%2Ftags&post=42563"}],"curies":[{"name":"wp","href":"https:\/\/api.w.org\/{rel}","templated":true}]}}