{"id":42561,"date":"2025-10-14T09:46:57","date_gmt":"2025-10-14T09:46:57","guid":{"rendered":"https:\/\/calatorinromania.com\/?p=42561"},"modified":"2025-10-14T09:46:58","modified_gmt":"2025-10-14T09:46:58","slug":"in-toiul-noptii-fetita-lui-se-tot-trezea-tipand-si-repetand-cuvinte-precum-nu-ma-doare","status":"publish","type":"post","link":"https:\/\/calatorinromania.com\/?p=42561","title":{"rendered":"\u00cen toiul nop\u021bii, feti\u021ba lui se tot trezea \u021bip\u00e2nd \u0219i repet\u00e2nd cuvinte precum \u201eNu, m\u0103 doare\u201d."},"content":{"rendered":"\n<p>Pe ecran, la \u00eenceput, totul p\u0103rea normal. Elena dormea lini\u0219tit\u0103, cu p\u0103pu\u0219a preferat\u0103 str\u00e2ns\u0103 la piept. Daniel privea atent fiecare secund\u0103, iar inima \u00eei b\u0103tea ca un ciocan.<\/p>\n\n\n\n<p><\/p>\n\n\n\n<p>Apoi, la ora 2:06, feti\u021ba s-a foit u\u0219or. Ochii i s-au deschis, dar nu p\u0103rea treaz\u0103. Se uita \u00eentr-un col\u021b al camerei, acolo unde lumina abia mai atingea peretele. Deodat\u0103, s-a ridicat \u00een fund, privind fix acolo, ca \u0219i cum cineva st\u0103tea \u00een \u00eentuneric.<\/p>\n\n\n\n<p><\/p>\n\n\n\n<p>\u2013 Nu\u2026 nu m\u0103 atinge\u2026 \u2013 a \u0219optit ea.<\/p>\n\n\n\n<p><\/p>\n\n\n\n<p>Daniel sim\u021bea cum transpira\u021bia \u00eei curgea pe spate. \u00cen cadru nu se vedea nimic. Dar Elena \u00ee\u0219i tr\u0103gea p\u0103tura spre ea, de parc\u0103 se ap\u0103ra.<\/p>\n\n\n\n<p><\/p>\n\n\n\n<p>\u2013 Te rog\u2026 m\u0103 doare\u2026 \u2013 vocea ei era plin\u0103 de spaim\u0103.<\/p>\n\n\n\n<p><\/p>\n\n\n\n<p>\u00cen clipa urm\u0103toare, p\u0103pu\u0219a din bra\u021bul ei s-a mi\u0219cat brusc. Foarte u\u0219or, dar clar. Daniel a dat pauz\u0103. A dat \u00eenapoi. S-a uitat din nou. Da, p\u0103pu\u0219a se mi\u0219case.<\/p>\n\n\n\n<p><\/p>\n\n\n\n<p>Un fior rece i-a trecut pe \u0219ira spin\u0103rii. Nu credea \u00een lucruri dincolo de logic\u0103, dar acolo, \u00een fa\u021ba ochilor, era dovada c\u0103 ceva ciudat se \u00eent\u00e2mpla.<\/p>\n\n\n\n<p><\/p>\n\n\n\n<p>A fugit \u00een camera Elenei, a luat p\u0103pu\u0219a \u0219i a aruncat-o \u00een garaj. Toat\u0103 ziua nu s-a putut g\u00e2ndi la altceva. C\u00e2nd a venit seara, a \u00eentrebat-o cu grij\u0103:<\/p>\n\n\n\n<p><br>\u2013 Scumpo, cine e \u00een visul t\u0103u? Cine \u00ee\u021bi face r\u0103u?<\/p>\n\n\n\n<p><br>Elena s-a uitat la el cu ochi mari, umezi.<\/p>\n\n\n\n<p><br>\u2013 O doamn\u0103\u2026 cu rochie neagr\u0103. \u021aip\u0103 la mine s\u0103 nu mai vorbesc.<\/p>\n\n\n\n<p><\/p>\n\n\n\n<p>Daniel a sim\u021bit cum i se str\u00e2nge stomacul. Rochia neagr\u0103. \u00cen urm\u0103 cu trei luni, so\u021bia lui murise \u00eentr-un accident de ma\u0219in\u0103. Rochia neagr\u0103 era cea pe care o purtase la \u00eenmorm\u00e2ntarea bunicii.<\/p>\n\n\n\n<p><\/p>\n\n\n\n<p>\u00cen noaptea urm\u0103toare, Daniel n-a dormit. A stat \u00een camera fetei, pe un scaun, cu lumina slab\u0103 aprins\u0103. La ora 2:12, Elena s-a ridicat iar \u00een pat. Ochii i s-au dat peste cap, iar vocea ei a fost altfel, ca \u0219i cum vorbea altcineva prin ea.<\/p>\n\n\n\n<p><\/p>\n\n\n\n<p>\u2013 Las-o \u00een pace\u2026 te rog\u2026 \u2013 a spus Daniel, ridic\u00e2ndu-se.<\/p>\n\n\n\n<p>Feti\u021ba a \u00eenceput s\u0103 pl\u00e2ng\u0103 f\u0103r\u0103 sunet, doar lacrimile curgeau. Apoi a deschis gura \u0219i a rostit un nume:<br>\u2013 Maria\u2026<\/p>\n\n\n\n<p>Era numele mamei ei.<\/p>\n\n\n\n<p>\u00cen acel moment, veioza s-a stins singur\u0103. Daniel a r\u0103mas \u00eempietrit, iar camera s-a umplut de un frig ciudat. \u00cen lini\u0219tea aceea dens\u0103, a sim\u021bit un miros familiar \u2013 parfumul so\u021biei sale.<\/p>\n\n\n\n<p>\u0218i atunci a \u00een\u021beles. Elena nu era b\u00e2ntuit\u0103 de un co\u0219mar, ci de amintirea unei desp\u0103r\u021biri pe care sufletul ei mic nu o putea \u00een\u021belege.<\/p>\n\n\n\n<p>A luat-o \u00een bra\u021be \u0219i a \u00eenceput s\u0103-i vorbeasc\u0103 bl\u00e2nd, ca atunci c\u00e2nd era bebelu\u0219:<br>\u2013 E bine, iubirea mea. Mama te iube\u0219te. Nu te doare nimic acum.<\/p>\n\n\n\n<p>Pe m\u0103sur\u0103 ce-i repeta cuvintele, trupul feti\u021bei s-a relaxat. C\u00e2nd s-a luminat de ziu\u0103, Elena dormea lini\u0219tit\u0103 pentru prima dat\u0103 dup\u0103 multe nop\u021bi.<\/p>\n\n\n\n<p>Daniel a deschis geamul, iar aerul dimine\u021bii a intrat \u00een camer\u0103, mirosind a tei \u0219i a lini\u0219te. S-a uitat spre cer \u0219i a \u0219optit:<br>\u2013 Mul\u021bumesc, Maria\u2026<\/p>\n\n\n\n<p>Din acea zi, Elena n-a mai avut niciun co\u0219mar. Iar Daniel a \u00eenv\u0103\u021bat c\u0103 uneori, r\u0103spunsurile nu se g\u0103sesc \u00een fric\u0103, ci \u00een iubirea care r\u0103m\u00e2ne \u2013 chiar \u0219i dup\u0103 ce cineva pleac\u0103.<\/p>\n\n\n\n<p><em>Aceast\u0103 lucrare este inspirat\u0103 din evenimente \u0219i persoane reale, \u00eens\u0103 a fost fic\u021bionalizat\u0103 \u00een scopuri creative. Numele, personajele \u0219i detaliile au fost schimbate pentru a proteja intimitatea \u0219i pentru a \u00eembun\u0103t\u0103\u021bi nara\u021biunea. Orice asem\u0103nare cu persoane reale, \u00een via\u021b\u0103 sau decedate, sau cu evenimente reale este pur \u00eent\u00e2mpl\u0103toare \u0219i nu este inten\u021bionat\u0103 de c\u0103tre autor.<\/em><\/p>\n\n\n\n<p><em>Autorul \u0219i editorul nu \u00ee\u0219i asum\u0103 responsabilitatea pentru exactitatea evenimentelor sau pentru modul \u00een care sunt portretizate personajele \u0219i nu sunt r\u0103spunz\u0103tori pentru eventuale interpret\u0103ri gre\u0219ite. Aceast\u0103 poveste este oferit\u0103 \u201eca atare\u201d, iar orice opinii exprimate apar\u021bin personajelor \u0219i nu reflect\u0103 punctele de vedere ale autorului sau ale editorului.<\/em><\/p>\n","protected":false},"excerpt":{"rendered":"<p>Pe ecran, la \u00eenceput, totul p\u0103rea normal. Elena dormea lini\u0219tit\u0103, cu p\u0103pu\u0219a preferat\u0103 str\u00e2ns\u0103 la piept. Daniel privea atent fiecare secund\u0103, iar inima \u00eei b\u0103tea<\/p>\n","protected":false},"author":1,"featured_media":40651,"comment_status":"closed","ping_status":"closed","sticky":false,"template":"","format":"standard","meta":[],"categories":[1],"tags":[],"_links":{"self":[{"href":"https:\/\/calatorinromania.com\/index.php?rest_route=\/wp\/v2\/posts\/42561"}],"collection":[{"href":"https:\/\/calatorinromania.com\/index.php?rest_route=\/wp\/v2\/posts"}],"about":[{"href":"https:\/\/calatorinromania.com\/index.php?rest_route=\/wp\/v2\/types\/post"}],"author":[{"embeddable":true,"href":"https:\/\/calatorinromania.com\/index.php?rest_route=\/wp\/v2\/users\/1"}],"replies":[{"embeddable":true,"href":"https:\/\/calatorinromania.com\/index.php?rest_route=%2Fwp%2Fv2%2Fcomments&post=42561"}],"version-history":[{"count":1,"href":"https:\/\/calatorinromania.com\/index.php?rest_route=\/wp\/v2\/posts\/42561\/revisions"}],"predecessor-version":[{"id":42562,"href":"https:\/\/calatorinromania.com\/index.php?rest_route=\/wp\/v2\/posts\/42561\/revisions\/42562"}],"wp:featuredmedia":[{"embeddable":true,"href":"https:\/\/calatorinromania.com\/index.php?rest_route=\/wp\/v2\/media\/40651"}],"wp:attachment":[{"href":"https:\/\/calatorinromania.com\/index.php?rest_route=%2Fwp%2Fv2%2Fmedia&parent=42561"}],"wp:term":[{"taxonomy":"category","embeddable":true,"href":"https:\/\/calatorinromania.com\/index.php?rest_route=%2Fwp%2Fv2%2Fcategories&post=42561"},{"taxonomy":"post_tag","embeddable":true,"href":"https:\/\/calatorinromania.com\/index.php?rest_route=%2Fwp%2Fv2%2Ftags&post=42561"}],"curies":[{"name":"wp","href":"https:\/\/api.w.org\/{rel}","templated":true}]}}