{"id":42553,"date":"2025-10-14T09:27:44","date_gmt":"2025-10-14T09:27:44","guid":{"rendered":"https:\/\/calatorinromania.com\/?p=42553"},"modified":"2025-10-14T09:27:44","modified_gmt":"2025-10-14T09:27:44","slug":"orasele-din-romania-in-care-ninge-incepand-de-miercuri","status":"publish","type":"post","link":"https:\/\/calatorinromania.com\/?p=42553","title":{"rendered":"Ora\u0219ele din Rom\u00e2nia \u00een care NINGE \u00eencep\u00e2nd de miercuri"},"content":{"rendered":"\n<p><strong>Dup\u0103 un scurt, dar intens prim episod de iarn\u0103, Rom\u00e2nia se preg\u0103te\u0219te s\u0103 cunoasc\u0103 iar efectele r\u0103cirii vremii. Meteorologii Accuweather anun\u021b\u0103 c\u0103, \u00eencep\u00e2nd de miercuri, 15 octombrie 2025, va ninge \u00een c\u00e2teva ora\u0219e din \u021bar\u0103, semn c\u0103 sezonul hibernal se gr\u0103be\u0219te s\u0103-\u0219i fac\u0103 intrarea pe meleagurile noastre.<\/strong><\/p>\n\n\n\n<p><\/p>\n\n\n\n<p id=\"p-1\">Ninsorile vor fi resim\u021bite \u00een special \u00een zonele montane, acolo unde temperaturile vor cobor\u00ee semnificativ \u00een a doua jum\u0103tate a lunii octombrie.<\/p>\n\n\n\n<p><\/p>\n\n\n\n<h2 id=\"chapter-0\">Unde va ninge \u00eencep\u00e2nd de miercuri, 15 octombrie<\/h2>\n\n\n\n<p><\/p>\n\n\n\n<p id=\"p-2\">De exemplu, la Predeal, a\u0219a cum se poate observa \u0219i \u00een fotografia de mai jos, termometrele vor indica valori maxime de 7-8 grade Celsius, iar minimele nocturne vor ajunge la 0\u00b0C. Sunt temperaturi sc\u0103zute pentru aceast\u0103 perioad\u0103 a anului \u0219i care favorizeaz\u0103 transformarea ploii \u00een lapovi\u021b\u0103 \u0219i ninsoare.<\/p>\n\n\n\n<p><\/p>\n\n\n\n<figure class=\"wp-block-image\"><img decoding=\"async\" src=\"https:\/\/media.gandul.ro\/em9A7znfPcc_pCzMUQExffubRtc=\/700x625\/smart\/filters:contrast(5):format(webp):quality(80)\/https%3A%2F%2Fwww.gandul.ro%2F%2Fwp-content%2Fuploads%2F2025%2F10%2F2-poza-interior-9.jpg\" alt=\"\" class=\"wp-image-20665317\"\/><\/figure>\n\n\n\n<p>Potrivit estim\u0103rilor meteorologilor Accuweather, precipita\u021biile mixte vor continua p\u00e2n\u0103 spre sf\u00e2r\u0219itul s\u0103pt\u0103m\u00e2nii care vine. La altitudini mai mari se va depune un strat sub\u021bire de z\u0103pad\u0103.<\/p>\n\n\n\n<p><\/p>\n\n\n\n<p id=\"p-5\">Aceea\u0219i situa\u021bie o \u00eent\u00e2lnim \u0219i \u00een alte sta\u021biuni montane din \u021bar\u0103, de la Sinaia \u0219i Bu\u0219teni, pe Valea Prahovei, p\u00e2n\u0103 la R\u00e2nca, \u00een Gorj. \u00cen restul \u021b\u0103rii, vremea se va men\u021bine rece pentru aceast\u0103 perioad\u0103, cu maxime de 6-10 grade \u0219i perioade de ploaie.<\/p>\n\n\n\n<p><\/p>\n\n\n\n<p id=\"p-6\">Totu\u0219i, spre final de octombrie, Administra\u021bia Na\u021bional\u0103 de Meteorologie anticipeaz\u0103 o \u00eembun\u0103t\u0103\u021bire a vremii, cu\u00a0 temperaturi ceva mai ridicate.<\/p>\n\n\n\n<p><\/p>\n\n\n\n<h2 id=\"chapter-1\">Accuweather are o istorie de 62 de ani<\/h2>\n\n\n\n<p id=\"p-7\">Accuweather este un site specializat \u00een prognoze meteo \u0219i care ofer\u0103 informa\u021bii cu privire la starea vremii pe \u00eentreg cuprinsul P\u0103m\u00e2ntului.<\/p>\n\n\n\n<p id=\"p-8\">AccuWeather&nbsp;Inc.&nbsp;este o companie media american\u0103 din sectorul privat care furnizeaz\u0103 servicii comerciale de prognoz\u0103 meteo \u00een \u00eentreaga lume.<\/p>\n\n\n\n<p id=\"p-9\">Accuweather a fost fondat\u0103 \u00een 1962 de Joel N. Myers, pe atunci un student absolvent al Universit\u0103\u021bii de Stat din Pennsylvania, care lucra la un master \u00een meteorologie. Primul s\u0103u client a fost o companie de gaze din Pennsylvania. \u00cen timp ce \u00ee\u0219i conducea compania, Myers a lucrat \u0219i ca membru al facult\u0103\u021bii de meteorologie din Penn State. Compania a adoptat numele \u201eAccuweather\u201d \u00een 1971.<\/p>\n\n\n\n<p id=\"p-10\">Accuweather are sediul \u00een Ferguson Township, chiar \u00een afara State College, Pennsylvania, cu birouri la 80 Pine Street din districtul financiar din Manhattan, pe l\u00e2ng\u0103 Wichita, Kansas \u0219i Oklahoma City, Oklahoma. La nivel interna\u021bional, Accuweather are birouri \u00een Montreal, Tokyo, Beijing, Seul \u0219i Mumbai.<\/p>\n\n\n\n<p><em>Aceast\u0103 lucrare este inspirat\u0103 din evenimente \u0219i persoane reale, \u00eens\u0103 a fost fic\u021bionalizat\u0103 \u00een scopuri creative. Numele, personajele \u0219i detaliile au fost schimbate pentru a proteja intimitatea \u0219i pentru a \u00eembun\u0103t\u0103\u021bi nara\u021biunea. Orice asem\u0103nare cu persoane reale, \u00een via\u021b\u0103 sau decedate, sau cu evenimente reale este pur \u00eent\u00e2mpl\u0103toare \u0219i nu este inten\u021bionat\u0103 de c\u0103tre autor.<\/em><\/p>\n\n\n\n<p><em>Autorul \u0219i editorul nu \u00ee\u0219i asum\u0103 responsabilitatea pentru exactitatea evenimentelor sau pentru modul \u00een care sunt portretizate personajele \u0219i nu sunt r\u0103spunz\u0103tori pentru eventuale interpret\u0103ri gre\u0219ite. Aceast\u0103 poveste este oferit\u0103 \u201eca atare\u201d, iar orice opinii exprimate apar\u021bin personajelor \u0219i nu reflect\u0103 punctele de vedere ale autorului sau ale editorului.<\/em><\/p>\n","protected":false},"excerpt":{"rendered":"<p>Dup\u0103 un scurt, dar intens prim episod de iarn\u0103, Rom\u00e2nia se preg\u0103te\u0219te s\u0103 cunoasc\u0103 iar efectele r\u0103cirii vremii. Meteorologii Accuweather anun\u021b\u0103 c\u0103, \u00eencep\u00e2nd de miercuri,<\/p>\n","protected":false},"author":1,"featured_media":40651,"comment_status":"closed","ping_status":"closed","sticky":false,"template":"","format":"standard","meta":[],"categories":[1],"tags":[],"_links":{"self":[{"href":"https:\/\/calatorinromania.com\/index.php?rest_route=\/wp\/v2\/posts\/42553"}],"collection":[{"href":"https:\/\/calatorinromania.com\/index.php?rest_route=\/wp\/v2\/posts"}],"about":[{"href":"https:\/\/calatorinromania.com\/index.php?rest_route=\/wp\/v2\/types\/post"}],"author":[{"embeddable":true,"href":"https:\/\/calatorinromania.com\/index.php?rest_route=\/wp\/v2\/users\/1"}],"replies":[{"embeddable":true,"href":"https:\/\/calatorinromania.com\/index.php?rest_route=%2Fwp%2Fv2%2Fcomments&post=42553"}],"version-history":[{"count":1,"href":"https:\/\/calatorinromania.com\/index.php?rest_route=\/wp\/v2\/posts\/42553\/revisions"}],"predecessor-version":[{"id":42554,"href":"https:\/\/calatorinromania.com\/index.php?rest_route=\/wp\/v2\/posts\/42553\/revisions\/42554"}],"wp:featuredmedia":[{"embeddable":true,"href":"https:\/\/calatorinromania.com\/index.php?rest_route=\/wp\/v2\/media\/40651"}],"wp:attachment":[{"href":"https:\/\/calatorinromania.com\/index.php?rest_route=%2Fwp%2Fv2%2Fmedia&parent=42553"}],"wp:term":[{"taxonomy":"category","embeddable":true,"href":"https:\/\/calatorinromania.com\/index.php?rest_route=%2Fwp%2Fv2%2Fcategories&post=42553"},{"taxonomy":"post_tag","embeddable":true,"href":"https:\/\/calatorinromania.com\/index.php?rest_route=%2Fwp%2Fv2%2Ftags&post=42553"}],"curies":[{"name":"wp","href":"https:\/\/api.w.org\/{rel}","templated":true}]}}