{"id":42542,"date":"2025-10-13T10:50:53","date_gmt":"2025-10-13T10:50:53","guid":{"rendered":"https:\/\/calatorinromania.com\/?p=42542"},"modified":"2025-10-13T10:50:54","modified_gmt":"2025-10-13T10:50:54","slug":"de-ce-sa-sufere-omul-cand-exista-salvia-%f0%9f%8c%bf-ceai-vindecator-preparare-si-administrare-corecta","status":"publish","type":"post","link":"https:\/\/calatorinromania.com\/?p=42542","title":{"rendered":"<strong>De ce s\u0103 sufere omul, c\u00e2nd exist\u0103 Salvia? \ud83c\udf3f Ceai vindec\u0103tor \u2013 preparare \u0219i administrare corect\u0103<\/strong>"},"content":{"rendered":"\n<p>Salvia nu poart\u0103 degeaba acest nume \u2013 vine din latinul <em>salvare<\/em> (\u201ea vindeca\u201d) \u0219i <em>salvus<\/em> (\u201ea fi s\u0103n\u0103tos\u201d). Din cele mai vechi timpuri a fost privit\u0103 ca <strong>plant\u0103 sacr\u0103<\/strong>, iar romanii o considerau un <strong>leac divin aduc\u0103tor de via\u021b\u0103 lung\u0103<\/strong>. O g\u0103seai \u00een gr\u0103dinile m\u0103n\u0103stirilor, \u00een b\u0103uturile t\u0103m\u0103duitoare \u0219i \u00een ritualurile de purificare.<\/p>\n\n\n\n<p><\/p>\n\n\n\n<p>Ast\u0103zi, \u0219tiin\u021ba confirm\u0103 ceea ce str\u0103bunii \u0219tiau deja: <strong>salvia nu este doar un condiment \u2013 este un medicament natural complex.<\/strong><\/p>\n\n\n\n<p><\/p>\n\n\n\n<h3>\u2705 Beneficiile salviei<\/h3>\n\n\n\n<p><\/p>\n\n\n\n<p>\ud83e\udde0 <strong>Creier \u0219i memorie<\/strong> \u2013 stimuleaz\u0103 concentrarea, sus\u021bine memoria \u0219i \u00eencetine\u0219te deteriorarea cognitiv\u0103 (utile \u00een prevenirea Alzheimerului).<\/p>\n\n\n\n<p><br>\ud83d\ude0c <strong>Sistem nervos<\/strong> \u2013 reduce anxietatea, oboseala mental\u0103 \u0219i st\u0103rile de agita\u021bie.<\/p>\n\n\n\n<p><br>\ud83c\udf21\ufe0f <strong>Echilibru hormonal<\/strong> \u2013 regleaz\u0103 bufeurile \u0219i transpira\u021biile nocturne din menopauz\u0103; ajut\u0103 metabolismul \u0219i glicemia.<\/p>\n\n\n\n<p><br>\ud83d\udee1\ufe0f <strong>Antibacterian \u0219i antiinflamator<\/strong> \u2013 ideal\u0103 pentru <em>gargar\u0103 \u00een caz de dureri \u00een g\u00e2t, gingii inflamate, aft\u0103 sau amigdalit\u0103<\/em>.<\/p>\n\n\n\n<p><\/p>\n\n\n\n<h3>\ud83c\udf75 Cum se prepar\u0103 corect ceaiul de salvie<\/h3>\n\n\n\n<p><\/p>\n\n\n\n<ul>\n<li>1 linguri\u021b\u0103 de frunze (uscate sau proaspete)<\/li>\n<\/ul>\n\n\n\n<p><\/p>\n\n\n\n<ul>\n<li>250 ml ap\u0103 fierbinte<\/li>\n<\/ul>\n\n\n\n<p><\/p>\n\n\n\n<ul>\n<li>Se las\u0103 <strong>acoperit 5-10 minute<\/strong><\/li>\n<\/ul>\n\n\n\n<p><\/p>\n\n\n\n<ul>\n<li>Se beau <strong>maximum 2-3 c\u0103ni pe zi<\/strong>, \u00een cure de 2 s\u0103pt\u0103m\u00e2ni, cu pauz\u0103<\/li>\n<\/ul>\n\n\n\n<p><\/p>\n\n\n\n<p><\/p>\n\n\n\n<p>\ud83d\udc49 Pentru cl\u0103tiri\/gargar\u0103: se poate combina cu <em>mu\u015fe\u021bel<\/em> pentru efect dublu calmant.<\/p>\n\n\n\n<p><\/p>\n\n\n\n<h3>\u26a0\ufe0f Precau\u021bii<\/h3>\n\n\n\n<p>\u2716\ufe0f Nu se recomand\u0103 \u00een <strong>sarcin\u0103<\/strong>, al\u0103ptare sau <strong>afec\u021biuni renale severe<\/strong><\/p>\n\n\n\n<p><\/p>\n\n\n\n<p><br>\u2716\ufe0f Evit\u0103 consumul excesiv pe termen lung \u2013 con\u021bine <em>thujon<\/em> \u00een cantit\u0103\u021bi mici, dar dozele mari pot deveni iritante<\/p>\n\n\n\n<p><\/p>\n\n\n\n<p><\/p>\n\n\n\n<h3>\ud83c\udf31 Cum se cultiv\u0103 acas\u0103?<\/h3>\n\n\n\n<p><\/p>\n\n\n\n<ul>\n<li>Prefer\u0103 <strong>sol uscat \u0219i soare mult<\/strong><\/li>\n<\/ul>\n\n\n\n<p><\/p>\n\n\n\n<ul>\n<li>Cre\u0219te p\u00e2n\u0103 la 40-50 cm<\/li>\n<\/ul>\n\n\n\n<p><\/p>\n\n\n\n<ul>\n<li>\u00cenflore\u0219te vara \u00een <strong>albastru, mov sau alb<\/strong><\/li>\n<\/ul>\n\n\n\n<p><\/p>\n\n\n\n<ul>\n<li>Se taie prim\u0103vara pentru regenerare \u0219i se protejeaz\u0103 iarna la frig puternic<\/li>\n<\/ul>\n\n\n\n<p><\/p>\n\n\n\n<p>\u2705 <strong>Concluzie:<\/strong> Salvia este <em>farmacie \u00eentr-o frunz\u0103<\/em> \u2014 \u00eent\u0103re\u0219te mintea, calmeaz\u0103 nervii, echilibreaz\u0103 hormonii \u0219i protejeaz\u0103 g\u00e2tul. Folosit\u0103 cu m\u0103sur\u0103, poate fi unul dintre cele mai bune remedii naturale din cas\u0103.<\/p>\n\n\n\n<p><\/p>\n\n\n\n<p>Este important s\u0103 incluzi o varietate de legume \u00een dieta ta pentru a asigura un aport diversificat de nutrien\u021bi. Dac\u0103 ai anumite condi\u021bii de s\u0103n\u0103tate sau preocup\u0103ri alimentare, este \u00eentotdeauna recomandat s\u0103 consul\u021bi un profesionist \u00een domeniul s\u0103n\u0103t\u0103\u021bii pentru sfaturi personalizate.<\/p>\n\n\n\n<p>Informa\u021biile prezentate \u00een acest website au caracter informativ \u0219i nu \u00eenlocuiesc diagnosticul medical sau prospectul produselor. Orice decizie privind s\u0103n\u0103tatea dumneavoastr\u0103 trebuie luat\u0103 doar \u00een urma consult\u0103rii medicului.<\/p>\n\n\n\n<p>DISCLAIMER: Acest site este neutru din punct de vedere politic \u0219i nu sus\u021bine niciun partid sau ideologie politic\u0103.<\/p>\n","protected":false},"excerpt":{"rendered":"<p>Salvia nu poart\u0103 degeaba acest nume \u2013 vine din latinul salvare (\u201ea vindeca\u201d) \u0219i salvus (\u201ea fi s\u0103n\u0103tos\u201d). Din cele mai vechi timpuri a fost<\/p>\n","protected":false},"author":1,"featured_media":42543,"comment_status":"closed","ping_status":"closed","sticky":false,"template":"","format":"standard","meta":[],"categories":[1],"tags":[],"_links":{"self":[{"href":"https:\/\/calatorinromania.com\/index.php?rest_route=\/wp\/v2\/posts\/42542"}],"collection":[{"href":"https:\/\/calatorinromania.com\/index.php?rest_route=\/wp\/v2\/posts"}],"about":[{"href":"https:\/\/calatorinromania.com\/index.php?rest_route=\/wp\/v2\/types\/post"}],"author":[{"embeddable":true,"href":"https:\/\/calatorinromania.com\/index.php?rest_route=\/wp\/v2\/users\/1"}],"replies":[{"embeddable":true,"href":"https:\/\/calatorinromania.com\/index.php?rest_route=%2Fwp%2Fv2%2Fcomments&post=42542"}],"version-history":[{"count":1,"href":"https:\/\/calatorinromania.com\/index.php?rest_route=\/wp\/v2\/posts\/42542\/revisions"}],"predecessor-version":[{"id":42544,"href":"https:\/\/calatorinromania.com\/index.php?rest_route=\/wp\/v2\/posts\/42542\/revisions\/42544"}],"wp:featuredmedia":[{"embeddable":true,"href":"https:\/\/calatorinromania.com\/index.php?rest_route=\/wp\/v2\/media\/42543"}],"wp:attachment":[{"href":"https:\/\/calatorinromania.com\/index.php?rest_route=%2Fwp%2Fv2%2Fmedia&parent=42542"}],"wp:term":[{"taxonomy":"category","embeddable":true,"href":"https:\/\/calatorinromania.com\/index.php?rest_route=%2Fwp%2Fv2%2Fcategories&post=42542"},{"taxonomy":"post_tag","embeddable":true,"href":"https:\/\/calatorinromania.com\/index.php?rest_route=%2Fwp%2Fv2%2Ftags&post=42542"}],"curies":[{"name":"wp","href":"https:\/\/api.w.org\/{rel}","templated":true}]}}