{"id":42539,"date":"2025-10-13T10:14:28","date_gmt":"2025-10-13T10:14:28","guid":{"rendered":"https:\/\/calatorinromania.com\/?p=42539"},"modified":"2025-10-13T10:14:29","modified_gmt":"2025-10-13T10:14:29","slug":"prajitura-moale-pentru-suflet-cu-lapte-cald-gata-in-cateva-minute-%f0%9f%a5%9b%e2%9c%a8","status":"publish","type":"post","link":"https:\/\/calatorinromania.com\/?p=42539","title":{"rendered":"Pr\u0103jitur\u0103 moale pentru suflet \u2013 cu lapte cald, gata \u00een c\u00e2teva minute \ud83e\udd5b\u2728"},"content":{"rendered":"\n<p><strong>Desert rapid, ieftin \u0219i perfect pentru fiecare zi!<\/strong><\/p>\n\n\n\n<p><\/p>\n\n\n\n<p>Uneori, nu ai nevoie de deserturi sofisticate. Ai nevoie de <strong>ceva simplu, cald \u0219i reconfortant<\/strong>, ca o \u00eembr\u0103\u021bi\u0219are dulce din copil\u0103rie. Aceast\u0103 <strong>pr\u0103jitur\u0103 pufoas\u0103 cu lapte cald<\/strong> este exact asta \u2014 <strong>se face repede, din ingrediente banale<\/strong>, dar are un gust care \u00ee\u021bi \u00eenc\u0103lze\u0219te sufletul.<\/p>\n\n\n\n<p><\/p>\n\n\n\n<h3>Ingrediente:<\/h3>\n\n\n\n<p><\/p>\n\n\n\n<ul>\n<li>240 ml lapte<\/li>\n<\/ul>\n\n\n\n<p><\/p>\n\n\n\n<ul>\n<li>70 g unt<\/li>\n<\/ul>\n\n\n\n<p><\/p>\n\n\n\n<ul>\n<li>4 ou\u0103<\/li>\n<\/ul>\n\n\n\n<p><\/p>\n\n\n\n<ul>\n<li>250 g zah\u0103r<\/li>\n<\/ul>\n\n\n\n<p><\/p>\n\n\n\n<ul>\n<li>1 linguri\u021b\u0103 extract de vanilie<\/li>\n<\/ul>\n\n\n\n<p><\/p>\n\n\n\n<ul>\n<li>350 g f\u0103in\u0103<\/li>\n<\/ul>\n\n\n\n<p><\/p>\n\n\n\n<ul>\n<li>2 linguri\u021be praf de copt<\/li>\n<\/ul>\n\n\n\n<p><\/p>\n\n\n\n<ul>\n<li>un praf de sare<\/li>\n<\/ul>\n\n\n\n<p><\/p>\n\n\n\n<ul>\n<li>zah\u0103r pudr\u0103 pentru decor<\/li>\n<\/ul>\n\n\n\n<p><\/p>\n\n\n\n<h3>Cum se prepar\u0103:<\/h3>\n\n\n\n<p><\/p>\n\n\n\n<ol>\n<li><strong>\u00cenc\u0103lze\u0219te laptele cu untul<\/strong> la foc mic p\u00e2n\u0103 se tope\u0219te untul. Nu fierbe! Las\u0103 deoparte s\u0103 se r\u0103coreasc\u0103 pu\u021bin.<\/li>\n\n\n\n<li>\u00centr-un bol ad\u00e2nc, <strong>bate ou\u0103le cu zah\u0103rul<\/strong> p\u00e2n\u0103 devin spumoase \u0219i deschise la culoare. Adaug\u0103 vanilia.<\/li>\n\n\n\n<li>Amestec\u0103 \u00eentr-un alt vas <strong>f\u0103ina, praful de copt \u0219i sarea<\/strong>.<\/li>\n\n\n\n<li>\u00cencorporeaz\u0103 <strong>jum\u0103tate din ingredientele uscate<\/strong> \u00een amestecul de ou\u0103.<\/li>\n\n\n\n<li>Toarn\u0103 <strong>laptele cald cu untul<\/strong>, apoi restul de f\u0103in\u0103. Amestec\u0103 u\u0219or p\u00e2n\u0103 ob\u021bii un aluat fin.<\/li>\n\n\n\n<li><strong>Toarn\u0103 compozi\u021bia \u00eentr-o tav\u0103 uns\u0103 \u0219i tapetat\u0103<\/strong>.<\/li>\n\n\n\n<li>Coace la <strong>200\u00b0C timp de 30 de minute<\/strong>, p\u00e2n\u0103 se rumene\u0219te frumos \u0219i trece testul scobitorii.<\/li>\n\n\n\n<li>Las-o s\u0103 se r\u0103coreasc\u0103 pu\u021bin, apoi <strong>presar\u0103 zah\u0103r pudr\u0103<\/strong> deasupra.<\/li>\n<\/ol>\n\n\n\n<p><\/p>\n\n\n\n<h3>Se serve\u0219te cald\u0103, direct cu m\u00e2na, al\u0103turi de un pahar de lapte sau o cafea aburind\u0103.<\/h3>\n\n\n\n<p><\/p>\n\n\n\n<p><\/p>\n\n\n\n<p><strong>Pufoas\u0103, u\u0219oar\u0103 \u0219i aromat\u0103 \u2014 parc\u0103 plute\u0219te \u00een gur\u0103!<\/strong><\/p>\n","protected":false},"excerpt":{"rendered":"<p>Desert rapid, ieftin \u0219i perfect pentru fiecare zi! Uneori, nu ai nevoie de deserturi sofisticate. Ai nevoie de ceva simplu, cald \u0219i reconfortant, ca o<\/p>\n","protected":false},"author":1,"featured_media":42540,"comment_status":"closed","ping_status":"closed","sticky":false,"template":"","format":"standard","meta":[],"categories":[1],"tags":[],"_links":{"self":[{"href":"https:\/\/calatorinromania.com\/index.php?rest_route=\/wp\/v2\/posts\/42539"}],"collection":[{"href":"https:\/\/calatorinromania.com\/index.php?rest_route=\/wp\/v2\/posts"}],"about":[{"href":"https:\/\/calatorinromania.com\/index.php?rest_route=\/wp\/v2\/types\/post"}],"author":[{"embeddable":true,"href":"https:\/\/calatorinromania.com\/index.php?rest_route=\/wp\/v2\/users\/1"}],"replies":[{"embeddable":true,"href":"https:\/\/calatorinromania.com\/index.php?rest_route=%2Fwp%2Fv2%2Fcomments&post=42539"}],"version-history":[{"count":1,"href":"https:\/\/calatorinromania.com\/index.php?rest_route=\/wp\/v2\/posts\/42539\/revisions"}],"predecessor-version":[{"id":42541,"href":"https:\/\/calatorinromania.com\/index.php?rest_route=\/wp\/v2\/posts\/42539\/revisions\/42541"}],"wp:featuredmedia":[{"embeddable":true,"href":"https:\/\/calatorinromania.com\/index.php?rest_route=\/wp\/v2\/media\/42540"}],"wp:attachment":[{"href":"https:\/\/calatorinromania.com\/index.php?rest_route=%2Fwp%2Fv2%2Fmedia&parent=42539"}],"wp:term":[{"taxonomy":"category","embeddable":true,"href":"https:\/\/calatorinromania.com\/index.php?rest_route=%2Fwp%2Fv2%2Fcategories&post=42539"},{"taxonomy":"post_tag","embeddable":true,"href":"https:\/\/calatorinromania.com\/index.php?rest_route=%2Fwp%2Fv2%2Ftags&post=42539"}],"curies":[{"name":"wp","href":"https:\/\/api.w.org\/{rel}","templated":true}]}}