{"id":42536,"date":"2025-10-13T10:10:17","date_gmt":"2025-10-13T10:10:17","guid":{"rendered":"https:\/\/calatorinromania.com\/?p=42536"},"modified":"2025-10-13T10:10:17","modified_gmt":"2025-10-13T10:10:17","slug":"se-topesc-in-gura-briose-pufoase-ca-bumbacul-dupa-reteta-elvetiana-%f0%9f%8d%ab%e2%9c%a8","status":"publish","type":"post","link":"https:\/\/calatorinromania.com\/?p=42536","title":{"rendered":"Se topesc \u00een gur\u0103! Brio\u0219e pufoase ca bumbacul dup\u0103 re\u021bet\u0103 elve\u021bian\u0103 \ud83c\udf6b\u2728"},"content":{"rendered":"\n<p>Dac\u0103 iube\u0219ti deserturile simple, dar spectaculoase, trebuie neap\u0103rat s\u0103 \u00eencerci <strong>brio\u0219ele cu ciocolat\u0103 dup\u0103 re\u021beta elve\u021bian\u0103<\/strong>. Sunt <strong>extrem de moi, delicate \u0219i aromate<\/strong>, exact ca brio\u0219ele pe care le f\u0103cea soacra mea duminica diminea\u021ba \u2014 dispar imediat de pe farfurie!<\/p>\n\n\n\n<p><\/p>\n\n\n\n<h4>\ud83e\uddfe Ingrediente:<\/h4>\n\n\n\n<p><\/p>\n\n\n\n<ul>\n<li>2 ou\u0103<\/li>\n<\/ul>\n\n\n\n<p><\/p>\n\n\n\n<ul>\n<li>un praf de sare<\/li>\n<\/ul>\n\n\n\n<p><\/p>\n\n\n\n<ul>\n<li>1 linguri\u021b\u0103 extract de vanilie<\/li>\n<\/ul>\n\n\n\n<p><\/p>\n\n\n\n<ul>\n<li>150 g zah\u0103r<\/li>\n<\/ul>\n\n\n\n<p><\/p>\n\n\n\n<ul>\n<li>80 ml ulei<\/li>\n<\/ul>\n\n\n\n<p><\/p>\n\n\n\n<ul>\n<li>120 ml lapte<\/li>\n<\/ul>\n\n\n\n<p><\/p>\n\n\n\n<ul>\n<li>50 g amidon<\/li>\n<\/ul>\n\n\n\n<p><\/p>\n\n\n\n<ul>\n<li>200 g f\u0103in\u0103<\/li>\n<\/ul>\n\n\n\n<p><\/p>\n\n\n\n<ul>\n<li>8 g praf de copt<\/li>\n<\/ul>\n\n\n\n<p><\/p>\n\n\n\n<ul>\n<li>2 linguri cacao pudr\u0103<\/li>\n<\/ul>\n\n\n\n<p><\/p>\n\n\n\n<ul>\n<li>1 lingur\u0103 lapte (pentru partea cu cacao)<\/li>\n<\/ul>\n\n\n\n<p><\/p>\n\n\n\n<ul>\n<li>fulgi de ciocolat\u0103 pentru decor<\/li>\n<\/ul>\n\n\n\n<p><\/p>\n\n\n\n<h3>\ud83d\udc69\u200d\ud83c\udf73 Mod de preparare:<\/h3>\n\n\n\n<ol>\n<li>\u00centr-un bol ad\u00e2nc, bate ou\u0103le \u00eempreun\u0103 cu sarea \u0219i vanilia.<\/li>\n\n\n\n<li>Adaug\u0103 zah\u0103rul treptat \u0219i continu\u0103 s\u0103 mixezi p\u00e2n\u0103 compozi\u021bia devine deschis\u0103 la culoare \u0219i spumoas\u0103.<\/li>\n\n\n\n<li>\u00cencorporeaz\u0103 uleiul pu\u021bin c\u00e2te pu\u021bin, apoi toarn\u0103 laptele.<\/li>\n\n\n\n<li>Separat, amestec\u0103 f\u0103ina, amidonul \u0219i praful de copt, apoi adaug\u0103-le treptat peste ingredientele lichide, cern\u00e2ndu-le pentru o textur\u0103 fin\u0103.<\/li>\n\n\n\n<li>\u00cemparte aluatul \u2014 <strong>o treime se amestec\u0103 cu cacao \u0219i 1 lingur\u0103 de lapte<\/strong>, pentru efect marmorat.<\/li>\n\n\n\n<li>Pune h\u00e2rtiu\u021be \u00een formele pentru brio\u0219e \u0219i alterneaz\u0103 compozi\u021biile dup\u0103 preferin\u021b\u0103.<\/li>\n\n\n\n<li>Presar\u0103 fulgi de ciocolat\u0103 deasupra.<\/li>\n\n\n\n<li>Coace la <strong>180\u00b0C timp de aproximativ 30 de minute<\/strong>, p\u00e2n\u0103 trec testul scobitorii.<\/li>\n<\/ol>\n\n\n\n<p><\/p>\n\n\n\n<p>\ud83d\udccc <strong>Sfat:<\/strong> Las\u0103 brio\u0219ele s\u0103 se r\u0103ceasc\u0103 pe un gr\u0103tar pentru a r\u0103m\u00e2ne pufoase \u0219i aerate la interior.<\/p>\n\n\n\n<p><\/p>\n\n\n\n<hr class=\"wp-block-separator has-alpha-channel-opacity\"\/>\n\n\n\n<p>Serve\u0219te-le cu o <strong>cea\u0219c\u0103 de cafea fierbinte sau lapte cald<\/strong>, \u0219i preg\u0103te\u0219te-te pentru complimente! \ud83d\ude0d<\/p>\n","protected":false},"excerpt":{"rendered":"<p>Dac\u0103 iube\u0219ti deserturile simple, dar spectaculoase, trebuie neap\u0103rat s\u0103 \u00eencerci brio\u0219ele cu ciocolat\u0103 dup\u0103 re\u021beta elve\u021bian\u0103. Sunt extrem de moi, delicate \u0219i aromate, exact ca<\/p>\n","protected":false},"author":1,"featured_media":42537,"comment_status":"closed","ping_status":"closed","sticky":false,"template":"","format":"standard","meta":[],"categories":[1],"tags":[],"_links":{"self":[{"href":"https:\/\/calatorinromania.com\/index.php?rest_route=\/wp\/v2\/posts\/42536"}],"collection":[{"href":"https:\/\/calatorinromania.com\/index.php?rest_route=\/wp\/v2\/posts"}],"about":[{"href":"https:\/\/calatorinromania.com\/index.php?rest_route=\/wp\/v2\/types\/post"}],"author":[{"embeddable":true,"href":"https:\/\/calatorinromania.com\/index.php?rest_route=\/wp\/v2\/users\/1"}],"replies":[{"embeddable":true,"href":"https:\/\/calatorinromania.com\/index.php?rest_route=%2Fwp%2Fv2%2Fcomments&post=42536"}],"version-history":[{"count":1,"href":"https:\/\/calatorinromania.com\/index.php?rest_route=\/wp\/v2\/posts\/42536\/revisions"}],"predecessor-version":[{"id":42538,"href":"https:\/\/calatorinromania.com\/index.php?rest_route=\/wp\/v2\/posts\/42536\/revisions\/42538"}],"wp:featuredmedia":[{"embeddable":true,"href":"https:\/\/calatorinromania.com\/index.php?rest_route=\/wp\/v2\/media\/42537"}],"wp:attachment":[{"href":"https:\/\/calatorinromania.com\/index.php?rest_route=%2Fwp%2Fv2%2Fmedia&parent=42536"}],"wp:term":[{"taxonomy":"category","embeddable":true,"href":"https:\/\/calatorinromania.com\/index.php?rest_route=%2Fwp%2Fv2%2Fcategories&post=42536"},{"taxonomy":"post_tag","embeddable":true,"href":"https:\/\/calatorinromania.com\/index.php?rest_route=%2Fwp%2Fv2%2Ftags&post=42536"}],"curies":[{"name":"wp","href":"https:\/\/api.w.org\/{rel}","templated":true}]}}