{"id":42533,"date":"2025-10-13T10:01:21","date_gmt":"2025-10-13T10:01:21","guid":{"rendered":"https:\/\/calatorinromania.com\/?p=42533"},"modified":"2025-10-13T10:01:21","modified_gmt":"2025-10-13T10:01:21","slug":"ea-a-abandonat-cainele-de-12-ani-al-iubitului-ei-intr-o-parcare-dar-povestea-cainelui-nu-s-a-incheiat-acolo","status":"publish","type":"post","link":"https:\/\/calatorinromania.com\/?p=42533","title":{"rendered":"Ea a abandonat c\u00e2inele de 12 ani al iubitului ei \u00eentr-o parcare \u2014 dar povestea c\u00e2inelui nu s-a \u00eencheiat acolo."},"content":{"rendered":"\n<p><br><a href=\"https:\/\/www.facebook.com\/sharer.php?t=Ea%20a%20abandonat%20c%C3%A2inele%20de%2012%20ani%20al%20iubitului%20ei%20%C3%AEntr-o%20parcare%20%E2%80%94%20dar%20povestea%20c%C3%A2inelui%20nu%20s-a%20%C3%AEncheiat%20acolo.&amp;u=https:\/\/secretele.com\/2025\/10\/ea-a-abandonat-cainele-de-12-ani-al-iubitului-ei-intr-o-parcare-dar-povestea-cainelui-nu-s-a-incheiat-acolo\/?fbclid=IwY2xjawNZrR1leHRuA2FlbQIxMABicmlkETA3NUdLTTlNTk03VEhMV3BVAR5MKEtdDvxrcUSgacVJvJ4g2WM6EaEg4451H3tpFDkJRVWimucYcPIiayqO1A_aem_8IhVTKhQSfzLUoPrNaR_Uw\"><\/a><a href=\"https:\/\/pinterest.com\/pin\/create\/button\/?description=Ea%20a%20abandonat%20c%C3%A2inele%20de%2012%20ani%20al%20iubitului%20ei%20%C3%AEntr-o%20parcare%20%E2%80%94%20dar%20povestea%20c%C3%A2inelui%20nu%20s-a%20%C3%AEncheiat%20acolo.&amp;media=&amp;url=https:\/\/secretele.com\/2025\/10\/ea-a-abandonat-cainele-de-12-ani-al-iubitului-ei-intr-o-parcare-dar-povestea-cainelui-nu-s-a-incheiat-acolo\/?fbclid=IwY2xjawNZrR1leHRuA2FlbQIxMABicmlkETA3NUdLTTlNTk03VEhMV3BVAR5MKEtdDvxrcUSgacVJvJ4g2WM6EaEg4451H3tpFDkJRVWimucYcPIiayqO1A_aem_8IhVTKhQSfzLUoPrNaR_Uw\"><\/a><a href=\"https:\/\/twitter.com\/intent\/tweet?text=Ea%20a%20abandonat%20c%C3%A2inele%20de%2012%20ani%20al%20iubitului%20ei%20%C3%AEntr-o%20parcare%20%E2%80%94%20dar%20povestea%20c%C3%A2inelui%20nu%20s-a%20%C3%AEncheiat%20acolo.&amp;url=https:\/\/secretele.com\/2025\/10\/ea-a-abandonat-cainele-de-12-ani-al-iubitului-ei-intr-o-parcare-dar-povestea-cainelui-nu-s-a-incheiat-acolo\/?fbclid=IwY2xjawNZrR1leHRuA2FlbQIxMABicmlkETA3NUdLTTlNTk03VEhMV3BVAR5MKEtdDvxrcUSgacVJvJ4g2WM6EaEg4451H3tpFDkJRVWimucYcPIiayqO1A_aem_8IhVTKhQSfzLUoPrNaR_Uw&amp;via=\"><\/a><a href=\"https:\/\/www.linkedin.com\/shareArticle?title=Ea%20a%20abandonat%20c%C3%A2inele%20de%2012%20ani%20al%20iubitului%20ei%20%C3%AEntr-o%20parcare%20%E2%80%94%20dar%20povestea%20c%C3%A2inelui%20nu%20s-a%20%C3%AEncheiat%20acolo.&amp;url=https:\/\/secretele.com\/2025\/10\/ea-a-abandonat-cainele-de-12-ani-al-iubitului-ei-intr-o-parcare-dar-povestea-cainelui-nu-s-a-incheiat-acolo\/?fbclid=IwY2xjawNZrR1leHRuA2FlbQIxMABicmlkETA3NUdLTTlNTk03VEhMV3BVAR5MKEtdDvxrcUSgacVJvJ4g2WM6EaEg4451H3tpFDkJRVWimucYcPIiayqO1A_aem_8IhVTKhQSfzLUoPrNaR_Uw\"><\/a><\/p>\n\n\n\n<p>Ea a abandonat c\u00e2inele de 12 ani al iubitului ei \u00eentr-o parcare \u2014 dar povestea c\u00e2inelui nu s-a \u00eencheiat acolo<\/p>\n\n\n\n<p><\/p>\n\n\n\n<p>C\u00e2nd Andrei s-a mutat cu noua lui iubit\u0103, Mara, era sigur c\u0103 \u00een sf\u00e2r\u0219it g\u0103sise lini\u0219tea. Dup\u0103 ani de singur\u0103tate, pierderea tat\u0103lui \u0219i o rela\u021bie e\u0219uat\u0103, credea c\u0103 via\u021ba \u00eei oferise o a doua \u0219ans\u0103. Mara era t\u00e2n\u0103r\u0103, energic\u0103, mereu z\u00e2mbitoare \u2014 genul de femeie care \u0219tia s\u0103-\u021bi schimbe ziua doar cu o privire.<\/p>\n\n\n\n<p><\/p>\n\n\n\n<p>Singurul \u201eobstacol\u201d, dup\u0103 cum ea spunea, era Rex.<\/p>\n\n\n\n<p><br>Un labrador b\u0103tr\u00e2n, de 12 ani, care fusese al lui Andrei din tinere\u021be.<\/p>\n\n\n\n<p><\/p>\n\n\n\n<p>\u2014 E doar un c\u00e2ine, Andrei, zicea Mara uneori, oft\u00e2nd.<\/p>\n\n\n\n<p><br>\u2014 Nu, Mara. E prietenul meu. A fost cu mine \u00een cele mai grele momente.<\/p>\n\n\n\n<p><\/p>\n\n\n\n<p>Rex era deja b\u0103tr\u00e2n. Mersul \u00eei devenise greoi, auzul \u00eei sl\u0103bise, iar ochii lui aveau acea triste\u021be bl\u00e2nd\u0103 pe care doar animalele care au iubit necondi\u021bionat o pot avea. Pentru Andrei, el nu era \u201edoar un c\u00e2ine\u201d. Era amintirea tinere\u021bii, a tat\u0103lui s\u0103u, a tuturor clipelor de singur\u0103tate \u00een care doar Rex \u00eel asculta, f\u0103r\u0103 s\u0103-l judece.<\/p>\n\n\n\n<p><\/p>\n\n\n\n<p>Dar Mara vedea altfel lucrurile.<\/p>\n\n\n\n<p><br>\u2014 Nu pot tr\u0103i \u00eentr-un apartament care miroase a c\u00e2ine b\u0103tr\u00e2n, spunea ea tot mai des.<br>Andrei \u00eencerca s\u0103 o \u00eempace, s\u0103-i explice, s\u0103 o roage s\u0103 aib\u0103 r\u0103bdare. Dar \u00een t\u0103cere, \u00eencepuse s\u0103 simt\u0103 c\u0103 ceva nu e \u00een regul\u0103.<\/p>\n\n\n\n<p><\/p>\n\n\n\n<p>\u00centr-o zi, c\u00e2nd s-a \u00eentors de la serviciu, Rex nu mai era.<\/p>\n\n\n\n<p><br>Mara l-a \u00eent\u00e2mpinat cu un z\u00e2mbet for\u021bat.<\/p>\n\n\n\n<p><br>\u2014 L-am dus la o pensiune pentru animale, a spus ea, scurt. Era timpul, Andrei. E b\u0103tr\u00e2n, sufer\u0103, nu mai e bine pentru el.=<\/p>\n\n\n\n<p><\/p>\n\n\n\n<p>Andrei a r\u0103mas f\u0103r\u0103 glas.<\/p>\n\n\n\n<p><br>\u2014 Unde? Ce pensiune?<br>\u2014 Nu mai \u021bin minte exact. E undeva \u00een afara ora\u0219ului. Oricum, e mai bine a\u0219a.<\/p>\n\n\n\n<p>Dar ceva \u00een tonul ei, prea rece, prea u\u0219or, l-a f\u0103cut s\u0103 \u00een\u021beleag\u0103 c\u0103 min\u021bea.<\/p>\n\n\n\n<p>Dou\u0103 zile mai t\u00e2rziu, un mesaj nea\u0219teptat a ap\u0103rut pe Facebook:<br>\u201eAm g\u0103sit un labrador b\u0103tr\u00e2n, speriat, \u00eentr-o parcare de l\u00e2ng\u0103 P\u0103durea B\u0103neasa. Are o zgard\u0103 cu numele \u2018Rex\u2019. Dac\u0103 apar\u021bine cuiva, v\u0103 rog s\u0103-l lua\u021bi acas\u0103.\u201d<\/p>\n\n\n\n<p>Andrei a sim\u021bit cum \u00eei amor\u021besc degetele. A recunoscut imediat fotografia. Era el.<\/p>\n\n\n\n<p>A plecat \u00een grab\u0103. C\u00e2nd a ajuns acolo, c\u00e2inele st\u0103tea sub o ma\u0219in\u0103, tremur\u00e2nd, murdar, dar cu ochii plini de speran\u021b\u0103. C\u00e2nd l-a v\u0103zut, a ridicat capul \u0219i a \u00eenceput s\u0103 dea din coad\u0103, \u00eencet, ca \u0219i cum toat\u0103 lumea lui se luminase din nou.<\/p>\n\n\n\n<p>Andrei s-a aplecat \u0219i l-a str\u00e2ns la piept, lacrimile curg\u00e2ndu-i pe obraji.<br>\u2014 Te-am g\u0103sit, b\u0103tr\u00e2ne\u2026 te-am g\u0103sit.<\/p>\n\n\n\n<p>Nu a spus nimic lui Mara \u00een acea sear\u0103. S-a uitat doar la ea \u0219i a \u0219tiut c\u0103 nu mai poate r\u0103m\u00e2ne.<br>A doua zi diminea\u021b\u0103, \u0219i-a f\u0103cut bagajele \u0219i a plecat.<\/p>\n\n\n\n<p>A luat un mic apartament la marginea ora\u0219ului. Via\u021ba nu mai era perfect\u0103, dar era sincer\u0103. Rex dormea l\u00e2ng\u0103 patul lui, iar fiecare diminea\u021b\u0103 \u00eencepea cu un salut cald \u0219i o privire bl\u00e2nd\u0103.<\/p>\n\n\n\n<p>Timpul a trecut. Un an mai t\u00e2rziu, Andrei a primit o scrisoare. Era de la o femeie necunoscut\u0103, care scria:<\/p>\n\n\n\n<p>\u201eDomnule, am lucrat la ad\u0103postul unde a fost adus c\u00e2inele dumneavoastr\u0103 dup\u0103 ce o femeie l-a l\u0103sat \u00een parcare. L-am \u00eengrijit p\u00e2n\u0103 a\u021bi venit. A fost at\u00e2t de loial, \u00eenc\u00e2t refuza s\u0103 m\u0103n\u00e2nce c\u00e2nd nu v\u0103 vedea. Am p\u0103strat o poz\u0103 cu el. Datorit\u0103 lui, am \u00een\u021beles c\u00e2t valoreaz\u0103 dragostea unui animal. Azi am adoptat \u0219i eu un c\u00e2ine b\u0103tr\u00e2n abandonat. V\u0103 mul\u021bumesc pentru asta.\u201d<\/p>\n\n\n\n<p>Andrei a citit de mai multe ori scrisoarea. A \u00een\u021beles atunci c\u0103 iubirea lui Rex l\u0103sase o urm\u0103 nu doar \u00een inima lui, ci \u0219i \u00een vie\u021bile altora.<\/p>\n\n\n\n<p>Rex s-a stins lini\u0219tit, \u00eentr-o diminea\u021b\u0103 de var\u0103, \u00een timp ce soarele m\u00e2ng\u00e2ia perdeaua camerei.<br>Andrei i-a \u00eengropat zgarda sub un stejar, acolo unde mergeau mereu la plimbare.<\/p>\n\n\n\n<p>Pe piatra mic\u0103 pe care a pus-o scria simplu:<br>\u201ePrietenul meu. Loial p\u00e2n\u0103 la cap\u0103t.\u201d<\/p>\n\n\n\n<p>La c\u00e2teva luni dup\u0103 aceea, Andrei a mers din nou la ad\u0103post. Acolo, printre zeci de ochi tri\u0219ti, a g\u0103sit un alt c\u00e2ine b\u0103tr\u00e2n, cu blana cenu\u0219ie \u0219i privirea cald\u0103.<br>\u2014 Vrei s\u0103 vii acas\u0103 cu mine? a \u00eentrebat el z\u00e2mbind.<\/p>\n\n\n\n<p>C\u00e2inele a dat din coad\u0103.<\/p>\n\n\n\n<p>\u0218i, cumva, Andrei a sim\u021bit c\u0103 Rex veghea, de undeva de sus, m\u00e2ndru c\u0103 povestea lui nu s-a \u00eencheiat acolo, \u00een acea parcare rece\u2026 ci a continuat prin fiecare suflet salvat mai departe.<\/p>\n","protected":false},"excerpt":{"rendered":"<p>Ea a abandonat c\u00e2inele de 12 ani al iubitului ei \u00eentr-o parcare \u2014 dar povestea c\u00e2inelui nu s-a \u00eencheiat acolo C\u00e2nd Andrei s-a mutat cu<\/p>\n","protected":false},"author":1,"featured_media":42534,"comment_status":"closed","ping_status":"closed","sticky":false,"template":"","format":"standard","meta":[],"categories":[1],"tags":[],"_links":{"self":[{"href":"https:\/\/calatorinromania.com\/index.php?rest_route=\/wp\/v2\/posts\/42533"}],"collection":[{"href":"https:\/\/calatorinromania.com\/index.php?rest_route=\/wp\/v2\/posts"}],"about":[{"href":"https:\/\/calatorinromania.com\/index.php?rest_route=\/wp\/v2\/types\/post"}],"author":[{"embeddable":true,"href":"https:\/\/calatorinromania.com\/index.php?rest_route=\/wp\/v2\/users\/1"}],"replies":[{"embeddable":true,"href":"https:\/\/calatorinromania.com\/index.php?rest_route=%2Fwp%2Fv2%2Fcomments&post=42533"}],"version-history":[{"count":1,"href":"https:\/\/calatorinromania.com\/index.php?rest_route=\/wp\/v2\/posts\/42533\/revisions"}],"predecessor-version":[{"id":42535,"href":"https:\/\/calatorinromania.com\/index.php?rest_route=\/wp\/v2\/posts\/42533\/revisions\/42535"}],"wp:featuredmedia":[{"embeddable":true,"href":"https:\/\/calatorinromania.com\/index.php?rest_route=\/wp\/v2\/media\/42534"}],"wp:attachment":[{"href":"https:\/\/calatorinromania.com\/index.php?rest_route=%2Fwp%2Fv2%2Fmedia&parent=42533"}],"wp:term":[{"taxonomy":"category","embeddable":true,"href":"https:\/\/calatorinromania.com\/index.php?rest_route=%2Fwp%2Fv2%2Fcategories&post=42533"},{"taxonomy":"post_tag","embeddable":true,"href":"https:\/\/calatorinromania.com\/index.php?rest_route=%2Fwp%2Fv2%2Ftags&post=42533"}],"curies":[{"name":"wp","href":"https:\/\/api.w.org\/{rel}","templated":true}]}}