{"id":42531,"date":"2025-10-13T09:51:49","date_gmt":"2025-10-13T09:51:49","guid":{"rendered":"https:\/\/calatorinromania.com\/?p=42531"},"modified":"2025-10-13T09:51:49","modified_gmt":"2025-10-13T09:51:49","slug":"baiatul-tipa-la-mormantul-mamei-sale-ca-mama-lui-e-vie-oamenii-nu-l-au-crezut-pana-nu-a-venit-politia","status":"publish","type":"post","link":"https:\/\/calatorinromania.com\/?p=42531","title":{"rendered":"B\u0103iatul \u021bipa la morm\u00e2ntul mamei sale c\u0103 mama lui e vie: oamenii nu l-au crezut p\u00e2n\u0103 nu a venit poli\u021bia"},"content":{"rendered":"\n<p>Poli\u021bistul a sim\u021bit cum un fior rece \u00eei urc\u0103 pe \u0219ira spin\u0103rii. S-a aplecat, ating\u00e2nd p\u0103m\u00e2ntul umed cu v\u00e2rful bocancului. Era moale. Prea moale.<\/p>\n\n\n\n<p><\/p>\n\n\n\n<p>\u2014 Cine a pus lopata aici? \u2014 a \u00eentrebat el, uit\u00e2ndu-se spre \u00eengrijitor.<\/p>\n\n\n\n<p><\/p>\n\n\n\n<p>\u2014 Eu n-am pus-o, domnule ofi\u021ber, \u2014 a murmurat b\u0103rbatul. \u2014 Poate b\u0103iatul\u2026 dar nu l-am v\u0103zut s-o foloseasc\u0103 niciodat\u0103.<\/p>\n\n\n\n<p><\/p>\n\n\n\n<p>B\u0103iatul \u00eens\u0103 a f\u0103cut un pas \u00een fa\u021b\u0103.<\/p>\n\n\n\n<p><br>\u2014 Eu am pus-o, \u2014 a spus, tremur\u00e2nd. \u2014 Am \u00eencercat\u2026 dar n-am putut s\u0103 sap ad\u00e2nc. Se aude ceva dedesubt, doar c\u00e2nd plou\u0103\u2026 un fel de b\u0103taie u\u0219oar\u0103\u2026 ca o inim\u0103.<\/p>\n\n\n\n<p><\/p>\n\n\n\n<p>Poli\u021bistul \u0219i \u00eengrijitorul s-au privit. Fiecare ar fi vrut s\u0103 r\u00e2d\u0103, dar ceva \u00een glasul copilului \u00eei f\u0103cea s\u0103 tac\u0103. Era prea sigur.<\/p>\n\n\n\n<p><\/p>\n\n\n\n<p>\u2014 Cum te cheam\u0103, pu\u0219tiule? \u2014 a \u00eentrebat poli\u021bistul, \u00eencerc\u00e2nd s\u0103 par\u0103 calm.<\/p>\n\n\n\n<p><br>\u2014 Vlad, \u2014 a r\u0103spuns copilul. \u2014 Mama se numea Elena. Au \u00eengropat-o prea repede\u2026 f\u0103r\u0103 s\u0103 m\u0103 lase s-o v\u0103d.<\/p>\n\n\n\n<p><\/p>\n\n\n\n<p>V\u00e2ntul a adiat printre cruci, aduc\u00e2nd un miros de p\u0103m\u00e2nt \u0219i flori ofilite. Vlad s-a aplecat \u0219i a lipit urechea de piatra rece.<\/p>\n\n\n\n<p><br>\u2014 Asculta\u021bi\u2026 v\u0103 rog, asculta\u021bi! \u2014 a spus el cu voce tremurat\u0103.<\/p>\n\n\n\n<p><\/p>\n\n\n\n<p>Poli\u021bistul s-a apropiat, s-a aplecat \u0219i el. La \u00eenceput nu a auzit nimic, dar dup\u0103 c\u00e2teva secunde, un sunet abia perceptibil, ca o b\u0103taie \u00eenfundat\u0103, i-a str\u0103puns urechile. Inima i s-a oprit o clip\u0103.<\/p>\n\n\n\n<p><\/p>\n\n\n\n<p>\u2014 Doamne\u2026 \u2014 a \u0219optit. \u2014 Sun\u0103 ca\u2026<\/p>\n\n\n\n<p><\/p>\n\n\n\n<p>\u2014 Ca o b\u0103taie, da! \u2014 a strigat Vlad. \u2014 V-am spus c\u0103 e vie!<\/p>\n\n\n\n<p><\/p>\n\n\n\n<p>Ofi\u021berul s-a ridicat brusc \u0219i a luat telefonul. \u00cen c\u00e2teva clipe a chemat echipa de interven\u021bie. \u00cengrijitorul, palid ca varul, a \u00eenceput s\u0103 sape cu lopata, f\u0103r\u0103 s\u0103 mai a\u0219tepte pe nimeni.<\/p>\n\n\n\n<p><\/p>\n\n\n\n<p>C\u00e2nd au venit ceilal\u021bi, au terminat de dat p\u0103m\u00e2ntul la o parte. Sub capacul de lemn, au g\u0103sit un sicriu nou, bine \u00eenchis. Poli\u021bistul a f\u0103cut semn s\u0103-l deschid\u0103. C\u00e2nd capacul a fost ridicat, to\u021bi au f\u0103cut un pas \u00eenapoi.<\/p>\n\n\n\n<p><\/p>\n\n\n\n<p>\u00cen\u0103untru, femeia era acoperit\u0103 cu un cear\u0219af alb. Ochii \u00eei erau \u00eenchi\u0219i, dar obrajii aveau o urm\u0103 vag\u0103 de culoare. C\u00e2nd poli\u021bistul a apropiat urechea de buzele ei, a auzit un suspin slab.<\/p>\n\n\n\n<p><\/p>\n\n\n\n<p>\u2014 Tr\u0103ie\u0219te! \u2014 a strigat. \u2014 Chemati ambulan\u021ba, repede!<\/p>\n\n\n\n<p><\/p>\n\n\n\n<p>B\u0103iatul a c\u0103zut \u00een genunchi \u0219i a izbucnit \u00een pl\u00e2ns. \u021ainea m\u00e2na mamei \u00een palmele lui mici, murdare de p\u0103m\u00e2nt, \u0219i repeta mereu acela\u0219i cuv\u00e2nt:<\/p>\n\n\n\n<p><br>\u2014 \u021ai-am spus\u2026 \u021bi-am spus c\u0103 e vie\u2026<\/p>\n\n\n\n<p><\/p>\n\n\n\n<p>O or\u0103 mai t\u00e2rziu, ambulan\u021ba pleca spre spitalul jude\u021bean. Vlad st\u0103tea pe bancheta din spate, \u021bin\u00e2ndu-i m\u00e2na mamei. Doctorii nu \u00een\u021belegeau cum reu\u0219ise s\u0103 supravie\u021buiasc\u0103, dar femeia respira.<\/p>\n\n\n\n<p><\/p>\n\n\n\n<p>C\u00e2nd a deschis ochii, prima ei privire a fost spre copil. Z\u00e2mbetul ei slab a fost de ajuns ca s\u0103 \u0219tearg\u0103 toat\u0103 durerea.<\/p>\n\n\n\n<p><\/p>\n\n\n\n<p>\u2014 M-am \u00eentors, puiule\u2026 \u2014 a \u0219optit ea.<\/p>\n\n\n\n<p><\/p>\n\n\n\n<p>Mai t\u00e2rziu, poli\u021bistul a aflat c\u0103 femeia fusese declarat\u0103 moart\u0103 \u00een grab\u0103, \u00een urma unui accident. F\u0103r\u0103 autopsie, f\u0103r\u0103 confirmare. O gre\u0219eal\u0103 care putea s\u0103 coste o via\u021b\u0103.<\/p>\n\n\n\n<p><\/p>\n\n\n\n<p>Dar Vlad nu se l\u0103sase p\u0103c\u0103lit. El sim\u021bise leg\u0103tura aceea invizibil\u0103 dintre mam\u0103 \u0219i copil, ceva ce niciun doctor nu poate m\u0103sura.<\/p>\n\n\n\n<p><\/p>\n\n\n\n<p>De atunci, oamenii din sat spun c\u0103 dragostea unui copil poate readuce via\u021ba. Iar pe piatra de la marginea cimitirului, unde c\u00e2ndva se auzeau \u021bipetele unui b\u0103ie\u021bel, acum e scris simplu:<\/p>\n\n\n\n<p><\/p>\n\n\n\n<p><strong>\u201eCredin\u021ba nu moare niciodat\u0103.\u201d<\/strong><\/p>\n\n\n\n<p><\/p>\n\n\n\n<p><em>Aceast\u0103 lucrare este inspirat\u0103 din evenimente \u0219i persoane reale, \u00eens\u0103 a fost fic\u021bionalizat\u0103 \u00een scopuri creative. Numele, personajele \u0219i detaliile au fost schimbate pentru a proteja intimitatea \u0219i pentru a \u00eembun\u0103t\u0103\u021bi nara\u021biunea. Orice asem\u0103nare cu persoane reale, \u00een via\u021b\u0103 sau decedate, sau cu evenimente reale este pur \u00eent\u00e2mpl\u0103toare \u0219i nu este inten\u021bionat\u0103 de c\u0103tre autor.<\/em><\/p>\n\n\n\n<p><em>Autorul \u0219i editorul nu \u00ee\u0219i asum\u0103 responsabilitatea pentru exactitatea evenimentelor sau pentru modul \u00een care sunt portretizate personajele \u0219i nu sunt r\u0103spunz\u0103tori pentru eventuale interpret\u0103ri gre\u0219ite. Aceast\u0103 poveste este oferit\u0103 \u201eca atare\u201d, iar orice opinii exprimate apar\u021bin personajelor \u0219i nu reflect\u0103 punctele de vedere ale autorului sau ale editorului.<\/em><\/p>\n","protected":false},"excerpt":{"rendered":"<p>Poli\u021bistul a sim\u021bit cum un fior rece \u00eei urc\u0103 pe \u0219ira spin\u0103rii. S-a aplecat, ating\u00e2nd p\u0103m\u00e2ntul umed cu v\u00e2rful bocancului. Era moale. Prea moale. \u2014<\/p>\n","protected":false},"author":1,"featured_media":40654,"comment_status":"closed","ping_status":"closed","sticky":false,"template":"","format":"standard","meta":[],"categories":[1],"tags":[],"_links":{"self":[{"href":"https:\/\/calatorinromania.com\/index.php?rest_route=\/wp\/v2\/posts\/42531"}],"collection":[{"href":"https:\/\/calatorinromania.com\/index.php?rest_route=\/wp\/v2\/posts"}],"about":[{"href":"https:\/\/calatorinromania.com\/index.php?rest_route=\/wp\/v2\/types\/post"}],"author":[{"embeddable":true,"href":"https:\/\/calatorinromania.com\/index.php?rest_route=\/wp\/v2\/users\/1"}],"replies":[{"embeddable":true,"href":"https:\/\/calatorinromania.com\/index.php?rest_route=%2Fwp%2Fv2%2Fcomments&post=42531"}],"version-history":[{"count":1,"href":"https:\/\/calatorinromania.com\/index.php?rest_route=\/wp\/v2\/posts\/42531\/revisions"}],"predecessor-version":[{"id":42532,"href":"https:\/\/calatorinromania.com\/index.php?rest_route=\/wp\/v2\/posts\/42531\/revisions\/42532"}],"wp:featuredmedia":[{"embeddable":true,"href":"https:\/\/calatorinromania.com\/index.php?rest_route=\/wp\/v2\/media\/40654"}],"wp:attachment":[{"href":"https:\/\/calatorinromania.com\/index.php?rest_route=%2Fwp%2Fv2%2Fmedia&parent=42531"}],"wp:term":[{"taxonomy":"category","embeddable":true,"href":"https:\/\/calatorinromania.com\/index.php?rest_route=%2Fwp%2Fv2%2Fcategories&post=42531"},{"taxonomy":"post_tag","embeddable":true,"href":"https:\/\/calatorinromania.com\/index.php?rest_route=%2Fwp%2Fv2%2Ftags&post=42531"}],"curies":[{"name":"wp","href":"https:\/\/api.w.org\/{rel}","templated":true}]}}