{"id":42527,"date":"2025-10-13T09:40:35","date_gmt":"2025-10-13T09:40:35","guid":{"rendered":"https:\/\/calatorinromania.com\/?p=42527"},"modified":"2025-10-13T09:40:35","modified_gmt":"2025-10-13T09:40:35","slug":"mama-aduce-pe-lume-10-bebelusi-iar-doctorii-isi-dau-seama-ca-unul-dintre-ei-nu-e-deloc-un-bebelus","status":"publish","type":"post","link":"https:\/\/calatorinromania.com\/?p=42527","title":{"rendered":"Mama aduce pe lume 10 bebelu\u0219i, iar doctorii \u00ee\u0219i dau seama c\u0103 unul dintre ei nu e deloc un bebelu\u0219!"},"content":{"rendered":"\n<p>Emilia a sim\u021bit cum i se str\u00e2nge inima. Privirea doctorului era serioas\u0103, iar asistentele se priveau \u00eentre ele, ne\u00eendr\u0103znind s\u0103 spun\u0103 un cuv\u00e2nt. Daniel s-a apropiat \u0219i mai mult, cu m\u00e2inile reci \u0219i tremur\u00e2nde.<\/p>\n\n\n\n<p><\/p>\n\n\n\n<p>\u201eCe \u00eenseamn\u0103 asta, doctore?\u201d a \u00eentrebat el, abia \u0219optind.<\/p>\n\n\n\n<p><\/p>\n\n\n\n<p>Doctorul a inspirat ad\u00e2nc \u0219i a ar\u0103tat spre ecran. \u201eUita\u021bi aici\u2026 nou\u0103 dintre ei se mi\u0219c\u0103 normal, dar acest al zecelea\u2026 nu are forma unui copil. Seam\u0103n\u0103 mai degrab\u0103 cu\u2026 ceva str\u0103in. Ca un obiect.\u201d<\/p>\n\n\n\n<p><\/p>\n\n\n\n<p>Emilia a sim\u021bit cum \u00eei fuge s\u00e2ngele din obraji. \u201eUn obiect? Cum adic\u0103?\u201d<\/p>\n\n\n\n<p><\/p>\n\n\n\n<p>\u201eNu \u0219tiu sigur,\u201d a spus medicul, \u201edar pare s\u0103 fie ceva dur. Poate o forma\u021biune, poate\u2026 altceva. Trebuie s\u0103 te oper\u0103m mai devreme.\u201d<\/p>\n\n\n\n<p><\/p>\n\n\n\n<p>C\u00e2teva zile mai t\u00e2rziu, \u00een zori, sala de opera\u021bie era preg\u0103tit\u0103. Daniel st\u0103tea pe coridor, fr\u0103m\u00e2nt\u00e2nd \u00een m\u00e2ini o iconi\u021b\u0103 mic\u0103 primit\u0103 de la mama lui. \u00cen\u0103untru, totul era lini\u0219te, doar sunetele aparatelor se auzeau ritmic.<\/p>\n\n\n\n<p><\/p>\n\n\n\n<p>Dup\u0103 ore \u00eentregi de tensiune, u\u0219a s-a deschis. Doctorul Haralambie a ie\u0219it, obosit, dar cu un z\u00e2mbet ciudat. \u201eSunt to\u021bi vii\u2026 nou\u0103 copii s\u0103n\u0103to\u0219i.\u201d<\/p>\n\n\n\n<p>Daniel s-a pr\u0103bu\u0219it de emo\u021bie, lacrimile curg\u00e2ndu-i pe fa\u021b\u0103. \u201e\u0218i\u2026 al zecelea?\u201d<\/p>\n\n\n\n<p>Doctorul a t\u0103cut o clip\u0103, apoi a spus: \u201eN-a fost un copil, \u00eentr-adev\u0103r. Era o bucat\u0103 de metal \u00eenvelit\u0103 \u00een \u021besut, lipit\u0103 de peretele uterului. Ceva ce n-am mai v\u0103zut niciodat\u0103.\u201d<\/p>\n\n\n\n<p>\u201eMetal?\u201d a \u0219optit Daniel. \u201eCum e posibil a\u0219a ceva?\u201d<\/p>\n\n\n\n<p>C\u00e2teva zile mai t\u00e2rziu, laboratorul a confirmat: obiectul era un fragment de vechi dispozitiv medical, probabil r\u0103mas \u00een corpul Emiliei dup\u0103 o interven\u021bie suferit\u0103 \u00een tinere\u021be. O gre\u0219eal\u0103 medical\u0103 uitat\u0103 \u00een timp.<\/p>\n\n\n\n<p>C\u00e2nd a aflat, Emilia a pl\u00e2ns, dar nu de team\u0103 \u2014 ci de recuno\u0219tin\u021b\u0103. \u201ePoate c\u0103 Dumnezeu a vrut s\u0103 aflu acum, nu mai t\u00e2rziu,\u201d a spus ea, privind spre cele nou\u0103 micu\u021be f\u0103pturi care dormeau cumin\u021bi \u00een incubatoare.<\/p>\n\n\n\n<p>Povestea lor a f\u0103cut \u00eenconjurul \u021b\u0103rii. Oamenii veneau cu flori, bani, haine \u0219i ajutor. Zeci de mame au scris Emiliei, spun\u00e2ndu-i c\u0103 povestea ei le-a redat credin\u021ba.<\/p>\n\n\n\n<p>C\u00e2nd a ajuns acas\u0103, obosit\u0103 dar fericit\u0103, Emilia \u0219i-a privit casa plin\u0103 de p\u0103tu\u021buri. Daniel i-a adus un ceai \u0219i s-a a\u0219ezat l\u00e2ng\u0103 ea.<\/p>\n\n\n\n<p>\u201e\u0218tii ceva?\u201d i-a spus el z\u00e2mbind. \u201eNu cred c\u0103 e o \u00eent\u00e2mplare. Poate c\u0103 via\u021ba noastr\u0103 trebuia s\u0103 fie exact a\u0219a \u2014 nebun\u0103, grea, dar plin\u0103.\u201d<\/p>\n\n\n\n<p>Emilia a z\u00e2mbit \u00een timp ce \u00ee\u0219i odihnea capul pe um\u0103rul lui. \u201eDac\u0103 am trecut prin toate astea \u0219i suntem \u00eenc\u0103 \u00eempreun\u0103, putem trece prin orice.\u201d<\/p>\n\n\n\n<p>Afara, v\u00e2ntul adia u\u0219or printre pomii de cais, iar din camera copiilor se auzeau respira\u021biile lini\u0219tite ale celor nou\u0103 suflete. \u00cen acel moment, Emilia a \u0219tiut c\u0103 nu conteaz\u0103 c\u00e2te greut\u0103\u021bi va mai aduce via\u021ba \u2014 at\u00e2ta timp c\u00e2t are dragostea familiei ei, nimic nu va putea fi mai puternic.<\/p>\n\n\n\n<p><em>Aceast\u0103 lucrare este inspirat\u0103 din evenimente \u0219i persoane reale, \u00eens\u0103 a fost fic\u021bionalizat\u0103 \u00een scopuri creative. Numele, personajele \u0219i detaliile au fost schimbate pentru a proteja intimitatea \u0219i pentru a \u00eembun\u0103t\u0103\u021bi nara\u021biunea. Orice asem\u0103nare cu persoane reale, \u00een via\u021b\u0103 sau decedate, sau cu evenimente reale este pur \u00eent\u00e2mpl\u0103toare \u0219i nu este inten\u021bionat\u0103 de c\u0103tre autor.<\/em><\/p>\n\n\n\n<p><em>Autorul \u0219i editorul nu \u00ee\u0219i asum\u0103 responsabilitatea pentru exactitatea evenimentelor sau pentru modul \u00een care sunt portretizate personajele \u0219i nu sunt r\u0103spunz\u0103tori pentru eventuale interpret\u0103ri gre\u0219ite. Aceast\u0103 poveste este oferit\u0103 \u201eca atare\u201d, iar orice opinii exprimate apar\u021bin personajelor \u0219i nu reflect\u0103 punctele de vedere ale autorului sau ale editorului.<\/em><\/p>\n","protected":false},"excerpt":{"rendered":"<p>Emilia a sim\u021bit cum i se str\u00e2nge inima. Privirea doctorului era serioas\u0103, iar asistentele se priveau \u00eentre ele, ne\u00eendr\u0103znind s\u0103 spun\u0103 un cuv\u00e2nt. Daniel s-a<\/p>\n","protected":false},"author":1,"featured_media":40636,"comment_status":"closed","ping_status":"closed","sticky":false,"template":"","format":"standard","meta":[],"categories":[1],"tags":[],"_links":{"self":[{"href":"https:\/\/calatorinromania.com\/index.php?rest_route=\/wp\/v2\/posts\/42527"}],"collection":[{"href":"https:\/\/calatorinromania.com\/index.php?rest_route=\/wp\/v2\/posts"}],"about":[{"href":"https:\/\/calatorinromania.com\/index.php?rest_route=\/wp\/v2\/types\/post"}],"author":[{"embeddable":true,"href":"https:\/\/calatorinromania.com\/index.php?rest_route=\/wp\/v2\/users\/1"}],"replies":[{"embeddable":true,"href":"https:\/\/calatorinromania.com\/index.php?rest_route=%2Fwp%2Fv2%2Fcomments&post=42527"}],"version-history":[{"count":1,"href":"https:\/\/calatorinromania.com\/index.php?rest_route=\/wp\/v2\/posts\/42527\/revisions"}],"predecessor-version":[{"id":42528,"href":"https:\/\/calatorinromania.com\/index.php?rest_route=\/wp\/v2\/posts\/42527\/revisions\/42528"}],"wp:featuredmedia":[{"embeddable":true,"href":"https:\/\/calatorinromania.com\/index.php?rest_route=\/wp\/v2\/media\/40636"}],"wp:attachment":[{"href":"https:\/\/calatorinromania.com\/index.php?rest_route=%2Fwp%2Fv2%2Fmedia&parent=42527"}],"wp:term":[{"taxonomy":"category","embeddable":true,"href":"https:\/\/calatorinromania.com\/index.php?rest_route=%2Fwp%2Fv2%2Fcategories&post=42527"},{"taxonomy":"post_tag","embeddable":true,"href":"https:\/\/calatorinromania.com\/index.php?rest_route=%2Fwp%2Fv2%2Ftags&post=42527"}],"curies":[{"name":"wp","href":"https:\/\/api.w.org\/{rel}","templated":true}]}}