{"id":42521,"date":"2025-10-13T09:28:46","date_gmt":"2025-10-13T09:28:46","guid":{"rendered":"https:\/\/calatorinromania.com\/?p=42521"},"modified":"2025-10-13T09:28:47","modified_gmt":"2025-10-13T09:28:47","slug":"o-batrana-statea-singura-la-o-masa-intr-un-restaurant-de-cinci-stele","status":"publish","type":"post","link":"https:\/\/calatorinromania.com\/?p=42521","title":{"rendered":"O b\u0103tr\u00e2n\u0103 st\u0103tea singur\u0103 la o mas\u0103 \u00eentr-un restaurant de cinci stele"},"content":{"rendered":"\n<p>U\u0219a din spate s-a deschis brusc, iar din buc\u0103t\u0103rie a ie\u0219it un b\u0103rbat \u00eenalt, \u00eembr\u0103cat \u00een haine de buc\u0103tar. Avea m\u00e2inile pline de f\u0103in\u0103 \u0219i un \u0219or\u021b p\u0103tat de sosuri, dar ochii i s-au luminat c\u00e2nd a z\u0103rit-o.<\/p>\n\n\n\n<p><\/p>\n\n\n\n<p>\u2014 Doamne\u2026 mama! a rostit el, iar vocea i s-a fr\u00e2nt pe jum\u0103tate.<\/p>\n\n\n\n<p><\/p>\n\n\n\n<p>Toat\u0103 sala a amu\u021bit. Lingurile s-au oprit la jum\u0103tatea drumului spre gur\u0103, iar pianul a t\u0103cut brusc.<\/p>\n\n\n\n<p><\/p>\n\n\n\n<p>Elena s-a ridicat \u00eencet, cu un z\u00e2mbet cald \u0219i un lic\u0103r de lacrimi \u00een ochi.<\/p>\n\n\n\n<p><\/p>\n\n\n\n<p>\u2014 \u021ai-am zis c\u0103 \u00eentr-o zi o s\u0103 vin s\u0103 te v\u0103d la munc\u0103, i-a spus ea. Dar nu m-ai crezut.<\/p>\n\n\n\n<p><\/p>\n\n\n\n<p>B\u0103rbatul s-a apropiat, iar \u00een clipa \u00een care a \u00eembr\u0103\u021bi\u0219at-o, toat\u0103 arogan\u021ba din jur s-a topit ca untul pe tigaie. Nimeni nu mai \u0219tia dac\u0103 s\u0103 aplaude, s\u0103 pl\u00e2ng\u0103 sau s\u0103-\u0219i cear\u0103 scuze \u00een g\u00e2nd.<\/p>\n\n\n\n<p><\/p>\n\n\n\n<p>\u2014 Ea e femeia care m-a \u00eenv\u0103\u021bat tot ce \u0219tiu, a spus buc\u0103tarul cu glas tremurat, privind spre clien\u021bi. Datorit\u0103 ei am ajuns aici. A sp\u0103lat podele, a g\u0103tit pentru al\u021bii, ca eu s\u0103 pot merge la \u0219coal\u0103. \u0218i azi, pentru prima dat\u0103, a venit s\u0103 guste din ce am construit \u00eempreun\u0103.<\/p>\n\n\n\n<p><\/p>\n\n\n\n<p>Un murmur emo\u021bionat a cuprins sala. Chelnerul care o privise cu dispre\u021b a cobor\u00e2t capul ru\u0219inat, iar femeia care o judecase la masa de al\u0103turi \u0219i-a \u0219ters discret ochii.<\/p>\n\n\n\n<p>Elena s-a a\u0219ezat din nou, iar fiul ei i-a adus personal fiecare fel de m\u00e2ncare, cu o grij\u0103 aproape sf\u00e2nt\u0103.<\/p>\n\n\n\n<p>\u2014 S\u0103 \u0219tii, mam\u0103, c\u0103 supa asta e f\u0103cut\u0103 dup\u0103 re\u021beta ta, i-a spus el, z\u00e2mbind. \u021ai-aduci aminte c\u00e2nd o f\u0103ceai iarna, c\u00e2nd se t\u0103ia curentul \u0219i \u00eenc\u0103lzeam casa cu soba mic\u0103 din buc\u0103t\u0103rie?<\/p>\n\n\n\n<p>Ea a \u00eencuviin\u021bat din cap, cu lacrimile \u0219iroindu-i pe obraji. \u2014 Cum s\u0103 uit? Pe atunci visam doar s\u0103 te \u0219tiu fericit.<\/p>\n\n\n\n<p>\u2014 \u0218i sunt, i-a r\u0103spuns el. Mai mult dec\u00e2t am fost vreodat\u0103.<\/p>\n\n\n\n<p>Cei din restaurant au \u00eenceput s\u0103 aplaude u\u0219or, iar o femeie din col\u021b a trimis \u00een t\u0103cere o sticl\u0103 de vin la masa lor, f\u0103r\u0103 s\u0103 mai rosteasc\u0103 nimic.<\/p>\n\n\n\n<p>P\u00e2n\u0103 \u0219i pianul a \u00eenceput din nou s\u0103 c\u00e2nte, de data asta mai cald, mai bl\u00e2nd, de parc\u0103 \u00eentreaga \u00eenc\u0103pere ar fi vrut s\u0103-\u0219i cear\u0103 iertare.<\/p>\n\n\n\n<p>C\u00e2nd a terminat de m\u00e2ncat, Elena s-a ridicat, \u0219i-a aranjat u\u0219or puloverul \u0219i a spus:<\/p>\n\n\n\n<p>\u2014 N-am venit aici pentru m\u00e2ncare, ci ca s\u0103-\u021bi v\u0103d ochii str\u0103lucind. Acum pot merge lini\u0219tit\u0103 acas\u0103.<\/p>\n\n\n\n<p>Fiul ei a z\u00e2mbit, i-a s\u0103rutat m\u00e2na \u0219i i-a \u0219optit: \u2014 F\u0103r\u0103 tine, locul \u0103sta n-ar fi existat niciodat\u0103.<\/p>\n\n\n\n<p>Apoi, \u00een timp ce ea se \u00eendrepta spre ie\u0219ire, to\u021bi s-au ridicat instinctiv \u00een picioare. Nu pentru o vedet\u0103, nu pentru o femeie bogat\u0103, ci pentru o mam\u0103 care \u00ee\u0219i crescuse fiul cu dragoste, demnitate \u0219i puterea de a visa.<\/p>\n\n\n\n<p>\u0218i, \u00een acea sear\u0103 de toamn\u0103, restaurantul de cinci stele a \u00eenv\u0103\u021bat ceva ce nu se g\u0103se\u0219te \u00een niciun meniu: respectul nu se serve\u0219te pe farfurii, ci se c\u00e2\u0219tig\u0103 prin inim\u0103.<\/p>\n\n\n\n<p><em>Aceast\u0103 lucrare este inspirat\u0103 din evenimente \u0219i persoane reale, \u00eens\u0103 a fost fic\u021bionalizat\u0103 \u00een scopuri creative. Numele, personajele \u0219i detaliile au fost schimbate pentru a proteja intimitatea \u0219i pentru a \u00eembun\u0103t\u0103\u021bi nara\u021biunea. Orice asem\u0103nare cu persoane reale, \u00een via\u021b\u0103 sau decedate, sau cu evenimente reale este pur \u00eent\u00e2mpl\u0103toare \u0219i nu este inten\u021bionat\u0103 de c\u0103tre autor.<\/em><\/p>\n\n\n\n<p><em>Autorul \u0219i editorul nu \u00ee\u0219i asum\u0103 responsabilitatea pentru exactitatea evenimentelor sau pentru modul \u00een care sunt portretizate personajele \u0219i nu sunt r\u0103spunz\u0103tori pentru eventuale interpret\u0103ri gre\u0219ite. Aceast\u0103 poveste este oferit\u0103 \u201eca atare\u201d, iar orice opinii exprimate apar\u021bin personajelor \u0219i nu reflect\u0103 punctele de vedere ale autorului sau ale editorului.<\/em><\/p>\n","protected":false},"excerpt":{"rendered":"<p>U\u0219a din spate s-a deschis brusc, iar din buc\u0103t\u0103rie a ie\u0219it un b\u0103rbat \u00eenalt, \u00eembr\u0103cat \u00een haine de buc\u0103tar. Avea m\u00e2inile pline de f\u0103in\u0103 \u0219i<\/p>\n","protected":false},"author":1,"featured_media":42522,"comment_status":"closed","ping_status":"closed","sticky":false,"template":"","format":"standard","meta":[],"categories":[1],"tags":[],"_links":{"self":[{"href":"https:\/\/calatorinromania.com\/index.php?rest_route=\/wp\/v2\/posts\/42521"}],"collection":[{"href":"https:\/\/calatorinromania.com\/index.php?rest_route=\/wp\/v2\/posts"}],"about":[{"href":"https:\/\/calatorinromania.com\/index.php?rest_route=\/wp\/v2\/types\/post"}],"author":[{"embeddable":true,"href":"https:\/\/calatorinromania.com\/index.php?rest_route=\/wp\/v2\/users\/1"}],"replies":[{"embeddable":true,"href":"https:\/\/calatorinromania.com\/index.php?rest_route=%2Fwp%2Fv2%2Fcomments&post=42521"}],"version-history":[{"count":1,"href":"https:\/\/calatorinromania.com\/index.php?rest_route=\/wp\/v2\/posts\/42521\/revisions"}],"predecessor-version":[{"id":42523,"href":"https:\/\/calatorinromania.com\/index.php?rest_route=\/wp\/v2\/posts\/42521\/revisions\/42523"}],"wp:featuredmedia":[{"embeddable":true,"href":"https:\/\/calatorinromania.com\/index.php?rest_route=\/wp\/v2\/media\/42522"}],"wp:attachment":[{"href":"https:\/\/calatorinromania.com\/index.php?rest_route=%2Fwp%2Fv2%2Fmedia&parent=42521"}],"wp:term":[{"taxonomy":"category","embeddable":true,"href":"https:\/\/calatorinromania.com\/index.php?rest_route=%2Fwp%2Fv2%2Fcategories&post=42521"},{"taxonomy":"post_tag","embeddable":true,"href":"https:\/\/calatorinromania.com\/index.php?rest_route=%2Fwp%2Fv2%2Ftags&post=42521"}],"curies":[{"name":"wp","href":"https:\/\/api.w.org\/{rel}","templated":true}]}}