{"id":42519,"date":"2025-10-13T09:24:44","date_gmt":"2025-10-13T09:24:44","guid":{"rendered":"https:\/\/calatorinromania.com\/?p=42519"},"modified":"2025-10-13T09:24:45","modified_gmt":"2025-10-13T09:24:45","slug":"oamenii-de-stiinta-au-descoperit-un-submarin-vechi-chiar-in-mijlocul-desertului","status":"publish","type":"post","link":"https:\/\/calatorinromania.com\/?p=42519","title":{"rendered":"Oamenii de \u0219tiin\u021b\u0103 au descoperit un submarin vechi chiar \u00een mijlocul de\u0219ertului:"},"content":{"rendered":"\n<p>C\u00e2nd primul cercet\u0103tor a p\u0103\u0219it \u00een\u0103untru, s-a auzit doar ecoul bocancilor lovind metalul rece. Luminile frontale abia p\u0103trundeau prin praful gros care plutea \u00een aer. \u00cen\u0103untru era t\u0103cere deplin\u0103.<\/p>\n\n\n\n<p><\/p>\n\n\n\n<p>Pe pere\u021bi se vedeau urme de scrijelituri, de parc\u0103 cineva \u00eencercase s\u0103 lase un mesaj. Pe o tabl\u0103 ruginit\u0103, abia se mai distingeau c\u00e2teva cuvinte \u00een limba rom\u00e2n\u0103 veche: \u201eNu era vis\u2026 ne-au adus aici.\u201d<\/p>\n\n\n\n<p><\/p>\n\n\n\n<p>To\u021bi au \u00eencremenit. Cum putea fi un submarin rom\u00e2nesc \u00een mijlocul de\u0219ertului arab?<\/p>\n\n\n\n<p><\/p>\n\n\n\n<p>Un inginer s-a apropiat de panoul de comand\u0103. Cablurile erau topite, dar mecanismele p\u0103reau intacte. \u201eA fost alimentat p\u00e2n\u0103 de cur\u00e2nd\u201d, a murmurat el. Cuvintele lui au fost urmate de un zumzet slab \u2013 un aparat se pornise singur.<\/p>\n\n\n\n<p><\/p>\n\n\n\n<p>Un afi\u0219aj mic a \u00eenceput s\u0103 p\u00e2lp\u00e2ie, ar\u0103t\u00e2nd o singur\u0103 dat\u0103:\u00a0<strong>1968<\/strong>.<\/p>\n\n\n\n<p><\/p>\n\n\n\n<p>\u201eE imposibil\u201d, a spus arheologul. \u201eNiciun submarin de atunci nu ar fi putut ajunge aici f\u0103r\u0103 s\u0103 fie observat.\u201d<\/p>\n\n\n\n<p><\/p>\n\n\n\n<p>Dar imposibilul abia \u00eencepuse.<\/p>\n\n\n\n<p><\/p>\n\n\n\n<p>\u00centr-un compartiment lateral, au g\u0103sit o camer\u0103 sigilat\u0103. Pe u\u0219\u0103 era pictat\u0103 o cruce simpl\u0103. Dup\u0103 ce au for\u021bat \u00eencuietoarea, un miros \u0219i mai puternic i-a izbit. \u00cen\u0103untru, zece trupuri perfect conservate st\u0103teau pe b\u0103nci, ca \u0219i cum ar fi fost \u00een via\u021b\u0103.<\/p>\n\n\n\n<p><\/p>\n\n\n\n<p>To\u021bi purtau uniforme rom\u00e2ne\u0219ti din perioada comunist\u0103. Pe unul dintre ei, un cercet\u0103tor a observat un carnet de piele. Pe copert\u0103 scria:\u00a0<strong>\u201eC\u0103pitanul Ion Marinescu \u2013 Misiune: Atlantida.\u201d<\/strong><\/p>\n\n\n\n<p><\/p>\n\n\n\n<p>O lini\u0219te ad\u00e2nc\u0103 s-a l\u0103sat peste echip\u0103. Biologii au \u00eenceput s\u0103 preleveze probe, dar \u00een clipa \u00een care au atins unul dintre trupuri, detectorul de radia\u021bii a luat-o razna. Alarmele urlau, iar aerul p\u0103rea s\u0103 vibreze.<\/p>\n\n\n\n<p><\/p>\n\n\n\n<p>\u201eIe\u0219i\u021bi afar\u0103, acum!\u201d, a strigat comandantul expedi\u021biei.<\/p>\n\n\n\n<p><\/p>\n\n\n\n<p>C\u00e2nd au ie\u0219it la suprafa\u021b\u0103, au v\u0103zut c\u0103 \u0219i c\u0103milele disp\u0103ruser\u0103. \u00cen jur, nisipul se mi\u0219ca u\u0219or, de parc\u0103 respira. Iar submarinul\u2026 nu mai era acela\u0219i. Pe corpul s\u0103u ap\u0103ruser\u0103 lumini albastre, ca ni\u0219te semne vii care pulsau \u00eencet.<\/p>\n\n\n\n<p><\/p>\n\n\n\n<p>Sateli\u021bii au \u00eencetat s\u0103 mai trimit\u0103 semnal \u00een acea zon\u0103 pentru aproape 12 ore. C\u00e2nd conexiunea s-a restabilit, submarinul disp\u0103ruse complet, l\u0103s\u00e2nd \u00een urm\u0103 doar un crater ad\u00e2nc \u0219i un miros puternic de fier ars.<\/p>\n\n\n\n<p><\/p>\n\n\n\n<p>Guvernul a declarat zona \u201eperimetru restric\u021bionat\u201d \u0219i a interzis accesul oricui. Oficial, s-a spus c\u0103 totul a fost o eroare de imagini, un joc al umbrelor.<\/p>\n\n\n\n<p><\/p>\n\n\n\n<p>Dar cei care au fost acolo\u2026 nu au mai fost niciodat\u0103 aceia\u0219i. Unii au p\u0103r\u0103sit \u0219tiin\u021ba, al\u021bii au disp\u0103rut f\u0103r\u0103 urm\u0103.<\/p>\n\n\n\n<p><\/p>\n\n\n\n<p>Doar unul dintre cercet\u0103tori, cu ani mai t\u00e2rziu, a vorbit. \u00centr-un interviu anonim, a spus: \u201eNu era un submarin. Era o poart\u0103. \u0218i, pentru o clip\u0103, s-a deschis.\u201d<\/p>\n\n\n\n<p><\/p>\n\n\n\n<p><em>Aceast\u0103 lucrare este inspirat\u0103 din evenimente \u0219i persoane reale, \u00eens\u0103 a fost fic\u021bionalizat\u0103 \u00een scopuri creative. Numele, personajele \u0219i detaliile au fost schimbate pentru a proteja intimitatea \u0219i pentru a \u00eembun\u0103t\u0103\u021bi nara\u021biunea. Orice asem\u0103nare cu persoane reale, \u00een via\u021b\u0103 sau decedate, sau cu evenimente reale este pur \u00eent\u00e2mpl\u0103toare \u0219i nu este inten\u021bionat\u0103 de c\u0103tre autor.<\/em><\/p>\n\n\n\n<p><em>Autorul \u0219i editorul nu \u00ee\u0219i asum\u0103 responsabilitatea pentru exactitatea evenimentelor sau pentru modul \u00een care sunt portretizate personajele \u0219i nu sunt r\u0103spunz\u0103tori pentru eventuale interpret\u0103ri gre\u0219ite. Aceast\u0103 poveste este oferit\u0103 \u201eca atare\u201d, iar orice opinii exprimate apar\u021bin personajelor \u0219i nu reflect\u0103 punctele de vedere ale autorului sau ale editorului.<\/em><\/p>\n","protected":false},"excerpt":{"rendered":"<p>C\u00e2nd primul cercet\u0103tor a p\u0103\u0219it \u00een\u0103untru, s-a auzit doar ecoul bocancilor lovind metalul rece. Luminile frontale abia p\u0103trundeau prin praful gros care plutea \u00een aer.<\/p>\n","protected":false},"author":1,"featured_media":40654,"comment_status":"closed","ping_status":"closed","sticky":false,"template":"","format":"standard","meta":[],"categories":[1],"tags":[],"_links":{"self":[{"href":"https:\/\/calatorinromania.com\/index.php?rest_route=\/wp\/v2\/posts\/42519"}],"collection":[{"href":"https:\/\/calatorinromania.com\/index.php?rest_route=\/wp\/v2\/posts"}],"about":[{"href":"https:\/\/calatorinromania.com\/index.php?rest_route=\/wp\/v2\/types\/post"}],"author":[{"embeddable":true,"href":"https:\/\/calatorinromania.com\/index.php?rest_route=\/wp\/v2\/users\/1"}],"replies":[{"embeddable":true,"href":"https:\/\/calatorinromania.com\/index.php?rest_route=%2Fwp%2Fv2%2Fcomments&post=42519"}],"version-history":[{"count":1,"href":"https:\/\/calatorinromania.com\/index.php?rest_route=\/wp\/v2\/posts\/42519\/revisions"}],"predecessor-version":[{"id":42520,"href":"https:\/\/calatorinromania.com\/index.php?rest_route=\/wp\/v2\/posts\/42519\/revisions\/42520"}],"wp:featuredmedia":[{"embeddable":true,"href":"https:\/\/calatorinromania.com\/index.php?rest_route=\/wp\/v2\/media\/40654"}],"wp:attachment":[{"href":"https:\/\/calatorinromania.com\/index.php?rest_route=%2Fwp%2Fv2%2Fmedia&parent=42519"}],"wp:term":[{"taxonomy":"category","embeddable":true,"href":"https:\/\/calatorinromania.com\/index.php?rest_route=%2Fwp%2Fv2%2Fcategories&post=42519"},{"taxonomy":"post_tag","embeddable":true,"href":"https:\/\/calatorinromania.com\/index.php?rest_route=%2Fwp%2Fv2%2Ftags&post=42519"}],"curies":[{"name":"wp","href":"https:\/\/api.w.org\/{rel}","templated":true}]}}