{"id":42515,"date":"2025-10-13T09:14:21","date_gmt":"2025-10-13T09:14:21","guid":{"rendered":"https:\/\/calatorinromania.com\/?p=42515"},"modified":"2025-10-13T09:14:21","modified_gmt":"2025-10-13T09:14:21","slug":"fiica-mea-in-varsta-de-16-ani-a-economisit-luni-intregi-ca-sa-si-cumpere-masina-de-cusut-visata","status":"publish","type":"post","link":"https:\/\/calatorinromania.com\/?p=42515","title":{"rendered":"Fiica mea, \u00een v\u00e2rst\u0103 de 16 ani, a economisit luni \u00eentregi ca s\u0103-\u0219i cumpere ma\u0219ina de cusut visat\u0103"},"content":{"rendered":"\n<p>Z\u00e2mbetul i s-a stins complet. Aerul de pe teras\u0103 s-a f\u0103cut mai greu, parc\u0103 umplut cu aceea\u0219i ap\u0103 din piscin\u0103 care tocmai le luase visul Elenei.<\/p>\n\n\n\n<p><\/p>\n\n\n\n<p>Nu am strigat. Nu am dat cu pumnul \u00een nimic. Am f\u0103cut ceva mult mai simplu \u0219i, \u00een acela\u0219i timp, mult mai dureros: am vorbit.<\/p>\n\n\n\n<p><\/p>\n\n\n\n<p>\u201eSta\u021bi aici,\u201d le-am spus, f\u0103r\u0103 ur\u0103 \u00een voce, doar cu o lini\u0219te rece. \u201eR\u0103m\u00e2ne\u021bi p\u00e2n\u0103 rezolv\u0103m problema asta. Toat\u0103 lumea.\u201d<\/p>\n\n\n\n<p><\/p>\n\n\n\n<p>Marius a vrut s\u0103 protesteze. A deschis gura, s-a poticnit \u0219i n-a zis nimic. Raluca a aruncat o privire triumf\u0103toare, dar tremura un pic la col\u021bul ochilor. Elena \u00eemi \u021binea degetele str\u00e2ns. Sim\u021beam firele de speran\u021b\u0103 care \u00eenc\u0103 o \u021bineau legat\u0103 de via\u021b\u0103.<\/p>\n\n\n\n<p><\/p>\n\n\n\n<p>Am scos telefonul \u0219i am sunat o prieten\u0103. \u201eAndreea, vino repede cu o p\u0103tur\u0103 \u0219i o cutie mare,\u201d i-am zis. \u201e\u0218i vino cu o cheie de la atelierul de la blocul de l\u00e2ng\u0103 voi.\u201d<\/p>\n\n\n\n<p><\/p>\n\n\n\n<p>C\u00e2teva minute mai t\u00e2rziu, eram cu cutia \u00een m\u00e2ini. L\u00e2ng\u0103 piscin\u0103, Elena se uita la mine cu ochii mari. \u201eCe faci, mam\u0103?\u201d<\/p>\n\n\n\n<p><\/p>\n\n\n\n<p>\u201e\u00ce\u021bi aduc ceva,\u201d i-am spus. \u201eDar \u00eenainte, vreau ca ei s\u0103 asculte.\u201d<\/p>\n\n\n\n<p><\/p>\n\n\n\n<p>I-am cerut Elenei s\u0103-mi spun\u0103, \u00een timp ce eu o notam pe telefon, tot ce f\u0103cuse ca s\u0103-\u0219i ia ma\u0219ina: c\u00e2te nop\u021bi a lipit saci de f\u0103in\u0103 pentru a face ni\u0219te saco\u0219e, c\u00e2te col\u021buri a t\u0103iat din cheltuieli, la c\u00e2te mamare a renun\u021bat. A spus totul, vocea tremur\u00e2nd, dar cu o m\u00e2ndrie pe care lacrimile nu o puteau ascunde.<\/p>\n\n\n\n<p><\/p>\n\n\n\n<p>Am trimis acel mesaj \u2014 cu lista, cu poze ale saco\u0219elor, cu toate conversa\u021biile \u00een care Elena oferea produse \u2014 pe grupul de vecini \u0219i prieteni. \u00cen zece minute, curtea era plin\u0103 de oameni. O femeie a adus o ma\u0219in\u0103 de cusut de rezerv\u0103, alta a adus materiale. O pensionar\u0103 a deschis un borcan cu bani. Unchiul din cartier a scoas\u0103 o p\u00e2nz\u0103 mic\u0103, cusut\u0103 de m\u00e2n\u0103, \u0219i a pus-o pe mas\u0103 ca semn de sprijin.<\/p>\n\n\n\n<p><\/p>\n\n\n\n<p>Marius \u0219i Raluca au \u00een\u021bepenit. Se uitau la vecinii care le aruncau priviri din ce \u00een ce mai t\u0103ioase. Nu era un scandal mare, dar era suficient ca s\u0103 le zguduie confortul.<\/p>\n\n\n\n<p><\/p>\n\n\n\n<p>\u201eCe crede\u021bi?\u201d le-am zis, cu to\u021bi ochii a\u021binti\u021bi c\u0103tre ei. \u201eC\u0103 pute\u021bi distruge visul unui copil \u0219i nimeni nu va zice nimic? C\u0103 a\u0219a se face respect?\u201d<\/p>\n\n\n\n<p>Raluca a ros o bucat\u0103 de buze. Marius \u0219i-a scos telefonul, a \u00eenceput s\u0103 tasteze, apoi l-a b\u0103gat \u00een buzunar. Vecinii au \u00eenceput s\u0103 vorbeasc\u0103 despre responsabilitate, despre cum se trateaz\u0103 copiii \u0219i cum se \u00eenva\u021b\u0103 respectul \u2014 nu cu umilin\u021b\u0103 public\u0103, ci cu munca m\u00e2inilor \u0219i cu asumarea gre\u0219elii.<\/p>\n\n\n\n<p>Am propus un acord simplu. \u00cen fa\u021ba tuturor, i-am cerut lui Marius \u0219i Raluca s\u0103-\u0219i asume responsabilitatea: s\u0103 pl\u0103teasc\u0103 repara\u021bia ma\u0219inii sau, dac\u0103 nu se putea repara, s\u0103 cumpere una la fel sau mai bun\u0103. S\u0103 pl\u0103teasc\u0103 \u00een rate, muncind ele \u00eempreun\u0103 cu Elena la proiecte de voluntariat \u00een cartier \u2014 s\u0103 coas\u0103 saco\u0219ele pentru centrele sociale, s\u0103 participe la ateliere pentru copiii din zon\u0103, s\u0103 fac\u0103 cur\u0103\u021benie la parcul din apropiere. S\u0103-\u0219i asume treburile din cas\u0103 pentru o perioad\u0103 \u0219i s\u0103 dea dovad\u0103 de respect \u00een fa\u021ba fetei, zi de zi.<\/p>\n\n\n\n<p>Am ridicat privirea spre Marius. \u201eDac\u0103 \u00eenv\u0103\u021ba\u021bi ceva din asta, nu va mai fi din fric\u0103, ci din respect. \u0218i dac\u0103 nu, apoi oamenii din jur v\u0103 vor aminti constant.\u201d<\/p>\n\n\n\n<p>Era o lec\u021bie f\u0103cut\u0103 public, dar corect\u0103. Nu era umilire gratuit\u0103. Era responsabilitate impus\u0103.<\/p>\n\n\n\n<p>Raluca a oftat, apoi a oftat din nou. Marius a r\u0103suflat greu. \u201eBine,\u201d a zis el, \u00een cele din urm\u0103. \u201eO schimb\u0103m. Pl\u0103tim. \u0218i\u2026 vom\u2026 ne vom implica.\u201d<\/p>\n\n\n\n<p>Elena a \u00eenceput s\u0103 pl\u00e2ng\u0103 de data asta de altfel \u2014 nu numai de durere, ci de u\u0219urare. Vecinele i-au pus pe umeri p\u0103turile aduse, au adus ceai cald. Un b\u0103rbat a scos o ma\u0219in\u0103 de cusut veche, dar bun\u0103, \u0219i i-a pus-o \u00een bra\u021be fiicei mele, cu un z\u00e2mbet bl\u00e2nd: \u201eNu e nou\u0103, dar are suflet.\u201d<\/p>\n\n\n\n<p>\u00cen urm\u0103toarele s\u0103pt\u0103m\u00e2ni, Marius \u0219i Raluca au muncit. Au venit la ateliere, au cusut al\u0103turi de Elena, au \u00eenv\u0103\u021bat s\u0103-ntoarc\u0103 cus\u0103turi, s\u0103 coase nasturi, s\u0103 repare un tiv. Nu era doar munc\u0103 \u2014 era recunoa\u0219terea c\u0103 ceea ce au f\u0103cut a creat un gol. Umpl\u00e2nd acel gol cu efort \u0219i cu scuze sincere, au \u00eenceput s\u0103 \u00een\u021beleag\u0103.<\/p>\n\n\n\n<p>Elena nu \u0219i-a primit ma\u0219ina veche \u00eenapoi \u2014 s-a decis c\u0103 era compromis\u0103 \u2014 dar a primit ceva mai mult: o comunitate care a \u021binut-o \u00een bra\u021be, o ma\u0219in\u0103 de cusut care func\u021biona \u0219i, cel mai important, respect din partea celor care o r\u0103niser\u0103. Raluca a pl\u0103tit repara\u021biile \u0219i a f\u0103cut dona\u021bii la clubul copiilor. Marius a \u00eenceput, f\u0103r\u0103 s\u0103-l oblige nimeni, s\u0103-\u0219i ofere ajutorul la teme, schimb\u00e2nd replicile reci cu vorbe bl\u00e2nde.<\/p>\n\n\n\n<p>La sf\u00e2r\u0219it, \u00eentr-o duminic\u0103 cu soare, am pus o mas\u0103 \u00een curte. Am tocat ceap\u0103, am f\u0103cut mici \u0219i am pus o pr\u0103jitur\u0103. Elena a t\u0103iat o panglic\u0103 ro\u0219ie la ma\u0219ina ei nou\u0103. Raluca a luat microfonul improvizat \u0219i a spus \u201e\u00cemi pare r\u0103u\u201d public, cu lacrimi \u00een glas. Marius a venit dup\u0103 ea, a dat m\u00e2na fiicei mele \u0219i i-a spus: \u201eAi muncit. Ne-ai \u00eenv\u0103\u021bat \u0219i pe noi s\u0103 muncim mai bine. \u00ce\u021bi mul\u021bumesc.\u201d<\/p>\n\n\n\n<p>Nu a fost victoria mea \u00eempotriva lor. A fost un \u00eenceput. Le-am ar\u0103tat ce \u00eenseamn\u0103 s\u0103 pierzi \u2014 \u0219i le-am ar\u0103tat cum se repar\u0103 pierderea prin fapte, nu prin umilin\u021b\u0103. Elena a z\u00e2mbit, iar atunci c\u00e2nd ma\u0219ina a \u00eenceput s\u0103 func\u021bioneze, acul a cobor\u00e2t \u0219i a urcat cu un sunet care a sunat ca o promisiune.<\/p>\n\n\n\n<p>C\u00e2nd seara s-a l\u0103sat, lumina s-a stins peste curte, dar ceva r\u0103m\u0103sese aprins: respectul c\u00e2\u0219tigat cu sudoare \u0219i sinceritate. \u0218i \u0219tiam, cu o lini\u0219te nou\u0103 \u00een piept, c\u0103 uneori lec\u021biile care dor cel mai tare sunt cele care, \u00een final, vindec\u0103.<\/p>\n\n\n\n<p><em>Aceast\u0103 lucrare este inspirat\u0103 din evenimente \u0219i persoane reale, \u00eens\u0103 a fost fic\u021bionalizat\u0103 \u00een scopuri creative. Numele, personajele \u0219i detaliile au fost schimbate pentru a proteja intimitatea \u0219i pentru a \u00eembun\u0103t\u0103\u021bi nara\u021biunea. Orice asem\u0103nare cu persoane reale, \u00een via\u021b\u0103 sau decedate, sau cu evenimente reale este pur \u00eent\u00e2mpl\u0103toare \u0219i nu este inten\u021bionat\u0103 de c\u0103tre autor.<\/em><\/p>\n\n\n\n<p><em>Autorul \u0219i editorul nu \u00ee\u0219i asum\u0103 responsabilitatea pentru exactitatea evenimentelor sau pentru modul \u00een care sunt portretizate personajele \u0219i nu sunt r\u0103spunz\u0103tori pentru eventuale interpret\u0103ri gre\u0219ite. Aceast\u0103 poveste este oferit\u0103 \u201eca atare\u201d, iar orice opinii exprimate apar\u021bin personajelor \u0219i nu reflect\u0103 punctele de vedere ale autorului sau ale editorului.<\/em><\/p>\n\n\n\n<p><a href=\"https:\/\/www.pinterest.com\/pin\/create\/button\/?url=https%3A%2F%2Fbumzi.ro%2F%3Fp%3D8709&amp;description=Fiica+mea%2C+%C3%AEn+v%C3%A2rst%C4%83+de+16+ani%2C+a+economisit+luni+%C3%AEntregi+ca+s%C4%83-%C8%99i+cumpere+ma%C8%99ina+de+cusut+visat%C4%83\" target=\"_blank\" rel=\"noreferrer noopener\"><\/a><\/p>\n\n\n\n<p><a href=\"https:\/\/www.facebook.com\/sharer\/sharer.php?u=https%3A%2F%2Fbumzi.ro%2F%3Fp%3D8709\" target=\"_blank\" rel=\"noreferrer noopener\"><\/a><\/p>\n\n\n\n<p><a href=\"https:\/\/twitter.com\/intent\/tweet?url=https%3A%2F%2Fbumzi.ro%2F%3Fp%3D8709&amp;text=Fiica+mea%2C+%C3%AEn+v%C3%A2rst%C4%83+de+16+ani%2C+a+economisit+luni+%C3%AEntregi+ca+s%C4%83-%C8%99i+cumpere+ma%C8%99ina+de+cusut+visat%C4%83\" target=\"_blank\" rel=\"noreferrer noopener\"><\/a><a href=\"https:\/\/bumzi.ro\/?p=8706\"><\/a><\/p>\n","protected":false},"excerpt":{"rendered":"<p>Z\u00e2mbetul i s-a stins complet. Aerul de pe teras\u0103 s-a f\u0103cut mai greu, parc\u0103 umplut cu aceea\u0219i ap\u0103 din piscin\u0103 care tocmai le luase visul<\/p>\n","protected":false},"author":1,"featured_media":40496,"comment_status":"closed","ping_status":"closed","sticky":false,"template":"","format":"standard","meta":[],"categories":[1],"tags":[],"_links":{"self":[{"href":"https:\/\/calatorinromania.com\/index.php?rest_route=\/wp\/v2\/posts\/42515"}],"collection":[{"href":"https:\/\/calatorinromania.com\/index.php?rest_route=\/wp\/v2\/posts"}],"about":[{"href":"https:\/\/calatorinromania.com\/index.php?rest_route=\/wp\/v2\/types\/post"}],"author":[{"embeddable":true,"href":"https:\/\/calatorinromania.com\/index.php?rest_route=\/wp\/v2\/users\/1"}],"replies":[{"embeddable":true,"href":"https:\/\/calatorinromania.com\/index.php?rest_route=%2Fwp%2Fv2%2Fcomments&post=42515"}],"version-history":[{"count":1,"href":"https:\/\/calatorinromania.com\/index.php?rest_route=\/wp\/v2\/posts\/42515\/revisions"}],"predecessor-version":[{"id":42516,"href":"https:\/\/calatorinromania.com\/index.php?rest_route=\/wp\/v2\/posts\/42515\/revisions\/42516"}],"wp:featuredmedia":[{"embeddable":true,"href":"https:\/\/calatorinromania.com\/index.php?rest_route=\/wp\/v2\/media\/40496"}],"wp:attachment":[{"href":"https:\/\/calatorinromania.com\/index.php?rest_route=%2Fwp%2Fv2%2Fmedia&parent=42515"}],"wp:term":[{"taxonomy":"category","embeddable":true,"href":"https:\/\/calatorinromania.com\/index.php?rest_route=%2Fwp%2Fv2%2Fcategories&post=42515"},{"taxonomy":"post_tag","embeddable":true,"href":"https:\/\/calatorinromania.com\/index.php?rest_route=%2Fwp%2Fv2%2Ftags&post=42515"}],"curies":[{"name":"wp","href":"https:\/\/api.w.org\/{rel}","templated":true}]}}