{"id":42513,"date":"2025-10-13T09:11:58","date_gmt":"2025-10-13T09:11:58","guid":{"rendered":"https:\/\/calatorinromania.com\/?p=42513"},"modified":"2025-10-13T09:11:58","modified_gmt":"2025-10-13T09:11:58","slug":"avea-doar-paisprezece-ani-cand-a-fost-alungata-pentru-ca-purta-un-copil","status":"publish","type":"post","link":"https:\/\/calatorinromania.com\/?p=42513","title":{"rendered":"Avea doar paisprezece ani c\u00e2nd a fost alungat\u0103 pentru c\u0103 purta un copil"},"content":{"rendered":"\n<p>Drumul spre\u00a0<strong>Valea Bradului<\/strong>\u00a0p\u0103rea mai lung ca oric\u00e2nd. Peisajul era acela\u0219i, dar nimic nu mai avea gustul copil\u0103riei. Casele, c\u00e2mpurile, chiar \u0219i aerul p\u0103reau s\u0103 o judece \u00een t\u0103cere. Lidia st\u0103tea t\u0103cut\u0103 pe scaunul din dreapta, ascult\u00e2nd muzic\u0103 \u00een c\u0103\u0219ti, f\u0103r\u0103 s\u0103 \u00eentrebe nimic.<\/p>\n\n\n\n<p><\/p>\n\n\n\n<p>\u2014 Aici ai crescut, mam\u0103? a spus \u00eentr-un final.<\/p>\n\n\n\n<p><\/p>\n\n\n\n<p>Elena a z\u00e2mbit amar.<\/p>\n\n\n\n<p><br>\u2014 Da, draga mea. Aici am \u00eenv\u0103\u021bat ce \u00eenseamn\u0103 s\u0103 pleci atunci c\u00e2nd n-ai unde s\u0103 te duci.<\/p>\n\n\n\n<p><\/p>\n\n\n\n<p>C\u00e2nd ma\u0219ina a oprit \u00een fa\u021ba casei vechi, Elena a sim\u021bit c\u0103 timpul s-a oprit. U\u0219a era aceea\u0219i, doar mai scorojit\u0103. Gr\u0103dina, c\u00e2ndva plin\u0103 de flori, era acum uscat\u0103 \u0219i p\u0103r\u0103sit\u0103. Dan a ie\u0219it din cas\u0103 \u0219i a venit spre ea, vizibil emo\u021bionat.<\/p>\n\n\n\n<p><\/p>\n\n\n\n<p>\u2014 M\u0103 bucur c\u0103 ai venit, a spus el \u00eencet. Mama te a\u0219teapt\u0103.<\/p>\n\n\n\n<p><\/p>\n\n\n\n<p>Elena a p\u0103\u0219it \u00een\u0103untru cu inima c\u00e2t un purice. Mirosul de sup\u0103, de lemn vechi \u0219i de dor i-a str\u0103puns sufletul. \u00cen camera de l\u00e2ng\u0103 sob\u0103, pe pat, st\u0103tea mama ei \u2014 sl\u0103bit\u0103, cu p\u0103rul alb \u0219i ochii pierdu\u021bi. C\u00e2nd privirea li s-a \u00eent\u00e2lnit, timpul a \u00eenghe\u021bat.<\/p>\n\n\n\n<p><\/p>\n\n\n\n<p>\u2014 Mam\u0103\u2026, a rostit Elena, abia \u0219optit.<\/p>\n\n\n\n<p><\/p>\n\n\n\n<p>B\u0103tr\u00e2na a clipit, iar o lacrim\u0103 i-a alunecat pe obraz.<\/p>\n\n\n\n<p><br>\u2014 Am gre\u0219it, fata mea\u2026 am fost o proast\u0103.<\/p>\n\n\n\n<p><\/p>\n\n\n\n<p>Elena a c\u0103zut \u00een genunchi l\u00e2ng\u0103 pat \u0219i i-a luat m\u00e2na. Toat\u0103 durerea, toat\u0103 furia din ani de t\u0103cere s-au topit \u00een acel moment. Lidia, st\u00e2nd \u00een prag, privea scena f\u0103r\u0103 s\u0103 respire.<\/p>\n\n\n\n<p><\/p>\n\n\n\n<p>\u2014 Ea e Lidia, a spus Elena, tremur\u00e2nd. Nepoata ta.<\/p>\n\n\n\n<p><\/p>\n\n\n\n<p>B\u0103tr\u00e2na a \u00eentins m\u00e2na spre copil\u0103, cu un z\u00e2mbet obosit.<\/p>\n\n\n\n<p><br>\u2014 Seam\u0103n\u0103 cu tine c\u00e2nd erai mic\u0103.<\/p>\n\n\n\n<p><\/p>\n\n\n\n<p>\u00cen acea clip\u0103, totul s-a limpezit. Nu mai era vorba despre vin\u0103, ci despre vindecare. Despre o mam\u0103 care \u0219i-a pierdut fiica \u0219i o fiic\u0103 ce, \u00een ciuda durerii, s-a \u00eentors.<\/p>\n\n\n\n<p><\/p>\n\n\n\n<p>Dup\u0103 c\u00e2teva zile, mama ei s-a stins lini\u0219tit, \u021bin\u00e2ndu-i m\u00e2na. Elena a r\u0103mas \u00een cas\u0103, privind pe geam la ploaia care \u00eencepea s\u0103 cad\u0103 u\u0219or, ca o binecuv\u00e2ntare.<\/p>\n\n\n\n<p><\/p>\n\n\n\n<p>Lidia s-a apropiat \u0219i a spus:<\/p>\n\n\n\n<p><br>\u2014 Mami, acum putem pleca?<\/p>\n\n\n\n<p><\/p>\n\n\n\n<p>Elena a z\u00e2mbit cu bl\u00e2nde\u021be.<\/p>\n\n\n\n<p><br>\u2014 Nu, iubito. Acum putem r\u0103m\u00e2ne.<\/p>\n\n\n\n<p><\/p>\n\n\n\n<p>\u0218i, pentru prima dat\u0103 dup\u0103 paisprezece ani, casa aceea n-a mai p\u0103rut o povar\u0103. Ci un loc unde durerea \u0219i iubirea au \u00eenv\u0103\u021bat, \u00een sf\u00e2r\u0219it, s\u0103 tr\u0103iasc\u0103 \u00eempreun\u0103.<\/p>\n\n\n\n<p><\/p>\n\n\n\n<p><em>Aceast\u0103 lucrare este inspirat\u0103 din evenimente \u0219i persoane reale, \u00eens\u0103 a fost fic\u021bionalizat\u0103 \u00een scopuri creative. Numele, personajele \u0219i detaliile au fost schimbate pentru a proteja intimitatea \u0219i pentru a \u00eembun\u0103t\u0103\u021bi nara\u021biunea. Orice asem\u0103nare cu persoane reale, \u00een via\u021b\u0103 sau decedate, sau cu evenimente reale este pur \u00eent\u00e2mpl\u0103toare \u0219i nu este inten\u021bionat\u0103 de c\u0103tre autor.<\/em><\/p>\n\n\n\n<p><em>Autorul \u0219i editorul nu \u00ee\u0219i asum\u0103 responsabilitatea pentru exactitatea evenimentelor sau pentru modul \u00een care sunt portretizate personajele \u0219i nu sunt r\u0103spunz\u0103tori pentru eventuale interpret\u0103ri gre\u0219ite. Aceast\u0103 poveste este oferit\u0103 \u201eca atare\u201d, iar orice opinii exprimate apar\u021bin personajelor \u0219i nu reflect\u0103 punctele de vedere ale autorului sau ale editorului.<\/em><\/p>\n","protected":false},"excerpt":{"rendered":"<p>Drumul spre\u00a0Valea Bradului\u00a0p\u0103rea mai lung ca oric\u00e2nd. Peisajul era acela\u0219i, dar nimic nu mai avea gustul copil\u0103riei. Casele, c\u00e2mpurile, chiar \u0219i aerul p\u0103reau s\u0103 o<\/p>\n","protected":false},"author":1,"featured_media":40654,"comment_status":"closed","ping_status":"closed","sticky":false,"template":"","format":"standard","meta":[],"categories":[1],"tags":[],"_links":{"self":[{"href":"https:\/\/calatorinromania.com\/index.php?rest_route=\/wp\/v2\/posts\/42513"}],"collection":[{"href":"https:\/\/calatorinromania.com\/index.php?rest_route=\/wp\/v2\/posts"}],"about":[{"href":"https:\/\/calatorinromania.com\/index.php?rest_route=\/wp\/v2\/types\/post"}],"author":[{"embeddable":true,"href":"https:\/\/calatorinromania.com\/index.php?rest_route=\/wp\/v2\/users\/1"}],"replies":[{"embeddable":true,"href":"https:\/\/calatorinromania.com\/index.php?rest_route=%2Fwp%2Fv2%2Fcomments&post=42513"}],"version-history":[{"count":1,"href":"https:\/\/calatorinromania.com\/index.php?rest_route=\/wp\/v2\/posts\/42513\/revisions"}],"predecessor-version":[{"id":42514,"href":"https:\/\/calatorinromania.com\/index.php?rest_route=\/wp\/v2\/posts\/42513\/revisions\/42514"}],"wp:featuredmedia":[{"embeddable":true,"href":"https:\/\/calatorinromania.com\/index.php?rest_route=\/wp\/v2\/media\/40654"}],"wp:attachment":[{"href":"https:\/\/calatorinromania.com\/index.php?rest_route=%2Fwp%2Fv2%2Fmedia&parent=42513"}],"wp:term":[{"taxonomy":"category","embeddable":true,"href":"https:\/\/calatorinromania.com\/index.php?rest_route=%2Fwp%2Fv2%2Fcategories&post=42513"},{"taxonomy":"post_tag","embeddable":true,"href":"https:\/\/calatorinromania.com\/index.php?rest_route=%2Fwp%2Fv2%2Ftags&post=42513"}],"curies":[{"name":"wp","href":"https:\/\/api.w.org\/{rel}","templated":true}]}}